{"id":119816,"date":"2023-02-21T23:33:05","date_gmt":"2023-02-22T02:33:05","guid":{"rendered":"http:\/\/www.24baires.com\/?p=119816"},"modified":"2023-02-21T23:33:05","modified_gmt":"2023-02-22T02:33:05","slug":"precios-justos-multas-y-clausura-de-un-hipermercado-por-incumplimiento-del-programa","status":"publish","type":"post","link":"https:\/\/www.24baires.com\/?p=119816","title":{"rendered":"Precios Justos: multas y clausura de un hipermercado por incumplimiento del programa"},"content":{"rendered":"<p><img data-recalc-dims=\"1\" loading=\"lazy\" decoding=\"async\" class=\"aligncenter wp-image-119817\" src=\"https:\/\/i0.wp.com\/www.24baires.com\/wp-content\/uploads\/2023\/02\/Pj0kny64n_1300x655__2.jpg?resize=720%2C383\" alt=\"\" width=\"720\" height=\"383\" srcset=\"https:\/\/i0.wp.com\/www.24baires.com\/wp-content\/uploads\/2023\/02\/Pj0kny64n_1300x655__2.jpg?w=1230&amp;ssl=1 1230w, https:\/\/i0.wp.com\/www.24baires.com\/wp-content\/uploads\/2023\/02\/Pj0kny64n_1300x655__2.jpg?resize=300%2C160&amp;ssl=1 300w, https:\/\/i0.wp.com\/www.24baires.com\/wp-content\/uploads\/2023\/02\/Pj0kny64n_1300x655__2.jpg?resize=1024%2C545&amp;ssl=1 1024w, https:\/\/i0.wp.com\/www.24baires.com\/wp-content\/uploads\/2023\/02\/Pj0kny64n_1300x655__2.jpg?resize=768%2C409&amp;ssl=1 768w\" sizes=\"auto, (max-width: 720px) 100vw, 720px\" \/>En una semana se labraron 769 multas a empresas alimenticias y cadena de supermercados por m\u00e1s de 800 millones de pesos. Las irregularidades que se detectaron y el caso de la sucursal que fue cerrada en el partido bonaerense de San Mart\u00edn.<!--more--><\/p>\n<p>La Secretar\u00eda de Comercio labr\u00f3 769 multas a empresas alimenticias y supermercados por $ 806.450.000 en la \u00faltima semana debido a diversos tipos de irregularidades en torno del cumplimiento del programa Precios Justos, seg\u00fan indic\u00f3 este martes por la ma\u00f1ana el titular del \u00e1rea, Mat\u00edas Tombolini.<\/p>\n<p>\u201cEsta semana estamos con 769 multas por $ 806.450.000 por faltantes de stock, falta de carteler\u00eda, uso de carteles en g\u00f3ndolas en productos que no forman parte del programa, duplicidad de etiquetado; y esto de alg\u00fan modo es un paso m\u00e1s en la idea de que no podemos llevar orden en los precios y construir previsibilidad si permitimos los abusos\u201d, manifest\u00f3 el funcionario.<\/p>\n<p>Las multas \u2013se\u00f1al\u00f3 Tombolini- se desplegaron tanto en cadenas de supermercados como \u201cD\u00eda, Carrefour, las del Grupo Cencosud (Disco, Vea, Jumbo) y el mayorista Maxiconsumo\u201d; como en empresas alimenticias como \u201cCabrales y Nestl\u00e9\u201d. El secretario explic\u00f3 que, luego de labrase el acta, \u201cse le da el descargo a quien se le imputa y despu\u00e9s se procede a la multa\u201d.<\/p>\n<p>Clausura<br \/>\nUno de los casos es el de una sucursal de la cadena Jumbo ubicada en San Lorenzo 3773, en el partido bonaerense de San Mart\u00edn, la cual fue clausurada anoche tras un operativo \u201crel\u00e1mpago\u201d realizado en conjunto entre la Secretar\u00eda de Comercio y la Subsecretar\u00eda de Defensa al Consumidor de la Municipalidad de San Mart\u00edn junto con el \u00e1rea de habilitaciones del municipio.<\/p>\n<p>\u201cRecibimos cinco alertas en un periodo muy corto de tiempo. Esto indica un faltante severo que luego se verific\u00f3, despleg\u00e1ndose sobre las horas de la noche un operativo donde encontramos 32 productos que directamente no ten\u00edan stock y m\u00e1s de 14 productos que presentaban un faltante\u201d, relat\u00f3 Tombolini.<\/p>\n","protected":false},"excerpt":{"rendered":"<p>En una semana se labraron 769 multas a empresas alimenticias y cadena de supermercados por m\u00e1s de 800 millones de pesos. Las irregularidades que se detectaron y el caso de la sucursal que fue cerrada en el partido bonaerense de San Mart\u00edn.<\/p>\n","protected":false},"author":4,"featured_media":0,"comment_status":"closed","ping_status":"closed","sticky":false,"template":"","format":"standard","meta":{"_jetpack_newsletter_access":"","_jetpack_dont_email_post_to_subs":false,"_jetpack_newsletter_tier_id":0,"_jetpack_memberships_contains_paywalled_content":false,"_jetpack_memberships_contains_paid_content":false,"footnotes":""},"categories":[45],"tags":[],"class_list":["post-119816","post","type-post","status-publish","format-standard","hentry","category-economia"],"jetpack_featured_media_url":"","jetpack_shortlink":"https:\/\/wp.me\/p2JWE0-vaw","jetpack-related-posts":[{"id":41569,"url":"https:\/\/www.24baires.com\/?p=41569","url_meta":{"origin":119816,"position":0},"title":"Sumar\u00e1n nuevas marcas de yerba y az\u00facar a los Precios Cuidados","author":"Grupo Sierra","date":"05\/03\/2014","format":false,"excerpt":"El secretario de Comercio Interior, Augusto Costa, anunci\u00f3 que ampliar\u00edan la oferta de yerba y az\u00facar en la lista de Precios Cuidados para que no haya faltantes en las g\u00f3ndolas. Y alert\u00f3 que podr\u00edan clausurar a los supermercados que cometan incumplimientos \"seriales\". El titular de Comercio Interior reconoci\u00f3 que \u201cel\u2026","rel":"","context":"En \u00abEconom\u00eda\u00bb","block_context":{"text":"Econom\u00eda","link":"https:\/\/www.24baires.com\/?cat=45"},"img":{"alt_text":"mercado","src":"https:\/\/i0.wp.com\/www.24baires.com\/wp-content\/uploads\/2014\/01\/mercado.jpg?resize=350%2C200","width":350,"height":200,"srcset":"https:\/\/i0.wp.com\/www.24baires.com\/wp-content\/uploads\/2014\/01\/mercado.jpg?resize=350%2C200 1x, https:\/\/i0.wp.com\/www.24baires.com\/wp-content\/uploads\/2014\/01\/mercado.jpg?resize=525%2C300 1.5x"},"classes":[]},{"id":120125,"url":"https:\/\/www.24baires.com\/?p=120125","url_meta":{"origin":119816,"position":1},"title":"Suspenden al supermercado D\u00eda por incumplir con Precios Justos","author":"AF","date":"24\/05\/2023","format":false,"excerpt":"La decisi\u00f3n oficial se tom\u00f3 tras la realizaci\u00f3n de operativos de control en m\u00e1s de 120 sucursales, en los que se comprobaron aumentos del orden del 8,33% promedio en los productos que forman parte del programa, 3,33 puntos por encima del 5% acordado. La Secretar\u00eda de Comercio suspendi\u00f3 a la\u2026","rel":"","context":"En \u00abSociedad\u00bb","block_context":{"text":"Sociedad","link":"https:\/\/www.24baires.com\/?cat=1"},"img":{"alt_text":"","src":"https:\/\/i0.wp.com\/www.24baires.com\/wp-content\/uploads\/2023\/05\/afip.jpg?resize=350%2C200","width":350,"height":200,"srcset":"https:\/\/i0.wp.com\/www.24baires.com\/wp-content\/uploads\/2023\/05\/afip.jpg?resize=350%2C200 1x, https:\/\/i0.wp.com\/www.24baires.com\/wp-content\/uploads\/2023\/05\/afip.jpg?resize=525%2C300 1.5x, https:\/\/i0.wp.com\/www.24baires.com\/wp-content\/uploads\/2023\/05\/afip.jpg?resize=700%2C400 2x"},"classes":[]},{"id":119752,"url":"https:\/\/www.24baires.com\/?p=119752","url_meta":{"origin":119816,"position":2},"title":"Precios Justos se extiende hasta julio y suma 124 empresas","author":"AF","date":"27\/01\/2023","format":false,"excerpt":"El secretario de Comercio, Mat\u00edas Tombolini, inform\u00f3 que pr\u00f3ximamente ser\u00e1n 482 las empresas participantes del programa \u201cPrecios Justos\u201d. Este viernes, el secretario de Comercio, Mat\u00edas Tombolini, destac\u00f3 que el programa Precios Justos sumar\u00e1 en pocos d\u00edas a unas 124 empresas con lo cual alcanzar\u00e1 a 482 participantes. \u201cVamos camino a\u2026","rel":"","context":"En \u00abEconom\u00eda\u00bb","block_context":{"text":"Econom\u00eda","link":"https:\/\/www.24baires.com\/?cat=45"},"img":{"alt_text":"","src":"https:\/\/i0.wp.com\/www.24baires.com\/wp-content\/uploads\/2015\/02\/precios-acordados-g%C3%B3ndola-super.jpg?resize=350%2C200","width":350,"height":200,"srcset":"https:\/\/i0.wp.com\/www.24baires.com\/wp-content\/uploads\/2015\/02\/precios-acordados-g%C3%B3ndola-super.jpg?resize=350%2C200 1x, https:\/\/i0.wp.com\/www.24baires.com\/wp-content\/uploads\/2015\/02\/precios-acordados-g%C3%B3ndola-super.jpg?resize=525%2C300 1.5x, https:\/\/i0.wp.com\/www.24baires.com\/wp-content\/uploads\/2015\/02\/precios-acordados-g%C3%B3ndola-super.jpg?resize=700%2C400 2x"},"classes":[]},{"id":114654,"url":"https:\/\/www.24baires.com\/?p=114654","url_meta":{"origin":119816,"position":3},"title":"Kicillof multar\u00e1 a D\u00e1nica por despedir trabajadores en medio de la pandemia","author":"GB","date":"09\/04\/2020","format":false,"excerpt":"La empresa alimenticia falt\u00f3 al decreto que dispuso el Presidente el pasado 1 de abril que proh\u00edbe despidos y suspensiones sin justa causa y por fuerza mayor. El Gobierno bonaerense abri\u00f3 un procedimiento que podr\u00eda terminar en una fuerte multa contra la compa\u00f1\u00eda D\u00e1nica por violar una conciliaci\u00f3n obligatoria dispuesta\u2026","rel":"","context":"En \u00abProvincia\u00bb","block_context":{"text":"Provincia","link":"https:\/\/www.24baires.com\/?cat=40"},"img":{"alt_text":"","src":"https:\/\/i0.wp.com\/www.24baires.com\/wp-content\/uploads\/2020\/04\/danica.jpeg?resize=350%2C200","width":350,"height":200,"srcset":"https:\/\/i0.wp.com\/www.24baires.com\/wp-content\/uploads\/2020\/04\/danica.jpeg?resize=350%2C200 1x, https:\/\/i0.wp.com\/www.24baires.com\/wp-content\/uploads\/2020\/04\/danica.jpeg?resize=525%2C300 1.5x"},"classes":[]},{"id":39408,"url":"https:\/\/www.24baires.com\/?p=39408","url_meta":{"origin":119816,"position":4},"title":"Acuerdo de precios: advierten que multar\u00e1n y clausurar\u00e1n a quienes no cumplan","author":"Grupo Sierra","date":"28\/01\/2014","format":false,"excerpt":"El gobierno sostuvo que no permitir\u00e1 que \"nadie se apropie del excedente de la cadena de valor\", ante el incremento registrado en la cotizaci\u00f3n del d\u00f3lar y advirti\u00f3 sobre la posibilidad de aplicar multas y clausuras a los que no cumplan con los acuerdos de precios e incrementen de manera\u2026","rel":"","context":"En \u00abEconom\u00eda\u00bb","block_context":{"text":"Econom\u00eda","link":"https:\/\/www.24baires.com\/?cat=45"},"img":{"alt_text":"superchino","src":"https:\/\/i0.wp.com\/www.24baires.com\/wp-content\/uploads\/2013\/12\/superchino.jpg?resize=350%2C200","width":350,"height":200,"srcset":"https:\/\/i0.wp.com\/www.24baires.com\/wp-content\/uploads\/2013\/12\/superchino.jpg?resize=350%2C200 1x, https:\/\/i0.wp.com\/www.24baires.com\/wp-content\/uploads\/2013\/12\/superchino.jpg?resize=525%2C300 1.5x"},"classes":[]},{"id":40453,"url":"https:\/\/www.24baires.com\/?p=40453","url_meta":{"origin":119816,"position":5},"title":"Precios Cuidados: anunciaron multas de hasta 1,3 millones de pesos","author":"Grupo Sierra","date":"14\/02\/2014","format":false,"excerpt":"El ministro de Econom\u00eda, Axel Kicillof, y el secretario de Comercio, Augusto Costa, anunciaron sanciones para ocho supermercados por incumplimientos del Programa Precios Cuidados. En una conferencia de prensa brindada en el Microcine del Palacio de Hacienda, Costa precis\u00f3 que la multa m\u00e1s alta fue aplicada a la cadena Carrefour,\u2026","rel":"","context":"En \u00abEconom\u00eda\u00bb","block_context":{"text":"Econom\u00eda","link":"https:\/\/www.24baires.com\/?cat=45"},"img":{"alt_text":"kicillof-capitanich","src":"https:\/\/i0.wp.com\/www.24baires.com\/wp-content\/uploads\/2014\/01\/kicillof-capitanich.jpg?resize=350%2C200","width":350,"height":200,"srcset":"https:\/\/i0.wp.com\/www.24baires.com\/wp-content\/uploads\/2014\/01\/kicillof-capitanich.jpg?resize=350%2C200 1x, https:\/\/i0.wp.com\/www.24baires.com\/wp-content\/uploads\/2014\/01\/kicillof-capitanich.jpg?resize=525%2C300 1.5x"},"classes":[]}],"jetpack_sharing_enabled":true,"jetpack_likes_enabled":true,"_links":{"self":[{"href":"https:\/\/www.24baires.com\/index.php?rest_route=\/wp\/v2\/posts\/119816","targetHints":{"allow":["GET"]}}],"collection":[{"href":"https:\/\/www.24baires.com\/index.php?rest_route=\/wp\/v2\/posts"}],"about":[{"href":"https:\/\/www.24baires.com\/index.php?rest_route=\/wp\/v2\/types\/post"}],"author":[{"embeddable":true,"href":"https:\/\/www.24baires.com\/index.php?rest_route=\/wp\/v2\/users\/4"}],"replies":[{"embeddable":true,"href":"https:\/\/www.24baires.com\/index.php?rest_route=%2Fwp%2Fv2%2Fcomments&post=119816"}],"version-history":[{"count":2,"href":"https:\/\/www.24baires.com\/index.php?rest_route=\/wp\/v2\/posts\/119816\/revisions"}],"predecessor-version":[{"id":119820,"href":"https:\/\/www.24baires.com\/index.php?rest_route=\/wp\/v2\/posts\/119816\/revisions\/119820"}],"wp:attachment":[{"href":"https:\/\/www.24baires.com\/index.php?rest_route=%2Fwp%2Fv2%2Fmedia&parent=119816"}],"wp:term":[{"taxonomy":"category","embeddable":true,"href":"https:\/\/www.24baires.com\/index.php?rest_route=%2Fwp%2Fv2%2Fcategories&post=119816"},{"taxonomy":"post_tag","embeddable":true,"href":"https:\/\/www.24baires.com\/index.php?rest_route=%2Fwp%2Fv2%2Ftags&post=119816"}],"curies":[{"name":"wp","href":"https:\/\/api.w.org\/{rel}","templated":true}]}}