{"id":119796,"date":"2023-02-14T20:20:30","date_gmt":"2023-02-14T23:20:30","guid":{"rendered":"http:\/\/www.24baires.com\/?p=119796"},"modified":"2023-02-14T20:20:30","modified_gmt":"2023-02-14T23:20:30","slug":"segun-el-indec-la-inflacion-de-enero-fue-del-6","status":"publish","type":"post","link":"https:\/\/www.24baires.com\/?p=119796","title":{"rendered":"Seg\u00fan el Indec, la inflaci\u00f3n de enero fue del 6%"},"content":{"rendered":"<p><img data-recalc-dims=\"1\" loading=\"lazy\" decoding=\"async\" class=\"aligncenter wp-image-118728\" src=\"https:\/\/i0.wp.com\/www.24baires.com\/wp-content\/uploads\/2022\/04\/61b8c911edf0c_900.jpg?resize=720%2C405\" alt=\"\" width=\"720\" height=\"405\" srcset=\"https:\/\/i0.wp.com\/www.24baires.com\/wp-content\/uploads\/2022\/04\/61b8c911edf0c_900.jpg?w=900&amp;ssl=1 900w, https:\/\/i0.wp.com\/www.24baires.com\/wp-content\/uploads\/2022\/04\/61b8c911edf0c_900.jpg?resize=300%2C169&amp;ssl=1 300w, https:\/\/i0.wp.com\/www.24baires.com\/wp-content\/uploads\/2022\/04\/61b8c911edf0c_900.jpg?resize=768%2C432&amp;ssl=1 768w\" sizes=\"auto, (max-width: 720px) 100vw, 720px\" \/>La inflaci\u00f3n minorista acumula un alza del 98,8% en los \u00faltimos 12 meses. Los rubros \u00abRecreaci\u00f3n y cultura\u00bb (9%), \u00abVivienda, agua, electricidad y otros combustibles\u00bb (8%) y \u00abAlimentos y bebidas no alcoh\u00f3licas\u00bb (6,8%) impulsaron el aumento.<!--more--><\/p>\n<p>El \u00edndice de precios al consumidor (IPC) registr\u00f3 en enero un incremento de 6%, impulsado por los rubros \u00abRecreaci\u00f3n y cultura\u00bb, que subieron 9%; \u00abVivienda, agua, electricidad y otros combustibles\u00bb, con un avance del 8 %; y \u00abAlimentos y bebidas no alcoh\u00f3licas\u00bb, con un aumento del 6,8% respecto al mes previo, inform\u00f3 este martes el Instituto Nacional de Estad\u00edstica y Censos (Indec).<\/p>\n<p>De esta manera, la inflaci\u00f3n minorista se coloc\u00f3 nueve d\u00e9cimas por encima del 5,1% de diciembre pasado y acumula un alza del 98,8% en los \u00faltimos 12 meses.<\/p>\n<p>Al interior del rubro \u201cAlimentos y Bebidas\u201d, el de mayor peso estad\u00edstico dentro del \u00edndice, se destac\u00f3 la suba de los precios de los productos estacionales, en especial frutas y verduras, tub\u00e9rculos y legumbres.<\/p>\n<p>A esto se sum\u00f3, si bien con un menor incremento que en los estacionales, el incremento del precio del Pan y cereales, y de Carnes y derivados.<\/p>\n<p>A nivel de las categor\u00edas, los productos y servicios Estacionales registraron una suba del 7,9%; mientras que los Regulados -entre los que se encuentra el transporte y la electricidad, entre otros, avanz\u00f3 7,1%.<\/p>\n<p>Por \u00faltimo, el IPC N\u00facleo -que mide la evoluci\u00f3n de los productos que no est\u00e1n sujetos a cuestiones coyunturales- registr\u00f3 un incremento de 5,4%.<\/p>\n","protected":false},"excerpt":{"rendered":"<p>La inflaci\u00f3n minorista acumula un alza del 98,8% en los \u00faltimos 12 meses. Los rubros \u00abRecreaci\u00f3n y cultura\u00bb (9%), \u00abVivienda, agua, electricidad y otros combustibles\u00bb (8%) y \u00abAlimentos y bebidas no alcoh\u00f3licas\u00bb (6,8%) impulsaron el aumento.<\/p>\n","protected":false},"author":4,"featured_media":0,"comment_status":"closed","ping_status":"closed","sticky":false,"template":"","format":"standard","meta":{"_jetpack_newsletter_access":"","_jetpack_dont_email_post_to_subs":false,"_jetpack_newsletter_tier_id":0,"_jetpack_memberships_contains_paywalled_content":false,"_jetpack_memberships_contains_paid_content":false,"footnotes":""},"categories":[45],"tags":[],"class_list":["post-119796","post","type-post","status-publish","format-standard","hentry","category-economia"],"jetpack_featured_media_url":"","jetpack_shortlink":"https:\/\/wp.me\/p2JWE0-vac","jetpack-related-posts":[{"id":111201,"url":"https:\/\/www.24baires.com\/?p=111201","url_meta":{"origin":119796,"position":0},"title":"La inflaci\u00f3n oficial de junio fue de 2,7% y acumula 22,4% en seis meses","author":"AF","date":"16\/07\/2019","format":false,"excerpt":"La inflaci\u00f3n de junio fue de 2,7% y acumula 22,4% en seis meses, seg\u00fan el Indec. En s\u00f3lo 6 meses, la inflaci\u00f3n ya alcanz\u00f3 la meta prevista por el Gobierno para todo 2019 que hab\u00eda estimado en 23%. Los precios minoristas aumentaron 2,7% en junio y acumularon en primer semestre\u2026","rel":"","context":"En \u00abSociedad\u00bb","block_context":{"text":"Sociedad","link":"https:\/\/www.24baires.com\/?cat=1"},"img":{"alt_text":"","src":"https:\/\/i0.wp.com\/www.24baires.com\/wp-content\/uploads\/2018\/08\/supermercado.jpg?resize=350%2C200","width":350,"height":200,"srcset":"https:\/\/i0.wp.com\/www.24baires.com\/wp-content\/uploads\/2018\/08\/supermercado.jpg?resize=350%2C200 1x, https:\/\/i0.wp.com\/www.24baires.com\/wp-content\/uploads\/2018\/08\/supermercado.jpg?resize=525%2C300 1.5x"},"classes":[]},{"id":119103,"url":"https:\/\/www.24baires.com\/?p=119103","url_meta":{"origin":119796,"position":1},"title":"La inflaci\u00f3n de junio fue del 5,3%","author":"AF","date":"14\/07\/2022","format":false,"excerpt":"Los precios al consumidor subieron ese porcentaje respecto de mayo, y 64% interanual. Acumularon un alza de 36,2% en el primer semestre. El rubro con mayor incremento fue Salud. El \u00edndice de precios al consumidor mostr\u00f3 un incremento del 5,3% en junio, con lo que acumul\u00f3 un alza del 36,2\u2026","rel":"","context":"En \u00abEconom\u00eda\u00bb","block_context":{"text":"Econom\u00eda","link":"https:\/\/www.24baires.com\/?cat=45"},"img":{"alt_text":"","src":"https:\/\/i0.wp.com\/www.24baires.com\/wp-content\/uploads\/2020\/05\/supermercado.jpg?resize=350%2C200","width":350,"height":200,"srcset":"https:\/\/i0.wp.com\/www.24baires.com\/wp-content\/uploads\/2020\/05\/supermercado.jpg?resize=350%2C200 1x, https:\/\/i0.wp.com\/www.24baires.com\/wp-content\/uploads\/2020\/05\/supermercado.jpg?resize=525%2C300 1.5x, https:\/\/i0.wp.com\/www.24baires.com\/wp-content\/uploads\/2020\/05\/supermercado.jpg?resize=700%2C400 2x"},"classes":[]},{"id":108195,"url":"https:\/\/www.24baires.com\/?p=108195","url_meta":{"origin":119796,"position":2},"title":"La inflaci\u00f3n sigue subiendo y acumula 55,8% en los \u00faltimos doce meses","author":"AF","date":"15\/05\/2019","format":false,"excerpt":"Las prendas de vestir y el calzado fue lo que m\u00e1s subi\u00f3 el mes pasado, seguido por transporte, restaurantes y salud. Entre los alimentos, los l\u00e1cteos lideraron las alzas con los quesos a la cabeza. Las consultoras privadas hab\u00edan estimado entre 4% y 4,7% de aumento de precios en abril.\u2026","rel":"","context":"En \u00abSociedad\u00bb","block_context":{"text":"Sociedad","link":"https:\/\/www.24baires.com\/?cat=1"},"img":{"alt_text":"","src":"https:\/\/i0.wp.com\/www.24baires.com\/wp-content\/uploads\/2016\/05\/supermercado-vac%C3%ADo.jpg?resize=350%2C200","width":350,"height":200,"srcset":"https:\/\/i0.wp.com\/www.24baires.com\/wp-content\/uploads\/2016\/05\/supermercado-vac%C3%ADo.jpg?resize=350%2C200 1x, https:\/\/i0.wp.com\/www.24baires.com\/wp-content\/uploads\/2016\/05\/supermercado-vac%C3%ADo.jpg?resize=525%2C300 1.5x"},"classes":[]},{"id":120186,"url":"https:\/\/www.24baires.com\/?p=120186","url_meta":{"origin":119796,"position":3},"title":"Seg\u00fan el Indec, la inflaci\u00f3n de mayo fue del 7,8%","author":"AF","date":"14\/06\/2023","format":false,"excerpt":"Seg\u00fan los datos oficiales del Instituto Nacional de Estad\u00edsticas y Censos (Indec), la inflaci\u00f3n minorista de los primeros cinco meses de 2023 fue del 42,2 por ciento. El \u00edndice de precios al consumidor (IPC) subi\u00f3 7,8% en mayo, por debajo del 8,4% que registr\u00f3 en abril pasado, inform\u00f3 este mi\u00e9rcoles\u2026","rel":"","context":"En \u00abEconom\u00eda\u00bb","block_context":{"text":"Econom\u00eda","link":"https:\/\/www.24baires.com\/?cat=45"},"img":{"alt_text":"","src":"https:\/\/i0.wp.com\/www.24baires.com\/wp-content\/uploads\/2023\/06\/supermercado.jpg?resize=350%2C200","width":350,"height":200,"srcset":"https:\/\/i0.wp.com\/www.24baires.com\/wp-content\/uploads\/2023\/06\/supermercado.jpg?resize=350%2C200 1x, https:\/\/i0.wp.com\/www.24baires.com\/wp-content\/uploads\/2023\/06\/supermercado.jpg?resize=525%2C300 1.5x, https:\/\/i0.wp.com\/www.24baires.com\/wp-content\/uploads\/2023\/06\/supermercado.jpg?resize=700%2C400 2x"},"classes":[]},{"id":117179,"url":"https:\/\/www.24baires.com\/?p=117179","url_meta":{"origin":119796,"position":4},"title":"El \u00cdndice de Precios al Consumidor subi\u00f3 4% en enero","author":"AF","date":"11\/02\/2021","format":false,"excerpt":"El Instituto Nacional de Estad\u00edstica y Censos (Indec) inform\u00f3 que el rubro Alimentos y Bebidas subi\u00f3 4,8%, Comunicaci\u00f3n 15% y Restaurantes y Hoteles 5,4%. El \u00cdndice de Precios al Consumidor (IPC-Costo de Vida) aument\u00f3 4% durante enero, debido a las subas del 15,1% en el sector de comunicaciones, del 5,4%\u2026","rel":"","context":"En \u00abEconom\u00eda\u00bb","block_context":{"text":"Econom\u00eda","link":"https:\/\/www.24baires.com\/?cat=45"},"img":{"alt_text":"","src":"https:\/\/i0.wp.com\/www.24baires.com\/wp-content\/uploads\/2018\/08\/supermercado.jpg?resize=350%2C200","width":350,"height":200,"srcset":"https:\/\/i0.wp.com\/www.24baires.com\/wp-content\/uploads\/2018\/08\/supermercado.jpg?resize=350%2C200 1x, https:\/\/i0.wp.com\/www.24baires.com\/wp-content\/uploads\/2018\/08\/supermercado.jpg?resize=525%2C300 1.5x"},"classes":[]},{"id":114379,"url":"https:\/\/www.24baires.com\/?p=114379","url_meta":{"origin":119796,"position":5},"title":"La inflaci\u00f3n de febrero fue del 2%, la m\u00e1s baja en dos a\u00f1os","author":"AF","date":"12\/03\/2020","format":false,"excerpt":"El INDEC inform\u00f3 adem\u00e1s que la inflaci\u00f3n en los \u00faltimos 12 meses trep\u00f3 al 50,3% y acumula un avance del 4,3% en lo que va del a\u00f1o. La inflaci\u00f3n en febrero 2%, el menor nivel en los \u00faltimos dos a\u00f1os y acumularon un alza del 50,3% en su medici\u00f3n interanual,\u2026","rel":"","context":"En \u00abEconom\u00eda\u00bb","block_context":{"text":"Econom\u00eda","link":"https:\/\/www.24baires.com\/?cat=45"},"img":{"alt_text":"","src":"https:\/\/i0.wp.com\/www.24baires.com\/wp-content\/uploads\/2016\/12\/supermercado.jpg?resize=350%2C200","width":350,"height":200,"srcset":"https:\/\/i0.wp.com\/www.24baires.com\/wp-content\/uploads\/2016\/12\/supermercado.jpg?resize=350%2C200 1x, https:\/\/i0.wp.com\/www.24baires.com\/wp-content\/uploads\/2016\/12\/supermercado.jpg?resize=525%2C300 1.5x"},"classes":[]}],"jetpack_sharing_enabled":true,"jetpack_likes_enabled":true,"_links":{"self":[{"href":"https:\/\/www.24baires.com\/index.php?rest_route=\/wp\/v2\/posts\/119796","targetHints":{"allow":["GET"]}}],"collection":[{"href":"https:\/\/www.24baires.com\/index.php?rest_route=\/wp\/v2\/posts"}],"about":[{"href":"https:\/\/www.24baires.com\/index.php?rest_route=\/wp\/v2\/types\/post"}],"author":[{"embeddable":true,"href":"https:\/\/www.24baires.com\/index.php?rest_route=\/wp\/v2\/users\/4"}],"replies":[{"embeddable":true,"href":"https:\/\/www.24baires.com\/index.php?rest_route=%2Fwp%2Fv2%2Fcomments&post=119796"}],"version-history":[{"count":1,"href":"https:\/\/www.24baires.com\/index.php?rest_route=\/wp\/v2\/posts\/119796\/revisions"}],"predecessor-version":[{"id":119797,"href":"https:\/\/www.24baires.com\/index.php?rest_route=\/wp\/v2\/posts\/119796\/revisions\/119797"}],"wp:attachment":[{"href":"https:\/\/www.24baires.com\/index.php?rest_route=%2Fwp%2Fv2%2Fmedia&parent=119796"}],"wp:term":[{"taxonomy":"category","embeddable":true,"href":"https:\/\/www.24baires.com\/index.php?rest_route=%2Fwp%2Fv2%2Fcategories&post=119796"},{"taxonomy":"post_tag","embeddable":true,"href":"https:\/\/www.24baires.com\/index.php?rest_route=%2Fwp%2Fv2%2Ftags&post=119796"}],"curies":[{"name":"wp","href":"https:\/\/api.w.org\/{rel}","templated":true}]}}