{"id":11979,"date":"2013-01-12T18:00:05","date_gmt":"2013-01-12T21:00:05","guid":{"rendered":"http:\/\/www.24baires.com\/?p=11979"},"modified":"2013-01-12T18:00:21","modified_gmt":"2013-01-12T21:00:21","slug":"caso-arruga-el-policia-detenido-admitio-que-luciano-estuvo-en-el-destacamento-de-lomas","status":"publish","type":"post","link":"https:\/\/www.24baires.com\/?p=11979","title":{"rendered":"Caso Arruga: el Polic\u00eda detenido admiti\u00f3 que Luciano estuvo en el destacamento de Lomas"},"content":{"rendered":"<p>Este s\u00e1bado trascendieron algunos puntos de la indagatoria del efectivo de la Bonaerense detenido por golpear salvajemente al joven antes de su desaparici\u00f3n. Tambi\u00e9n se conoci\u00f3 la declaraci\u00f3n de la jefa de Guardia de la seccional, que fue convocada por la Justicia en calidad de testigo. Piden la exoneraci\u00f3n de ambos polic\u00edas.<!--more--><\/p>\n<p>Los fiscales Carlos Arribas y Celia Cejas podr\u00edan solicitar en los pr\u00f3ximos d\u00edas al juez Garant\u00edas de La Matanza, Gustavo Banco, que ordene nuevas imputaciones y medidas de prueba en la causa por \u201cseveridades y vejaciones\u201d contra Luciano Arruga, en la que actualmente hay un solo detenido, el oficial Julio Diego Torales.<\/p>\n<p>El polic\u00eda, que fue separado preventivamente de la Bonaerense, declar\u00f3 el martes ante los fiscales y admiti\u00f3 que Luciano estuvo en la cocina del destacamento de Lomas del Mirador, partido de La Matanza, el 22 de septiembre de 2008, aunque neg\u00f3 que el adolescente haya sido maltratado o torturado, seg\u00fan revel\u00f3 hoy el diario P\u00e1gina 12.<\/p>\n<p>\u201cUbic\u00f3 el hecho en tiempo y espacio. Dijo que Arruga comenz\u00f3 a gritar cuando oy\u00f3 la voz de su hermana, Vanesa Orieta, en el destacamento. De alguna forma revela que exist\u00eda un hostigamiento contra Luciano\u201d, dijo una fuente de la investigaci\u00f3n al matutino porte\u00f1o.<\/p>\n<p>En su declaraci\u00f3n, Torales evit\u00f3 decir que el joven estaba detenido o demorado, aunque se registraron algunas contradicciones.<\/p>\n<p>Seg\u00fan el polic\u00eda, Arruga fue llevado al destacamento por \u201caveriguaci\u00f3n de identidad\u201d, luego de un supuesto robo a tres j\u00f3venes del barrio. \u201cEs decir que hab\u00eda una situaci\u00f3n de detenci\u00f3n. Torales asegur\u00f3 que lo manten\u00edan en la cocina porque estaban esperando un peritaje para acreditar la identidad de Arruga y dijo que la madre (M\u00f3nica Alegre) no ten\u00eda la documentaci\u00f3n para retirarlo\u201d, explic\u00f3 la fuente de P\u00e1gina 12.<\/p>\n<p>Sin embargo, Orieta sostiene que su hermano ten\u00eda encima la constancia de DNI en tr\u00e1mite. Tambi\u00e9n afirma que le hab\u00eda pedido auxilio esa tarde del 22 de septiembre de 2008 y que, entre otras cosas, grit\u00f3: \u201c\u00a1Vane, sacame de ac\u00e1 porque me est\u00e1n cagando a palos!\u201d.<\/p>\n<p>Adem\u00e1s de la declaraci\u00f3n de Torales, el martes se sum\u00f3 el testimonio en calidad de testigo de M\u00f3nica Viviana Chapero, quien ese d\u00eda estuvo como jefa de Guardia del destacamento de Lomas del Mirador. Al igual que su ex colega, reconoci\u00f3 que a Luciano se lo mantuvo en la cocina de la seccional, aunque tambi\u00e9n neg\u00f3 las vejaciones.<\/p>\n<p>De todos modos, ambos terminaron \u201cabonando la hip\u00f3tesis del hostigamiento\u201d que sufr\u00eda el joven antes de su desaparici\u00f3n, ocurrida el 31 de enero de 2009, por negarse a robar para la polic\u00eda.<\/p>\n<p>Tras estas declaraciones, los abogados de la familia y los organismos de derechos humanos que los acompa\u00f1an reclamaron al Ministerio de Justicia y Seguridad bonaerense, a cargo de Ricardo Casal, que exonere a Torales y a Chapero.<\/p>\n<p>\u201cHay elementos suficientes para que los dos sean exonerados. Permitieron el ingreso de un menor a un lugar que ni siquiera estaba habilitado para tener detenidos\u201d, se\u00f1al\u00f3 Maximiliano Medina, abogado del Centro de Estudios Legales y Sociales (CELS).<\/p>\n<p>Asimismo, reiter\u00f3 un pedido que vienen exigiendo los familiares y abogados: que la Justicia provincial cambie la car\u00e1tula de esta causa anexa a la de la desaparici\u00f3n de Arruga. \u201cSer\u00eda importante que cambie la calificaci\u00f3n de \u2018severidades y vejaciones\u2019 a \u2018torturas\u2019\u201d, apunt\u00f3 Medina y consider\u00f3 que los polic\u00edas involucrados \u201cno pod\u00edan ignorar la tortura, entre otras cosas\u201d.<\/p>\n<p>El juez Banco advirti\u00f3 que est\u00e1 acreditado \u201cprima facie\u201d que Torales y otros dos efectivos policiales sin identificar golpearon a Arruga, \u201cmientras se encontraba en el interior de esa dependencia y a la espera de la resoluci\u00f3n judicial que habr\u00eda de adoptar el juez a cargo del Tribunal de Menores 3; ocasion\u00e1ndole con dicho accionar, un traumatismo facial; al tiempo que el citado Torales le refer\u00eda que lo iba a llevar a la Comisar\u00eda Octava \u2018con todos los violines (violadores)\u2019\u201d.<\/p>\n<p>Banco, que investiga la causa por \u201cseveridades\u201d, declin\u00f3 el mi\u00e9rcoles pasado su competencia en la causa principal y la pas\u00f3 al fuero federal de Mor\u00f3n como \u201cdesaparici\u00f3n forzada de persona\u201d (hasta ese momento, la calificaci\u00f3n era \u201caveriguaci\u00f3n de paradero\u201d), luego de cuatro a\u00f1os sin registrar ning\u00fan avance significativo.<\/p>\n<p>&nbsp;<\/p>\n<p>&nbsp;<\/p>\n<p>&nbsp;<\/p>\n<p>&nbsp;<\/p>\n<p>&nbsp;<\/p>\n<p>&nbsp;<\/p>\n<p>&nbsp;<\/p>\n<p>&nbsp;<\/p>\n<p>&nbsp;<\/p>\n<p>&nbsp;<\/p>\n<p>&nbsp;<\/p>\n<p>&nbsp;<\/p>\n<p>&nbsp;<\/p>\n<p>&nbsp;<\/p>\n<p>&nbsp;<\/p>\n<p>&nbsp;<\/p>\n<p>&nbsp;<\/p>\n<p>&nbsp;<\/p>\n<p>&nbsp;<\/p>\n<p>&nbsp;<\/p>\n<p>&nbsp;<\/p>\n<p>&nbsp;<\/p>\n<p>&nbsp;<\/p>\n<p>&nbsp;<\/p>\n<p>&nbsp;<\/p>\n<p>&nbsp;<\/p>\n","protected":false},"excerpt":{"rendered":"<p>Este s\u00e1bado trascendieron algunos puntos de la indagatoria del efectivo de la Bonaerense detenido por golpear salvajemente al joven antes de su desaparici\u00f3n. Tambi\u00e9n se conoci\u00f3 la declaraci\u00f3n de la jefa de Guardia de la seccional, que fue convocada por la Justicia en calidad de testigo. Piden la exoneraci\u00f3n de ambos polic\u00edas.<\/p>\n","protected":false},"author":4,"featured_media":0,"comment_status":"open","ping_status":"open","sticky":false,"template":"","format":"standard","meta":{"_jetpack_newsletter_access":"","_jetpack_dont_email_post_to_subs":false,"_jetpack_newsletter_tier_id":0,"_jetpack_memberships_contains_paywalled_content":false,"_jetpack_memberships_contains_paid_content":false,"footnotes":""},"categories":[1],"tags":[],"class_list":["post-11979","post","type-post","status-publish","format-standard","hentry","category-sociedad"],"jetpack_featured_media_url":"","jetpack_shortlink":"https:\/\/wp.me\/p2JWE0-37d","jetpack-related-posts":[{"id":65219,"url":"https:\/\/www.24baires.com\/?p=65219","url_meta":{"origin":11979,"position":0},"title":"Comienza juicio oral a polic\u00eda acusado de torturar a Luciano Arruga","author":"AF","date":"02\/05\/2015","format":false,"excerpt":"Un ex polic\u00eda bonaerense comenzar\u00e1 a ser juzgado el lunes como acusado de las torturas sufridas en un destacamento de Lomas del Mirador en 2008 por el adolescente Luciano Arruga, quien desapareci\u00f3 cuatro meses despu\u00e9s de ese hecho. Se trata del oficial principal Julio Diego Torales (35), detenido desde enero\u2026","rel":"","context":"En \u00abJUDICIALES\u00bb","block_context":{"text":"JUDICIALES","link":"https:\/\/www.24baires.com\/?cat=68"},"img":{"alt_text":"arruga Luciano","src":"https:\/\/i0.wp.com\/www.24baires.com\/wp-content\/uploads\/2012\/12\/arruga-Luciano.jpg?resize=350%2C200","width":350,"height":200,"srcset":"https:\/\/i0.wp.com\/www.24baires.com\/wp-content\/uploads\/2012\/12\/arruga-Luciano.jpg?resize=350%2C200 1x, https:\/\/i0.wp.com\/www.24baires.com\/wp-content\/uploads\/2012\/12\/arruga-Luciano.jpg?resize=525%2C300 1.5x"},"classes":[]},{"id":65580,"url":"https:\/\/www.24baires.com\/?p=65580","url_meta":{"origin":11979,"position":1},"title":"Caso Arruga: Piden 10 a\u00f1os de prisi\u00f3n para el ex polic\u00eda acusado de torturar a Luciano","author":"GB","date":"08\/05\/2015","format":false,"excerpt":"En el marco del juicio al ex efectivo Julio Diego Torales, un fiscal solicit\u00f3 esa pena al dar por acreditado que tortur\u00f3 en un destacamento al adolescente en 2008. En el marco del juicio por las torturas previas a la desaparici\u00f3n de Luciano Arruga, un fiscal solicit\u00f3 este viernes 10\u2026","rel":"","context":"En \u00abJUDICIALES\u00bb","block_context":{"text":"JUDICIALES","link":"https:\/\/www.24baires.com\/?cat=68"},"img":{"alt_text":"arruga Luciano","src":"https:\/\/i0.wp.com\/www.24baires.com\/wp-content\/uploads\/2012\/12\/arruga-Luciano.jpg?resize=350%2C200","width":350,"height":200,"srcset":"https:\/\/i0.wp.com\/www.24baires.com\/wp-content\/uploads\/2012\/12\/arruga-Luciano.jpg?resize=350%2C200 1x, https:\/\/i0.wp.com\/www.24baires.com\/wp-content\/uploads\/2012\/12\/arruga-Luciano.jpg?resize=525%2C300 1.5x"},"classes":[]},{"id":57703,"url":"https:\/\/www.24baires.com\/?p=57703","url_meta":{"origin":11979,"position":2},"title":"Juicio pol\u00edtico para un juez y dos fiscales del caso Luciano Arruga","author":"AF","date":"26\/11\/2014","format":false,"excerpt":"Son las fiscales Roxana Castelli y Celia Cejas y el juez de Garant\u00edas Gustavo Banco, del Departamento Judicial La Matanza. Est\u00e1n acusados de haber entorpecido la investigaci\u00f3n. A partir de ahora se iniciar\u00e1 el sumario para formalizar la acusaci\u00f3n y decidir sobre la actuaci\u00f3n de los funcionarios judiciales bonaerenses. El\u2026","rel":"","context":"En \u00abJUDICIALES\u00bb","block_context":{"text":"JUDICIALES","link":"https:\/\/www.24baires.com\/?cat=68"},"img":{"alt_text":"arruga Luciano","src":"https:\/\/i0.wp.com\/www.24baires.com\/wp-content\/uploads\/2012\/12\/arruga-Luciano.jpg?resize=350%2C200","width":350,"height":200,"srcset":"https:\/\/i0.wp.com\/www.24baires.com\/wp-content\/uploads\/2012\/12\/arruga-Luciano.jpg?resize=350%2C200 1x, https:\/\/i0.wp.com\/www.24baires.com\/wp-content\/uploads\/2012\/12\/arruga-Luciano.jpg?resize=525%2C300 1.5x"},"classes":[]},{"id":32898,"url":"https:\/\/www.24baires.com\/?p=32898","url_meta":{"origin":11979,"position":3},"title":"La querella del caso de Luciano Arruga pedir\u00e1 un jury para dos funcionarios","author":"GB","date":"02\/10\/2013","format":false,"excerpt":"Lo hicieron durante una conferencia de prensa en el CELS. Anunciaron que pedir\u00e1n juicio pol\u00edtico contra los dos principales funcionarios que investigaron la causa antes de que pasara a la Justicia Federal: la fiscal Celia Cejas y el juez de Garant\u00edas de La Matanza, Gustavo Banco. Cada vez que los\u2026","rel":"","context":"En \u00abJUDICIALES\u00bb","block_context":{"text":"JUDICIALES","link":"https:\/\/www.24baires.com\/?cat=68"},"img":{"alt_text":"","src":"","width":0,"height":0},"classes":[]},{"id":73727,"url":"https:\/\/www.24baires.com\/?p=73727","url_meta":{"origin":11979,"position":4},"title":"A un a\u00f1o del hallazgo del cuerpo de Luciano Arruga a\u00fan no hay respuestas de qu\u00e9 pas\u00f3","author":"AF","date":"17\/10\/2015","format":false,"excerpt":"El Centro de Estudios Legales y Sociales (CELS) manifest\u00f3 que, a un a\u00f1o del hallazgo del cuerpo de Luciano Arruga, quien estuvo desaparecido durante seis a\u00f1os, la familia \"todav\u00eda no tiene respuestas\" sobre lo que le ocurri\u00f3 tras ser visto con vida por \u00faltima vez en 2009 en la localidad\u2026","rel":"","context":"En \u00abSociedad\u00bb","block_context":{"text":"Sociedad","link":"https:\/\/www.24baires.com\/?cat=1"},"img":{"alt_text":"arruga Luciano","src":"https:\/\/i0.wp.com\/www.24baires.com\/wp-content\/uploads\/2012\/12\/arruga-Luciano.jpg?resize=350%2C200","width":350,"height":200,"srcset":"https:\/\/i0.wp.com\/www.24baires.com\/wp-content\/uploads\/2012\/12\/arruga-Luciano.jpg?resize=350%2C200 1x, https:\/\/i0.wp.com\/www.24baires.com\/wp-content\/uploads\/2012\/12\/arruga-Luciano.jpg?resize=525%2C300 1.5x"},"classes":[]},{"id":57247,"url":"https:\/\/www.24baires.com\/?p=57247","url_meta":{"origin":11979,"position":5},"title":"El jurado de enjuiciamiento se reunir\u00e1 el pr\u00f3ximo martes en La Plata por el caso Arruga","author":"GB","date":"17\/11\/2014","format":false,"excerpt":"El Jurado de Enjuiciamiento de Magistrados y Funcionarios bonaerense se reunir\u00e1 el martes 25 para resolver si corresponde iniciar un jury a las dos fiscales y al juez de Garant\u00edas que investigaron la desaparici\u00f3n de Luciano Arruga, hallado enterrado como NN en el cementerio de la Chacarita, el 17 de\u2026","rel":"","context":"En \u00abJUDICIALES\u00bb","block_context":{"text":"JUDICIALES","link":"https:\/\/www.24baires.com\/?cat=68"},"img":{"alt_text":"luciano-arruga-foto","src":"https:\/\/i0.wp.com\/www.24baires.com\/wp-content\/uploads\/2014\/10\/luciano-arruga-foto.jpg?resize=350%2C200","width":350,"height":200,"srcset":"https:\/\/i0.wp.com\/www.24baires.com\/wp-content\/uploads\/2014\/10\/luciano-arruga-foto.jpg?resize=350%2C200 1x, https:\/\/i0.wp.com\/www.24baires.com\/wp-content\/uploads\/2014\/10\/luciano-arruga-foto.jpg?resize=525%2C300 1.5x"},"classes":[]}],"jetpack_sharing_enabled":true,"jetpack_likes_enabled":true,"_links":{"self":[{"href":"https:\/\/www.24baires.com\/index.php?rest_route=\/wp\/v2\/posts\/11979","targetHints":{"allow":["GET"]}}],"collection":[{"href":"https:\/\/www.24baires.com\/index.php?rest_route=\/wp\/v2\/posts"}],"about":[{"href":"https:\/\/www.24baires.com\/index.php?rest_route=\/wp\/v2\/types\/post"}],"author":[{"embeddable":true,"href":"https:\/\/www.24baires.com\/index.php?rest_route=\/wp\/v2\/users\/4"}],"replies":[{"embeddable":true,"href":"https:\/\/www.24baires.com\/index.php?rest_route=%2Fwp%2Fv2%2Fcomments&post=11979"}],"version-history":[{"count":3,"href":"https:\/\/www.24baires.com\/index.php?rest_route=\/wp\/v2\/posts\/11979\/revisions"}],"predecessor-version":[{"id":11992,"href":"https:\/\/www.24baires.com\/index.php?rest_route=\/wp\/v2\/posts\/11979\/revisions\/11992"}],"wp:attachment":[{"href":"https:\/\/www.24baires.com\/index.php?rest_route=%2Fwp%2Fv2%2Fmedia&parent=11979"}],"wp:term":[{"taxonomy":"category","embeddable":true,"href":"https:\/\/www.24baires.com\/index.php?rest_route=%2Fwp%2Fv2%2Fcategories&post=11979"},{"taxonomy":"post_tag","embeddable":true,"href":"https:\/\/www.24baires.com\/index.php?rest_route=%2Fwp%2Fv2%2Ftags&post=11979"}],"curies":[{"name":"wp","href":"https:\/\/api.w.org\/{rel}","templated":true}]}}