{"id":119752,"date":"2023-01-27T21:01:52","date_gmt":"2023-01-28T00:01:52","guid":{"rendered":"http:\/\/www.24baires.com\/?p=119752"},"modified":"2023-01-27T21:01:52","modified_gmt":"2023-01-28T00:01:52","slug":"precios-justos-se-extiende-hasta-julio-y-suma-124-empresas","status":"publish","type":"post","link":"https:\/\/www.24baires.com\/?p=119752","title":{"rendered":"Precios Justos se extiende hasta julio y suma 124 empresas"},"content":{"rendered":"<p><img data-recalc-dims=\"1\" loading=\"lazy\" decoding=\"async\" class=\"aligncenter wp-image-61520\" src=\"https:\/\/i0.wp.com\/www.24baires.com\/wp-content\/uploads\/2015\/02\/precios-acordados-g%C3%B3ndola-super.jpg?resize=720%2C405\" alt=\"\" width=\"720\" height=\"405\" srcset=\"https:\/\/i0.wp.com\/www.24baires.com\/wp-content\/uploads\/2015\/02\/precios-acordados-g%C3%B3ndola-super.jpg?w=560&amp;ssl=1 560w, https:\/\/i0.wp.com\/www.24baires.com\/wp-content\/uploads\/2015\/02\/precios-acordados-g%C3%B3ndola-super.jpg?resize=300%2C169&amp;ssl=1 300w\" sizes=\"auto, (max-width: 720px) 100vw, 720px\" \/>El secretario de Comercio, Mat\u00edas Tombolini, inform\u00f3 que pr\u00f3ximamente ser\u00e1n 482 las empresas participantes del programa \u201cPrecios Justos\u201d.<!--more--><\/p>\n<p>Este viernes, el secretario de Comercio, Mat\u00edas Tombolini, destac\u00f3 que el programa Precios Justos sumar\u00e1 en pocos d\u00edas a unas 124 empresas con lo cual alcanzar\u00e1 a 482 participantes.<\/p>\n<p>\u201cVamos camino a que sean 482 empresas, en pocos d\u00edas\u201d, dijo el secretario en referencia a las negociaciones iniciadas con las empresas para darle continuidad al acuerdo voluntario Precios Justos. Adem\u00e1s, el Ministro de Econom\u00eda, Sergio Massa, confirm\u00f3 que el programa se extender\u00e1 hasta fines de julio.<\/p>\n<p>En este sentido, el secretario detall\u00f3 que el cumplimiento del programa \u201cen materia de stock ronda el 70%, la se\u00f1alizaci\u00f3n 77%, y en precios fijos el 98%, el desaf\u00edo m\u00e1s grande de esto es que el producto este en la g\u00f3ndola, que el abastecimiento se cumpla\u201d.<\/p>\n<p>Asimismo, remarc\u00f3: \u201cPudimos establecer acuerdos para que las compras sean inteligentes en donde empresarios, trabajadores y el Estado podamos encontrar un uso eficiente de los recursos un uso eficiente de los recursos que produce la argentina\u201d.<\/p>\n<p>Por otro lado, sobre la denuncia que le inici\u00f3 Elisa Carri\u00f3 por la colaboraci\u00f3n en la fiscalizaci\u00f3n de precios del sindicato de Camioneros dijo que de este programa \u201cparticipan todos los sectores\u201d y que \u201cse necesita a todos para que colaboren con los programas de precios, tambi\u00e9n a la oposici\u00f3n, estamos concentrados en incorporar m\u00e1s sectores para compartir informaci\u00f3n\u201d.<\/p>\n<p>En ese sentido, respecto a la inflaci\u00f3n, dijo, que \u201clas soluciones que no suponen shocks, ni gradualismo sino realismo y tiene que ver con la hoja de ruta que plante\u00f3 el ministro Massa\u201d. Y expres\u00f3 que entre las soluciones no pueden debatirse las que \u201cvayan a suponer shocks que dejen afuera a la gran mayor\u00eda de la sociedad\u201d y que la soluci\u00f3n \u201cno es m\u00e1gica\u201d.<\/p>\n<p>Para finalizar, y en torno a las sanciones que aplica la secretaria, Tombolini dijo, que \u201cse realizaron multas por 440 millones de pesos que estaban pendientes de tratamiento, y desplegamos hace 15 d\u00edas en una cadena de autoservicios en 300 locales en todo el pa\u00eds se labraron 79 actas y se clausuraron 3 locales\u201d.<\/p>\n<p>Cabe recordar que Precios Justos es un acuerdo voluntario de precios que fue lanzado por el Gobierno el pasado 11 de noviembre en el Centro Cultural Kirchner. La iniciativa congel\u00f3 los precios de cerca de 2.000 productos que forman parte de la canasta b\u00e1sica en los rubros alimentos, bebidas, l\u00e1cteos, higiene personal y limpieza, con la participaci\u00f3n de m\u00e1s de 100 empresas que representan el 86% del consumo masivo en Argentina.<\/p>\n","protected":false},"excerpt":{"rendered":"<p>El secretario de Comercio, Mat\u00edas Tombolini, inform\u00f3 que pr\u00f3ximamente ser\u00e1n 482 las empresas participantes del programa \u201cPrecios Justos\u201d.<\/p>\n","protected":false},"author":4,"featured_media":0,"comment_status":"closed","ping_status":"closed","sticky":false,"template":"","format":"standard","meta":{"_jetpack_newsletter_access":"","_jetpack_dont_email_post_to_subs":false,"_jetpack_newsletter_tier_id":0,"_jetpack_memberships_contains_paywalled_content":false,"_jetpack_memberships_contains_paid_content":false,"footnotes":""},"categories":[45],"tags":[],"class_list":["post-119752","post","type-post","status-publish","format-standard","hentry","category-economia"],"jetpack_featured_media_url":"","jetpack_shortlink":"https:\/\/wp.me\/p2JWE0-v9u","jetpack-related-posts":[{"id":119816,"url":"https:\/\/www.24baires.com\/?p=119816","url_meta":{"origin":119752,"position":0},"title":"Precios Justos: multas y clausura de un hipermercado por incumplimiento del programa","author":"AF","date":"21\/02\/2023","format":false,"excerpt":"En una semana se labraron 769 multas a empresas alimenticias y cadena de supermercados por m\u00e1s de 800 millones de pesos. Las irregularidades que se detectaron y el caso de la sucursal que fue cerrada en el partido bonaerense de San Mart\u00edn. La Secretar\u00eda de Comercio labr\u00f3 769 multas a\u2026","rel":"","context":"En \u00abEconom\u00eda\u00bb","block_context":{"text":"Econom\u00eda","link":"https:\/\/www.24baires.com\/?cat=45"},"img":{"alt_text":"","src":"https:\/\/i0.wp.com\/www.24baires.com\/wp-content\/uploads\/2023\/02\/Pj0kny64n_1300x655__2.jpg?resize=350%2C200","width":350,"height":200,"srcset":"https:\/\/i0.wp.com\/www.24baires.com\/wp-content\/uploads\/2023\/02\/Pj0kny64n_1300x655__2.jpg?resize=350%2C200 1x, https:\/\/i0.wp.com\/www.24baires.com\/wp-content\/uploads\/2023\/02\/Pj0kny64n_1300x655__2.jpg?resize=525%2C300 1.5x, https:\/\/i0.wp.com\/www.24baires.com\/wp-content\/uploads\/2023\/02\/Pj0kny64n_1300x655__2.jpg?resize=700%2C400 2x"},"classes":[]},{"id":119587,"url":"https:\/\/www.24baires.com\/?p=119587","url_meta":{"origin":119752,"position":1},"title":"Sergio Massa incorpora combustibles al Precios Justos","author":"GB","date":"28\/11\/2022","format":false,"excerpt":"Las naftas no podr\u00e1n subir m\u00e1s del 4% durante el pr\u00f3ximo cuatrimestre. Hoy habr\u00e1 una reuni\u00f3n clave para oficializar el acuerdo. El ministro de Econom\u00eda de la Naci\u00f3n, Sergio Massa, acord\u00f3 con empresas petroleras el ingreso de los combustibles al programa Precios Justos. El anuncio formal se realizar\u00e1 este lunes,\u2026","rel":"","context":"En \u00abEconom\u00eda\u00bb","block_context":{"text":"Econom\u00eda","link":"https:\/\/www.24baires.com\/?cat=45"},"img":{"alt_text":"","src":"https:\/\/i0.wp.com\/www.24baires.com\/wp-content\/uploads\/2022\/11\/sergio-massa-precios-justosjpg.jpg?resize=350%2C200","width":350,"height":200,"srcset":"https:\/\/i0.wp.com\/www.24baires.com\/wp-content\/uploads\/2022\/11\/sergio-massa-precios-justosjpg.jpg?resize=350%2C200 1x, https:\/\/i0.wp.com\/www.24baires.com\/wp-content\/uploads\/2022\/11\/sergio-massa-precios-justosjpg.jpg?resize=525%2C300 1.5x, https:\/\/i0.wp.com\/www.24baires.com\/wp-content\/uploads\/2022\/11\/sergio-massa-precios-justosjpg.jpg?resize=700%2C400 2x"},"classes":[]},{"id":119536,"url":"https:\/\/www.24baires.com\/?p=119536","url_meta":{"origin":119752,"position":2},"title":"Comienza el congelamiento de 1500 precios por 120 d\u00edas","author":"AF","date":"10\/11\/2022","format":false,"excerpt":"El Gobierno dio a conocer las principales caracter\u00edsticas del programa Precios Justos, que lanzar\u00e1 ma\u00f1ana y abarcar\u00e1 a 1.500 productos elaborados por un centenar de empresas por un t\u00e9rmino de 120 d\u00edas. El programa abarcar\u00e1 a todo el pa\u00eds y desde el Ministerio de Econom\u00eda aclararon que no se trata\u2026","rel":"","context":"En \u00abSociedad\u00bb","block_context":{"text":"Sociedad","link":"https:\/\/www.24baires.com\/?cat=1"},"img":{"alt_text":"","src":"https:\/\/i0.wp.com\/www.24baires.com\/wp-content\/uploads\/2016\/12\/supermercado.jpg?resize=350%2C200","width":350,"height":200,"srcset":"https:\/\/i0.wp.com\/www.24baires.com\/wp-content\/uploads\/2016\/12\/supermercado.jpg?resize=350%2C200 1x, https:\/\/i0.wp.com\/www.24baires.com\/wp-content\/uploads\/2016\/12\/supermercado.jpg?resize=525%2C300 1.5x, https:\/\/i0.wp.com\/www.24baires.com\/wp-content\/uploads\/2016\/12\/supermercado.jpg?resize=700%2C400 2x"},"classes":[]},{"id":120125,"url":"https:\/\/www.24baires.com\/?p=120125","url_meta":{"origin":119752,"position":3},"title":"Suspenden al supermercado D\u00eda por incumplir con Precios Justos","author":"AF","date":"24\/05\/2023","format":false,"excerpt":"La decisi\u00f3n oficial se tom\u00f3 tras la realizaci\u00f3n de operativos de control en m\u00e1s de 120 sucursales, en los que se comprobaron aumentos del orden del 8,33% promedio en los productos que forman parte del programa, 3,33 puntos por encima del 5% acordado. La Secretar\u00eda de Comercio suspendi\u00f3 a la\u2026","rel":"","context":"En \u00abSociedad\u00bb","block_context":{"text":"Sociedad","link":"https:\/\/www.24baires.com\/?cat=1"},"img":{"alt_text":"","src":"https:\/\/i0.wp.com\/www.24baires.com\/wp-content\/uploads\/2023\/05\/afip.jpg?resize=350%2C200","width":350,"height":200,"srcset":"https:\/\/i0.wp.com\/www.24baires.com\/wp-content\/uploads\/2023\/05\/afip.jpg?resize=350%2C200 1x, https:\/\/i0.wp.com\/www.24baires.com\/wp-content\/uploads\/2023\/05\/afip.jpg?resize=525%2C300 1.5x, https:\/\/i0.wp.com\/www.24baires.com\/wp-content\/uploads\/2023\/05\/afip.jpg?resize=700%2C400 2x"},"classes":[]},{"id":120393,"url":"https:\/\/www.24baires.com\/?p=120393","url_meta":{"origin":119752,"position":4},"title":"M\u00e1s de 300 empresas adhirieron al Precios Justos","author":"GB","date":"22\/08\/2023","format":false,"excerpt":"La devaluaci\u00f3n del lunes posterior a las elecciones PASO gener\u00f3 un cimbronazo en el mercado interno. Para desactivar este problema que derivar\u00eda en una escalada inflacionaria el Ministerio de Econom\u00eda sali\u00f3 a negociar la renovaci\u00f3n del programa Precios Justos. R\u00e1pidamente, logr\u00f3 retrotraer los aumentos en varios rubros, pero hay uno\u2026","rel":"","context":"En \u00abConsumidores\u00bb","block_context":{"text":"Consumidores","link":"https:\/\/www.24baires.com\/?cat=78"},"img":{"alt_text":"","src":"https:\/\/i0.wp.com\/www.24baires.com\/wp-content\/uploads\/2023\/08\/massa-precios.webp?resize=350%2C200","width":350,"height":200,"srcset":"https:\/\/i0.wp.com\/www.24baires.com\/wp-content\/uploads\/2023\/08\/massa-precios.webp?resize=350%2C200 1x, https:\/\/i0.wp.com\/www.24baires.com\/wp-content\/uploads\/2023\/08\/massa-precios.webp?resize=525%2C300 1.5x, https:\/\/i0.wp.com\/www.24baires.com\/wp-content\/uploads\/2023\/08\/massa-precios.webp?resize=700%2C400 2x"},"classes":[]},{"id":120421,"url":"https:\/\/www.24baires.com\/?p=120421","url_meta":{"origin":119752,"position":5},"title":"Con aumentos del 30%, renovaron el Precios Justos Carne","author":"GB","date":"30\/08\/2023","format":false,"excerpt":"La Secretar\u00eda de Comercio lleg\u00f3 a un acuerdo con supermercados, carnicer\u00edas y empresas exportadoras para renovar el programa Precios Justos Carne. Secretar\u00eda de Comercio de la Naci\u00f3n cerr\u00f3 un acuerdo sectorial para actualizar el programa Precios Justos de la carne. Los siete cortes incluidos en el esquema lanzado por primera\u2026","rel":"","context":"En \u00abConsumidores\u00bb","block_context":{"text":"Consumidores","link":"https:\/\/www.24baires.com\/?cat=78"},"img":{"alt_text":"","src":"https:\/\/i0.wp.com\/www.24baires.com\/wp-content\/uploads\/2016\/02\/carnicer%C3%ADa.jpg?resize=350%2C200","width":350,"height":200,"srcset":"https:\/\/i0.wp.com\/www.24baires.com\/wp-content\/uploads\/2016\/02\/carnicer%C3%ADa.jpg?resize=350%2C200 1x, https:\/\/i0.wp.com\/www.24baires.com\/wp-content\/uploads\/2016\/02\/carnicer%C3%ADa.jpg?resize=525%2C300 1.5x, https:\/\/i0.wp.com\/www.24baires.com\/wp-content\/uploads\/2016\/02\/carnicer%C3%ADa.jpg?resize=700%2C400 2x"},"classes":[]}],"jetpack_sharing_enabled":true,"jetpack_likes_enabled":true,"_links":{"self":[{"href":"https:\/\/www.24baires.com\/index.php?rest_route=\/wp\/v2\/posts\/119752","targetHints":{"allow":["GET"]}}],"collection":[{"href":"https:\/\/www.24baires.com\/index.php?rest_route=\/wp\/v2\/posts"}],"about":[{"href":"https:\/\/www.24baires.com\/index.php?rest_route=\/wp\/v2\/types\/post"}],"author":[{"embeddable":true,"href":"https:\/\/www.24baires.com\/index.php?rest_route=\/wp\/v2\/users\/4"}],"replies":[{"embeddable":true,"href":"https:\/\/www.24baires.com\/index.php?rest_route=%2Fwp%2Fv2%2Fcomments&post=119752"}],"version-history":[{"count":1,"href":"https:\/\/www.24baires.com\/index.php?rest_route=\/wp\/v2\/posts\/119752\/revisions"}],"predecessor-version":[{"id":119753,"href":"https:\/\/www.24baires.com\/index.php?rest_route=\/wp\/v2\/posts\/119752\/revisions\/119753"}],"wp:attachment":[{"href":"https:\/\/www.24baires.com\/index.php?rest_route=%2Fwp%2Fv2%2Fmedia&parent=119752"}],"wp:term":[{"taxonomy":"category","embeddable":true,"href":"https:\/\/www.24baires.com\/index.php?rest_route=%2Fwp%2Fv2%2Fcategories&post=119752"},{"taxonomy":"post_tag","embeddable":true,"href":"https:\/\/www.24baires.com\/index.php?rest_route=%2Fwp%2Fv2%2Ftags&post=119752"}],"curies":[{"name":"wp","href":"https:\/\/api.w.org\/{rel}","templated":true}]}}