{"id":11974,"date":"2013-01-12T16:50:11","date_gmt":"2013-01-12T19:50:11","guid":{"rendered":"http:\/\/www.24baires.com\/?p=11974"},"modified":"2013-01-12T16:50:17","modified_gmt":"2013-01-12T19:50:17","slug":"la-cgt-de-calo-se-reunira-con-tomada-para-seguir-debatiendo-ganancias-y-salarios","status":"publish","type":"post","link":"https:\/\/www.24baires.com\/?p=11974","title":{"rendered":"La CGT de Cal\u00f3 se reunir\u00e1 con Tomada para seguir debatiendo ganancias y salarios"},"content":{"rendered":"<p><a href=\"http:\/\/www.24baires.com\/sociedad\/11974-la-cgt-de-calo-se-reunira-con-tomada-para-seguir-debatiendo-ganancias-y-salarios\/attachment\/calo2\/\" rel=\"attachment wp-att-11975\"><img data-recalc-dims=\"1\" loading=\"lazy\" decoding=\"async\" class=\"alignleft size-medium wp-image-11975\" alt=\"cal\u00f32\" src=\"https:\/\/i0.wp.com\/www.24baires.com\/wp-content\/uploads\/2013\/01\/cal%C3%B32.jpg?resize=267%2C300\" width=\"267\" height=\"300\" srcset=\"https:\/\/i0.wp.com\/www.24baires.com\/wp-content\/uploads\/2013\/01\/cal%C3%B32.jpg?resize=267%2C300&amp;ssl=1 267w, https:\/\/i0.wp.com\/www.24baires.com\/wp-content\/uploads\/2013\/01\/cal%C3%B32.jpg?w=300&amp;ssl=1 300w\" sizes=\"auto, (max-width: 267px) 100vw, 267px\" \/><\/a>Los principales dirigentes de la CGT oficialista, encabezados por el metal\u00fargico Antonio Cal\u00f3, ser\u00e1n recibidos el pr\u00f3ximo lunes por el ministro de Trabajo, Carlos Tomada, para continuar abordando los principales reclamos de la central, en especial la suba del m\u00ednimo no imponible del Impuesto a las Ganancias y la pauta salarial para las paritarias de este a\u00f1o.<!--more--><\/p>\n<p>Pese a la cercan\u00eda de esta CGT con el Gobierno kirchnerista, los dirigentes de la central ya dejaron trascender que aspiran a acordar un porcentaje de aumento salarial para este a\u00f1o no menor al 25 por ciento, lo que desaf\u00eda en parte la voluntad de la Casa Rosada de arreglar por un 20 por ciento para contener la inflaci\u00f3n.<\/p>\n<p>Est\u00e1 previsto que el lunes a las 14.00 comiencen a llegar a la sede de la cartera laboral los integrantes de la \u00abmesa chica\u00bb de la nueva CGT, entre ellos el propio Cal\u00f3, Andr\u00e9s Rodr\u00edguez (UPCN), Omar Viviani (Taxis) y Ricardo Pignanelli (SMATA).<\/p>\n<p>Los gremialistas pretenden, antes de que se comiencen a negociar los aumentos salariales con las c\u00e1maras empresariales, resolver el dilatado tema de la suba del piso de Ganancias, para lo que proponen un incremento del 50 por ciento.<\/p>\n<p>As\u00ed las cosas, el m\u00ednimo no imponible deber\u00eda alcanzar los 9.134 pesos para los solteros sin hijos y los 12.494 pesos para las casados con dos hijos, frente a los 5.782 y 7.998 pesos que rigen en la actualidad.<\/p>\n<p>Esos porcentajes reclamados figuran en un documento confeccionado por el dirigente del sindicato de docentes privados SADOP, Horacio Ghillini, integrante de la CGT de Cal\u00f3, quien lleva adelante la tarea de presentar una propuesta al Gobierno sobre el tema Ganancias.<\/p>\n<p>Pero los sindicalistas son conscientes de que el Gobierno reclamar\u00eda moderar sus aspiraciones para las paritarias a cambio de un aumento del piso de Ganancias cercano al porcentaje que pretenden, por lo que no descartan que las negociaciones se extiendan hasta fines de febrero o principios de marzo.<\/p>\n<p>Trascendi\u00f3 que la CGT oficialista tendr\u00eda en agenda otras reuniones con integrantes del Gobierno para obtener respuesta a sus reclamos, que tambi\u00e9n incluyen el caso de las asignaciones familiares y la deuda por las obras sociales.<\/p>\n<p>En ese sentido se mencionaron futuros encuentros con el jefe de Gabinete, Juan Manuel Abal Medina, el ministro de Econom\u00eda, Hern\u00e1n Lorenzino, e incluso antes de que finalice enero con la propia presidenta Cristina Kirchner, pero hasta el momento la \u00fanica confirmada es la del lunes con Tomada.<\/p>\n<p>En tanto, la CGT Azopardo de Hugo Moyano y la CGT Azul y Blanca plantear\u00e1n un reclamo de aumento salarial de alrededor del 30 por ciento, pero se espera una reuni\u00f3n entre ambos popes sindicales para antes de fin de mes en Mar del Plata con el objetivo de unificar el pedido.<\/p>\n<p>&nbsp;<\/p>\n<p>&nbsp;<\/p>\n<p>&nbsp;<\/p>\n<p>&nbsp;<\/p>\n<p>&nbsp;<\/p>\n<p>&nbsp;<\/p>\n<p>&nbsp;<\/p>\n<p>&nbsp;<\/p>\n<p>&nbsp;<\/p>\n<p>&nbsp;<\/p>\n<p>&nbsp;<\/p>\n<p>&nbsp;<\/p>\n<p>&nbsp;<\/p>\n<p>&nbsp;<\/p>\n<p>&nbsp;<\/p>\n<p>&nbsp;<\/p>\n<p>&nbsp;<\/p>\n<p>&nbsp;<\/p>\n","protected":false},"excerpt":{"rendered":"<p>Los principales dirigentes de la CGT oficialista, encabezados por el metal\u00fargico Antonio Cal\u00f3, ser\u00e1n recibidos el pr\u00f3ximo lunes por el ministro de Trabajo, Carlos Tomada, para continuar abordando los principales reclamos de la central, en especial la suba del m\u00ednimo no imponible del Impuesto a las Ganancias y la pauta salarial para las paritarias de este a\u00f1o.<\/p>\n","protected":false},"author":4,"featured_media":0,"comment_status":"open","ping_status":"open","sticky":false,"template":"","format":"standard","meta":{"_jetpack_newsletter_access":"","_jetpack_dont_email_post_to_subs":false,"_jetpack_newsletter_tier_id":0,"_jetpack_memberships_contains_paywalled_content":false,"_jetpack_memberships_contains_paid_content":false,"footnotes":""},"categories":[1],"tags":[],"class_list":["post-11974","post","type-post","status-publish","format-standard","hentry","category-sociedad"],"jetpack_featured_media_url":"","jetpack_shortlink":"https:\/\/wp.me\/p2JWE0-378","jetpack-related-posts":[{"id":50113,"url":"https:\/\/www.24baires.com\/?p=50113","url_meta":{"origin":11974,"position":0},"title":"Capitanich se reunir\u00e1 el lunes con la CGT de Cal\u00f3","author":"AF","date":"18\/07\/2014","format":false,"excerpt":"El jefe de Gabinete mantendr\u00e1 un encuentro con el metal\u00fargico y el resto de los dirigentes de la direcci\u00f3n de la central. El tambi\u00e9n l\u00edder de la UOM ya adelant\u00f3 que pedir\u00e1 una modificaci\u00f3n en el impuesto a las Ganancias. \"Anoche tuve una comunicaci\u00f3n con Cal\u00f3 y hemos tomado una\u2026","rel":"","context":"En \u00abPol\u00edtica\u00bb","block_context":{"text":"Pol\u00edtica","link":"https:\/\/www.24baires.com\/?cat=51"},"img":{"alt_text":"cal\u00f3 capitanich","src":"https:\/\/i0.wp.com\/www.24baires.com\/wp-content\/uploads\/2014\/07\/cal%C3%B3-capitanich.jpg?resize=350%2C200","width":350,"height":200,"srcset":"https:\/\/i0.wp.com\/www.24baires.com\/wp-content\/uploads\/2014\/07\/cal%C3%B3-capitanich.jpg?resize=350%2C200 1x, https:\/\/i0.wp.com\/www.24baires.com\/wp-content\/uploads\/2014\/07\/cal%C3%B3-capitanich.jpg?resize=525%2C300 1.5x"},"classes":[]},{"id":102697,"url":"https:\/\/www.24baires.com\/?p=102697","url_meta":{"origin":11974,"position":1},"title":"La CTA y Camioneros confirmaron que parar\u00e1n el pr\u00f3ximo jueves","author":"AF","date":"12\/06\/2018","format":false,"excerpt":"Con el final de las negociaciones del Gobierno con la CGT, las dos CTA ratificaron la medida de fuerza convocada para este jueves, que confluir\u00e1 con un acto central en la Plaza de Mayo a las 16 horas. En paralelo al anuncio, y exhortaron a la CGT a convocar a\u2026","rel":"","context":"En \u00abSociedad\u00bb","block_context":{"text":"Sociedad","link":"https:\/\/www.24baires.com\/?cat=1"},"img":{"alt_text":"","src":"https:\/\/i0.wp.com\/www.24baires.com\/wp-content\/uploads\/2016\/11\/acto-cta.jpg?resize=350%2C200","width":350,"height":200,"srcset":"https:\/\/i0.wp.com\/www.24baires.com\/wp-content\/uploads\/2016\/11\/acto-cta.jpg?resize=350%2C200 1x, https:\/\/i0.wp.com\/www.24baires.com\/wp-content\/uploads\/2016\/11\/acto-cta.jpg?resize=525%2C300 1.5x"},"classes":[]},{"id":6102,"url":"https:\/\/www.24baires.com\/?p=6102","url_meta":{"origin":11974,"position":2},"title":"La CGT de Moyano y la CTA de Micheli paran por 24 horas","author":"AF","date":"20\/11\/2012","format":false,"excerpt":"Apuestan a los cortes de calles y rutas para potenciar el alcance del paro. Pablo Micheli reconoci\u00f3 que intentar\u00e1n impedir que quienes quieran ir a trabajar puedan hacerlo. Barrionuevo anticip\u00f3 una nueva medida de fuerza de 36 horas. La CGT de Hugo Moyano y la CTA de Pablo Micheli, m\u00e1s\u2026","rel":"","context":"En \u00abSociedad\u00bb","block_context":{"text":"Sociedad","link":"https:\/\/www.24baires.com\/?cat=1"},"img":{"alt_text":"","src":"https:\/\/i0.wp.com\/www.24baires.com\/wp-content\/uploads\/2012\/11\/micheli-moyano.jpg?resize=350%2C200","width":350,"height":200},"classes":[]},{"id":66107,"url":"https:\/\/www.24baires.com\/?p=66107","url_meta":{"origin":11974,"position":3},"title":"El nuevo paro nacional del transporte ser\u00e1 el 9 de junio","author":"GB","date":"18\/05\/2015","format":false,"excerpt":"Lo adelant\u00f3 este lunes el secretario general del gremio de Dragado y Balizamiento, Juan Carlos Schmid. Se espera que se sumen a la medida de fuerza la CTA opositora, el resto de los gremios nucleados en la CGT de Moyano y agrupaciones de izquierda. El secretario general de la Confederaci\u00f3n\u2026","rel":"","context":"En \u00abSociedad\u00bb","block_context":{"text":"Sociedad","link":"https:\/\/www.24baires.com\/?cat=1"},"img":{"alt_text":"","src":"","width":0,"height":0},"classes":[]},{"id":63670,"url":"https:\/\/www.24baires.com\/?p=63670","url_meta":{"origin":11974,"position":4},"title":"La CGT oficialista no adhiere al paro del martes","author":"GB","date":"28\/03\/2015","format":false,"excerpt":"El consejo directivo de la central obrera que lidera Antonio Cal\u00f3 decidi\u00f3 no sumarse a la medida de fuerza convocada por los gremios del transporte. La conducci\u00f3n de esa central obrera sesion\u00f3 el viernes durante dos horas y media en el Sindicato de Peones de Taxis (SPT) de Omar Viviani\u2026","rel":"","context":"En \u00abPol\u00edtica\u00bb","block_context":{"text":"Pol\u00edtica","link":"https:\/\/www.24baires.com\/?cat=51"},"img":{"alt_text":"cal\u00f3","src":"https:\/\/i0.wp.com\/www.24baires.com\/wp-content\/uploads\/2012\/10\/cal%C3%B3.jpg?resize=350%2C200","width":350,"height":200},"classes":[]},{"id":119569,"url":"https:\/\/www.24baires.com\/?p=119569","url_meta":{"origin":11974,"position":5},"title":"Acordaron un aumento del 20% del salario m\u00ednimo en cuatro tramos","author":"AF","date":"22\/11\/2022","format":false,"excerpt":"La CGT, la CTA y las c\u00e1maras empresarias acordaron en el Consejo del Salario que la suba se abonar\u00e1 un 7 por ciento en diciembre, un 6 en enero, un 4 en febrero y otro 3 en marzo de 2023. La CGT, la CTA y las c\u00e1maras empresarias acordaron en\u2026","rel":"","context":"En \u00abSociedad\u00bb","block_context":{"text":"Sociedad","link":"https:\/\/www.24baires.com\/?cat=1"},"img":{"alt_text":"","src":"https:\/\/i0.wp.com\/www.24baires.com\/wp-content\/uploads\/2022\/11\/ministerio-trabajo.jpg?resize=350%2C200","width":350,"height":200,"srcset":"https:\/\/i0.wp.com\/www.24baires.com\/wp-content\/uploads\/2022\/11\/ministerio-trabajo.jpg?resize=350%2C200 1x, https:\/\/i0.wp.com\/www.24baires.com\/wp-content\/uploads\/2022\/11\/ministerio-trabajo.jpg?resize=525%2C300 1.5x, https:\/\/i0.wp.com\/www.24baires.com\/wp-content\/uploads\/2022\/11\/ministerio-trabajo.jpg?resize=700%2C400 2x"},"classes":[]}],"jetpack_sharing_enabled":true,"jetpack_likes_enabled":true,"_links":{"self":[{"href":"https:\/\/www.24baires.com\/index.php?rest_route=\/wp\/v2\/posts\/11974","targetHints":{"allow":["GET"]}}],"collection":[{"href":"https:\/\/www.24baires.com\/index.php?rest_route=\/wp\/v2\/posts"}],"about":[{"href":"https:\/\/www.24baires.com\/index.php?rest_route=\/wp\/v2\/types\/post"}],"author":[{"embeddable":true,"href":"https:\/\/www.24baires.com\/index.php?rest_route=\/wp\/v2\/users\/4"}],"replies":[{"embeddable":true,"href":"https:\/\/www.24baires.com\/index.php?rest_route=%2Fwp%2Fv2%2Fcomments&post=11974"}],"version-history":[{"count":3,"href":"https:\/\/www.24baires.com\/index.php?rest_route=\/wp\/v2\/posts\/11974\/revisions"}],"predecessor-version":[{"id":11978,"href":"https:\/\/www.24baires.com\/index.php?rest_route=\/wp\/v2\/posts\/11974\/revisions\/11978"}],"wp:attachment":[{"href":"https:\/\/www.24baires.com\/index.php?rest_route=%2Fwp%2Fv2%2Fmedia&parent=11974"}],"wp:term":[{"taxonomy":"category","embeddable":true,"href":"https:\/\/www.24baires.com\/index.php?rest_route=%2Fwp%2Fv2%2Fcategories&post=11974"},{"taxonomy":"post_tag","embeddable":true,"href":"https:\/\/www.24baires.com\/index.php?rest_route=%2Fwp%2Fv2%2Ftags&post=11974"}],"curies":[{"name":"wp","href":"https:\/\/api.w.org\/{rel}","templated":true}]}}