{"id":119715,"date":"2023-01-13T10:16:53","date_gmt":"2023-01-13T13:16:53","guid":{"rendered":"http:\/\/www.24baires.com\/?p=119715"},"modified":"2023-01-13T10:16:53","modified_gmt":"2023-01-13T13:16:53","slug":"massa-dijo-que-la-inflacion-se-soluciona-con-orden-fiscal-y-disciplina","status":"publish","type":"post","link":"https:\/\/www.24baires.com\/?p=119715","title":{"rendered":"Massa dijo que la inflaci\u00f3n se soluciona con \u201corden fiscal y disciplina\u201d"},"content":{"rendered":"<p><img data-recalc-dims=\"1\" loading=\"lazy\" decoding=\"async\" class=\"aligncenter wp-image-119716\" src=\"https:\/\/i0.wp.com\/www.24baires.com\/wp-content\/uploads\/2023\/01\/WhatsApp-Image-2023-01-13-at-09.45.23-1024x682.jpeg.webp?resize=720%2C480\" alt=\"\" width=\"720\" height=\"480\" srcset=\"https:\/\/i0.wp.com\/www.24baires.com\/wp-content\/uploads\/2023\/01\/WhatsApp-Image-2023-01-13-at-09.45.23-1024x682.jpeg.webp?w=1024&amp;ssl=1 1024w, https:\/\/i0.wp.com\/www.24baires.com\/wp-content\/uploads\/2023\/01\/WhatsApp-Image-2023-01-13-at-09.45.23-1024x682.jpeg.webp?resize=300%2C200&amp;ssl=1 300w, https:\/\/i0.wp.com\/www.24baires.com\/wp-content\/uploads\/2023\/01\/WhatsApp-Image-2023-01-13-at-09.45.23-1024x682.jpeg.webp?resize=768%2C512&amp;ssl=1 768w\" sizes=\"auto, (max-width: 720px) 100vw, 720px\" \/>El ministro de Econom\u00eda nacional, Sergio Massa, habl\u00f3 sobre la inflaci\u00f3n sosteniendo que se trata de \u201cla fiebre de una econom\u00eda enferma\u201d y brind\u00f3 los m\u00e9todos para solucionarla<!--more--><\/p>\n<p>Sergio Massa sostuvo que la inflaci\u00f3n \u201cno es ni m\u00e1s ni menos que la fiebre de una econom\u00eda enferma\u201d aclarando que bajarla es \u201cun desaf\u00edo que tenemos todos\u201d y particularmente \u00e9l \u201ccomo principal responsable\u201d aunque esto requiere \u201cuna mirada responsable de toda la dirigencia pol\u00edtica, empresarial y sindical\u201d.<\/p>\n<p>\u201cOjal\u00e1 todos tengamos los huevos bien puestos para bajar la inflaci\u00f3n en la Argentina\u201d, areng\u00f3 en un acto en Entre R\u00edos donde present\u00f3 un programa de compensaci\u00f3n a productores de aves, huevos y cerdos, por la suba adicional en el precio de la soja, derivados y alimentos a base de la oleaginosa durante la vigencia del segundo Programa de Incremento Exportador.<\/p>\n<p>\u201cLa inflaci\u00f3n no es ni m\u00e1s ni menos que la fiebre de una econom\u00eda enferma. El desaf\u00edo que tenemos todos, yo como principal responsable, es animarnos a bajar la fiebre y a enfrentar esa enfermedad\u201d, manifest\u00f3 Massa.<\/p>\n<p>Asimismo, a\u00f1adi\u00f3: \u201cRequiere orden fiscal, disciplina, trabajo en equipo y ponerse objetivos y no cambiarlos. Tambi\u00e9n requiere una mirada responsable, de toda la dirigencia pol\u00edtica, empresaria y sindical\u201d, indic\u00f3 a los que se encontraban en el acto, entre ellos el gobernador de Entre R\u00edos, Gustavo Bordet, y el secretario de Agricultura, Ganader\u00eda y Pesca, Juan Jos\u00e9 Bahillo.<\/p>\n","protected":false},"excerpt":{"rendered":"<p>El ministro de Econom\u00eda nacional, Sergio Massa, habl\u00f3 sobre la inflaci\u00f3n sosteniendo que se trata de \u201cla fiebre de una econom\u00eda enferma\u201d y brind\u00f3 los m\u00e9todos para solucionarla<\/p>\n","protected":false},"author":8,"featured_media":0,"comment_status":"closed","ping_status":"closed","sticky":false,"template":"","format":"standard","meta":{"_jetpack_newsletter_access":"","_jetpack_dont_email_post_to_subs":false,"_jetpack_newsletter_tier_id":0,"_jetpack_memberships_contains_paywalled_content":false,"_jetpack_memberships_contains_paid_content":false,"footnotes":""},"categories":[45],"tags":[],"class_list":["post-119715","post","type-post","status-publish","format-standard","hentry","category-economia"],"jetpack_featured_media_url":"","jetpack_shortlink":"https:\/\/wp.me\/p2JWE0-v8T","jetpack-related-posts":[{"id":119397,"url":"https:\/\/www.24baires.com\/?p=119397","url_meta":{"origin":119715,"position":0},"title":"Massa pidi\u00f3 un acuerdo pol\u00edtico para sancionar el Presupuesto 2023","author":"AF","date":"28\/09\/2022","format":false,"excerpt":"El Ministro explic\u00f3 los datos centrales del proyecto, que contempla un gasto total de casi 29 billones de pesos, un crecimiento de la econom\u00eda del 2 por ciento, una inflaci\u00f3n promedio del 60%, y reducir el d\u00e9ficit fiscal del 2,5 al 1,9%. Adem\u00e1s, cuestion\u00f3 a la oposici\u00f3n por no aprobar\u2026","rel":"","context":"En \u00abEconom\u00eda\u00bb","block_context":{"text":"Econom\u00eda","link":"https:\/\/www.24baires.com\/?cat=45"},"img":{"alt_text":"","src":"https:\/\/i0.wp.com\/www.24baires.com\/wp-content\/uploads\/2022\/08\/sergio-massa-neuquen.jpg?resize=350%2C200","width":350,"height":200,"srcset":"https:\/\/i0.wp.com\/www.24baires.com\/wp-content\/uploads\/2022\/08\/sergio-massa-neuquen.jpg?resize=350%2C200 1x, https:\/\/i0.wp.com\/www.24baires.com\/wp-content\/uploads\/2022\/08\/sergio-massa-neuquen.jpg?resize=525%2C300 1.5x, https:\/\/i0.wp.com\/www.24baires.com\/wp-content\/uploads\/2022\/08\/sergio-massa-neuquen.jpg?resize=700%2C400 2x"},"classes":[]},{"id":119435,"url":"https:\/\/www.24baires.com\/?p=119435","url_meta":{"origin":119715,"position":1},"title":"Massa avanz\u00f3 con las negociaciones por la deuda de 2400 millones","author":"AF","date":"13\/10\/2022","format":false,"excerpt":"Se reuni\u00f3 con Moulin, secretario del organismo. Preparan viaje a Francia para lograr la r\u00fabrica a fines de este mes. La cena con el G20 y los dichos de Georgieva. El ministro de Econom\u00eda, Sergio Massa, avanz\u00f3 en las \u00faltimas horas en las negociaciones con el Club de Par\u00eds, durante\u2026","rel":"","context":"En \u00abEconom\u00eda\u00bb","block_context":{"text":"Econom\u00eda","link":"https:\/\/www.24baires.com\/?cat=45"},"img":{"alt_text":"","src":"https:\/\/i0.wp.com\/www.24baires.com\/wp-content\/uploads\/2022\/09\/massa..jpg?resize=350%2C200","width":350,"height":200,"srcset":"https:\/\/i0.wp.com\/www.24baires.com\/wp-content\/uploads\/2022\/09\/massa..jpg?resize=350%2C200 1x, https:\/\/i0.wp.com\/www.24baires.com\/wp-content\/uploads\/2022\/09\/massa..jpg?resize=525%2C300 1.5x, https:\/\/i0.wp.com\/www.24baires.com\/wp-content\/uploads\/2022\/09\/massa..jpg?resize=700%2C400 2x"},"classes":[]},{"id":119160,"url":"https:\/\/www.24baires.com\/?p=119160","url_meta":{"origin":119715,"position":2},"title":"Controlar el d\u00f3lar, inflaci\u00f3n y tarifas ser\u00e1n las tareas clave de Massa como superministro","author":"GB","date":"29\/07\/2022","format":false,"excerpt":"La unificaci\u00f3n de dependencias del Gobierno genera una nueva estructura que estar\u00e1 compuesta por organismo clave para el control de las variables m\u00e1s importantes de la econom\u00eda. Ahora, el tigrense buscar\u00e1 alinear precios y salarios en medio de un contexto de turbulencias. Con los cambios que anunci\u00f3 el Gobierno, el\u2026","rel":"","context":"En \u00abPol\u00edtica\u00bb","block_context":{"text":"Pol\u00edtica","link":"https:\/\/www.24baires.com\/?cat=51"},"img":{"alt_text":"","src":"https:\/\/i0.wp.com\/www.24baires.com\/wp-content\/uploads\/2021\/02\/massa-busca-beneficiar-trabajadores-la-rebaja-del-impuesto-las-ganancias.jpg?resize=350%2C200","width":350,"height":200,"srcset":"https:\/\/i0.wp.com\/www.24baires.com\/wp-content\/uploads\/2021\/02\/massa-busca-beneficiar-trabajadores-la-rebaja-del-impuesto-las-ganancias.jpg?resize=350%2C200 1x, https:\/\/i0.wp.com\/www.24baires.com\/wp-content\/uploads\/2021\/02\/massa-busca-beneficiar-trabajadores-la-rebaja-del-impuesto-las-ganancias.jpg?resize=525%2C300 1.5x, https:\/\/i0.wp.com\/www.24baires.com\/wp-content\/uploads\/2021\/02\/massa-busca-beneficiar-trabajadores-la-rebaja-del-impuesto-las-ganancias.jpg?resize=700%2C400 2x"},"classes":[]},{"id":119496,"url":"https:\/\/www.24baires.com\/?p=119496","url_meta":{"origin":119715,"position":3},"title":"Sugieren \u00abno comprar aquellas marcas que remarcan por encima de la inflaci\u00f3n\u00bb","author":"AF","date":"01\/11\/2022","format":false,"excerpt":"Desde la Provincia pidieron \"frenar el abuso de las empresas formadoras de precios que aplican aumentos injustificados\". Miembros del gabinete del gobierno de la provincia de Buenos Aires que encabeza Axel Kicillof pidieron \"parar con los aumentos injustificados de precios\" y solicitaron a los consumidores \"no comprar aquellas marcas que\u2026","rel":"","context":"En \u00abEconom\u00eda\u00bb","block_context":{"text":"Econom\u00eda","link":"https:\/\/www.24baires.com\/?cat=45"},"img":{"alt_text":"larroque","src":"https:\/\/i0.wp.com\/www.24baires.com\/wp-content\/uploads\/2022\/11\/Screenshot-2022-11-01-23.21.12.png?resize=350%2C200","width":350,"height":200,"srcset":"https:\/\/i0.wp.com\/www.24baires.com\/wp-content\/uploads\/2022\/11\/Screenshot-2022-11-01-23.21.12.png?resize=350%2C200 1x, https:\/\/i0.wp.com\/www.24baires.com\/wp-content\/uploads\/2022\/11\/Screenshot-2022-11-01-23.21.12.png?resize=525%2C300 1.5x, https:\/\/i0.wp.com\/www.24baires.com\/wp-content\/uploads\/2022\/11\/Screenshot-2022-11-01-23.21.12.png?resize=700%2C400 2x"},"classes":[]},{"id":108121,"url":"https:\/\/www.24baires.com\/?p=108121","url_meta":{"origin":119715,"position":4},"title":"Para Massa los tenedores de cr\u00e9ditos UVA \u201cson v\u00edctimas de un fraude del Gobierno que no control\u00f3 la inflaci\u00f3n\u201d","author":"GB","date":"13\/05\/2019","format":false,"excerpt":"El l\u00edder del Frente Renovador se reuni\u00f3 con el colectivo de tenedores de cr\u00e9ditos hipotecarios UVA quienes atraviesan una cr\u00edtica situaci\u00f3n al no poder hacer frente a la escalada del valor de las cuotas. Sergio Massa se reuni\u00f3 con el colectivo de tomadores de cr\u00e9ditos hipotecarios UVA quienes que, por\u2026","rel":"","context":"En \u00abEconom\u00eda\u00bb","block_context":{"text":"Econom\u00eda","link":"https:\/\/www.24baires.com\/?cat=45"},"img":{"alt_text":"","src":"https:\/\/i0.wp.com\/www.24baires.com\/wp-content\/uploads\/2019\/05\/massa.jpg?resize=350%2C200","width":350,"height":200,"srcset":"https:\/\/i0.wp.com\/www.24baires.com\/wp-content\/uploads\/2019\/05\/massa.jpg?resize=350%2C200 1x, https:\/\/i0.wp.com\/www.24baires.com\/wp-content\/uploads\/2019\/05\/massa.jpg?resize=525%2C300 1.5x"},"classes":[]},{"id":120346,"url":"https:\/\/www.24baires.com\/?p=120346","url_meta":{"origin":119715,"position":5},"title":"El Gobierno analiza el pago de una suma fija a trabajadores","author":"AF","date":"07\/08\/2023","format":false,"excerpt":"El ministro Sergio Massa expres\u00f3 que eval\u00faa junto con los sectores sindicales una suma fija para los trabajadores, bajo \"la convicci\u00f3n de que tenemos que buscar mecanismos de mejora del ingreso\". Tambi\u00e9n anunci\u00f3 una inversi\u00f3n de $ 19.000 millones para financiar a pymes exportadoras. \"El gran objetivo debe ser promover\u2026","rel":"","context":"En \u00abEconom\u00eda\u00bb","block_context":{"text":"Econom\u00eda","link":"https:\/\/www.24baires.com\/?cat=45"},"img":{"alt_text":"","src":"https:\/\/i0.wp.com\/www.24baires.com\/wp-content\/uploads\/2023\/08\/massa.jpeg?resize=350%2C200","width":350,"height":200,"srcset":"https:\/\/i0.wp.com\/www.24baires.com\/wp-content\/uploads\/2023\/08\/massa.jpeg?resize=350%2C200 1x, https:\/\/i0.wp.com\/www.24baires.com\/wp-content\/uploads\/2023\/08\/massa.jpeg?resize=525%2C300 1.5x, https:\/\/i0.wp.com\/www.24baires.com\/wp-content\/uploads\/2023\/08\/massa.jpeg?resize=700%2C400 2x"},"classes":[]}],"jetpack_sharing_enabled":true,"jetpack_likes_enabled":true,"_links":{"self":[{"href":"https:\/\/www.24baires.com\/index.php?rest_route=\/wp\/v2\/posts\/119715","targetHints":{"allow":["GET"]}}],"collection":[{"href":"https:\/\/www.24baires.com\/index.php?rest_route=\/wp\/v2\/posts"}],"about":[{"href":"https:\/\/www.24baires.com\/index.php?rest_route=\/wp\/v2\/types\/post"}],"author":[{"embeddable":true,"href":"https:\/\/www.24baires.com\/index.php?rest_route=\/wp\/v2\/users\/8"}],"replies":[{"embeddable":true,"href":"https:\/\/www.24baires.com\/index.php?rest_route=%2Fwp%2Fv2%2Fcomments&post=119715"}],"version-history":[{"count":1,"href":"https:\/\/www.24baires.com\/index.php?rest_route=\/wp\/v2\/posts\/119715\/revisions"}],"predecessor-version":[{"id":119717,"href":"https:\/\/www.24baires.com\/index.php?rest_route=\/wp\/v2\/posts\/119715\/revisions\/119717"}],"wp:attachment":[{"href":"https:\/\/www.24baires.com\/index.php?rest_route=%2Fwp%2Fv2%2Fmedia&parent=119715"}],"wp:term":[{"taxonomy":"category","embeddable":true,"href":"https:\/\/www.24baires.com\/index.php?rest_route=%2Fwp%2Fv2%2Fcategories&post=119715"},{"taxonomy":"post_tag","embeddable":true,"href":"https:\/\/www.24baires.com\/index.php?rest_route=%2Fwp%2Fv2%2Ftags&post=119715"}],"curies":[{"name":"wp","href":"https:\/\/api.w.org\/{rel}","templated":true}]}}