{"id":119709,"date":"2023-01-10T11:42:47","date_gmt":"2023-01-10T14:42:47","guid":{"rendered":"http:\/\/www.24baires.com\/?p=119709"},"modified":"2023-01-10T11:42:47","modified_gmt":"2023-01-10T14:42:47","slug":"ya-esta-vigente-el-plan-de-internet-por-mil-pesos-que-anuncio-axel-kicillof","status":"publish","type":"post","link":"https:\/\/www.24baires.com\/?p=119709","title":{"rendered":"Ya est\u00e1 vigente el plan de internet por mil pesos que anunci\u00f3 Axel Kicillof"},"content":{"rendered":"<p><img data-recalc-dims=\"1\" loading=\"lazy\" decoding=\"async\" class=\"aligncenter wp-image-119710\" src=\"https:\/\/i0.wp.com\/www.24baires.com\/wp-content\/uploads\/2023\/01\/axel-kicillof-juan-cuattromo-y-augusto-costajpg.jpg?resize=720%2C480\" alt=\"\" width=\"720\" height=\"480\" srcset=\"https:\/\/i0.wp.com\/www.24baires.com\/wp-content\/uploads\/2023\/01\/axel-kicillof-juan-cuattromo-y-augusto-costajpg.jpg?w=887&amp;ssl=1 887w, https:\/\/i0.wp.com\/www.24baires.com\/wp-content\/uploads\/2023\/01\/axel-kicillof-juan-cuattromo-y-augusto-costajpg.jpg?resize=300%2C200&amp;ssl=1 300w, https:\/\/i0.wp.com\/www.24baires.com\/wp-content\/uploads\/2023\/01\/axel-kicillof-juan-cuattromo-y-augusto-costajpg.jpg?resize=768%2C512&amp;ssl=1 768w\" sizes=\"auto, (max-width: 720px) 100vw, 720px\" \/>Es a trav\u00e9s de Cuenta DNI y alcanza a la empresa Telecentro. Axel Kicillof lo anunci\u00f3 en diciembre al se\u00f1alar que acceder a internet es un derecho.<!--more--><\/p>\n<p>Hace poco menos de un mes, el gobernador de la Provincia de Buenos Aires, Axel Kicillof, ofreci\u00f3 un anuncio relacionado con el acceso a internet para las familias bonaerenses en donde plante\u00f3 que, a trav\u00e9s de un acuerdo entre el Banco Provincia y la empresa Telecentro, habr\u00eda dos packs a un precio accesible de poco m\u00e1s de mil pesos. Ya est\u00e1 en vigencia.<\/p>\n<p>\u00abEs fruto de un trabajo muy grande, una medida de gobierno que se va a ir ampliando pero la quiero anunciar y tiene que ver con facilitar el acceso a internet en la Provincia para los segmentos a los que les cuesta econ\u00f3micamente. Sabemos hoy que una parte de nuestro Poder Judicial impidi\u00f3 una regulaci\u00f3n sobre los precios de los servicios p\u00fablicos y lo que tiene que ver con los servicios digitales, que son moneda corriente\u00bb, marc\u00f3 el mandatario provincial en ese momento, con un trasfondo pol\u00edtico que tiene que ver con la pelea con el Grupo Clar\u00edn.<\/p>\n<p>La promoci\u00f3n se efect\u00faa a trav\u00e9s de Cuenta DNI, la billetera virtual del BaPro y se\u00f1ala que al contratar el servicio se puede efectuar un ahorro por tres meses y durante este mes, hay 30 por ciento de ahorro.<\/p>\n","protected":false},"excerpt":{"rendered":"<p>Es a trav\u00e9s de Cuenta DNI y alcanza a la empresa Telecentro. Axel Kicillof lo anunci\u00f3 en diciembre al se\u00f1alar que acceder a internet es un derecho.<\/p>\n","protected":false},"author":8,"featured_media":0,"comment_status":"closed","ping_status":"closed","sticky":false,"template":"","format":"standard","meta":{"_jetpack_newsletter_access":"","_jetpack_dont_email_post_to_subs":false,"_jetpack_newsletter_tier_id":0,"_jetpack_memberships_contains_paywalled_content":false,"_jetpack_memberships_contains_paid_content":false,"footnotes":""},"categories":[40],"tags":[],"class_list":["post-119709","post","type-post","status-publish","format-standard","hentry","category-provincia"],"jetpack_shortlink":"https:\/\/wp.me\/p2JWE0-v8N","jetpack-related-posts":[{"id":116287,"url":"https:\/\/www.24baires.com\/?p=116287","url_meta":{"origin":119709,"position":0},"title":"Kicillof prev\u00e9 \u00abla mejor temporada tur\u00edstica posible\u00bb a pesar de la pandemia","author":"AF","date":"21\/09\/2020","format":false,"excerpt":"El gobernador encabez\u00f3 este lunes el anuncio del Fondo Especial para la Reactivaci\u00f3n Cultural y Tur\u00edstica, donde cont\u00f3 que est\u00e1 trabajando con todos los intendentes para poner en marcha la temporada. Durante el anuncio de un Fondo Especial de 300 millones de pesos para la Reactivaci\u00f3n Cultural y Tur\u00edstica en\u2026","rel":"","context":"En \u00abProvincia\u00bb","block_context":{"text":"Provincia","link":"https:\/\/www.24baires.com\/?cat=40"},"img":{"alt_text":"","src":"https:\/\/i0.wp.com\/www.24baires.com\/wp-content\/uploads\/2020\/07\/gollan-kicillof.jpg?resize=350%2C200","width":350,"height":200,"srcset":"https:\/\/i0.wp.com\/www.24baires.com\/wp-content\/uploads\/2020\/07\/gollan-kicillof.jpg?resize=350%2C200 1x, https:\/\/i0.wp.com\/www.24baires.com\/wp-content\/uploads\/2020\/07\/gollan-kicillof.jpg?resize=525%2C300 1.5x"},"classes":[]},{"id":118133,"url":"https:\/\/www.24baires.com\/?p=118133","url_meta":{"origin":119709,"position":1},"title":"Axel Kicillof anunci\u00f3 un aumento salarial para la polic\u00eda bonaerense","author":"GB","date":"14\/10\/2021","format":false,"excerpt":"El gobernador de la provincia de Buenos Aires, Axel Kicillof, anunci\u00f3 que el salario llegar\u00e1 al 46,5% en diciembre El gobernador de la provincia de Buenos Aires, Axel Kicillof, se adelant\u00f3 a la alerta de protestas policiales y anunci\u00f3 el aumento salarial para la polic\u00eda bonaerense, que llegar\u00e1 al 46,5%\u2026","rel":"","context":"En \u00abProvincia\u00bb","block_context":{"text":"Provincia","link":"https:\/\/www.24baires.com\/?cat=40"},"img":{"alt_text":"","src":"https:\/\/i0.wp.com\/www.24baires.com\/wp-content\/uploads\/2020\/04\/axel-k.jpeg?resize=350%2C200","width":350,"height":200,"srcset":"https:\/\/i0.wp.com\/www.24baires.com\/wp-content\/uploads\/2020\/04\/axel-k.jpeg?resize=350%2C200 1x, https:\/\/i0.wp.com\/www.24baires.com\/wp-content\/uploads\/2020\/04\/axel-k.jpeg?resize=525%2C300 1.5x"},"classes":[]},{"id":118375,"url":"https:\/\/www.24baires.com\/?p=118375","url_meta":{"origin":119709,"position":2},"title":"Provincia anuncia bono para estatales","author":"GB","date":"23\/12\/2021","format":false,"excerpt":"El gobernador de la Provincia de Buenos Aires, Axel Kicillof, y la ministra de Trabajo, Mara Ruiz Malec, se re\u00fanen con los gremios estatales desde las 14 hs. Luego del anticipo de INFOCIELO acerca del bono de fin de a\u00f1o de 20 mil pesos para trabajadores estatales de todas las\u2026","rel":"","context":"En \u00abProvincia\u00bb","block_context":{"text":"Provincia","link":"https:\/\/www.24baires.com\/?cat=40"},"img":{"alt_text":"","src":"https:\/\/i0.wp.com\/www.24baires.com\/wp-content\/uploads\/2021\/12\/axel-kicillof-estataesjpg-300x200.jpg?resize=350%2C200","width":350,"height":200},"classes":[]},{"id":115514,"url":"https:\/\/www.24baires.com\/?p=115514","url_meta":{"origin":119709,"position":3},"title":"La Provincia anunci\u00f3 un aporte extraordinario para la educaci\u00f3n privada","author":"GB","date":"01\/07\/2020","format":false,"excerpt":"As\u00ed lo confirm\u00f3 el gobernador Axel Kicillof, junto a las ministras de Educaci\u00f3n y Trabajo, luego de mantener una reuni\u00f3n con representantes del sector. Se tratan de pagos adeudados en el sector. Adem\u00e1s, el Gobierno provincial se comprometi\u00f3 a facilitar el acceso al programa nacional ATP durante la pandemia. El\u2026","rel":"","context":"En \u00abProvincia\u00bb","block_context":{"text":"Provincia","link":"https:\/\/www.24baires.com\/?cat=40"},"img":{"alt_text":"","src":"https:\/\/i0.wp.com\/www.24baires.com\/wp-content\/uploads\/2020\/07\/educacion-kicillof.jpeg?resize=350%2C200","width":350,"height":200,"srcset":"https:\/\/i0.wp.com\/www.24baires.com\/wp-content\/uploads\/2020\/07\/educacion-kicillof.jpeg?resize=350%2C200 1x, https:\/\/i0.wp.com\/www.24baires.com\/wp-content\/uploads\/2020\/07\/educacion-kicillof.jpeg?resize=525%2C300 1.5x"},"classes":[]},{"id":120434,"url":"https:\/\/www.24baires.com\/?p=120434","url_meta":{"origin":119709,"position":4},"title":"Kicillof anunci\u00f3 bono, aumento adicional y asistencia a municipios","author":"GB","date":"05\/09\/2023","format":false,"excerpt":"En el marco de las revisiones paritarias, Axel Kicillof elev\u00f3 a 25% el tramo para septiembre. Pagar\u00e1 una suma fija de $30 mil y dar\u00e1 ayuda a municipios. En el marco de las paritarias, el Gobierno bonaerense anunci\u00f3 un aumento extra del 10% para los empleados estatales y docentes correspondiente\u2026","rel":"","context":"En \u00abProvincia\u00bb","block_context":{"text":"Provincia","link":"https:\/\/www.24baires.com\/?cat=40"},"img":{"alt_text":"","src":"https:\/\/i0.wp.com\/www.24baires.com\/wp-content\/uploads\/2023\/09\/kici-min-trabajo.jpg?resize=350%2C200","width":350,"height":200,"srcset":"https:\/\/i0.wp.com\/www.24baires.com\/wp-content\/uploads\/2023\/09\/kici-min-trabajo.jpg?resize=350%2C200 1x, https:\/\/i0.wp.com\/www.24baires.com\/wp-content\/uploads\/2023\/09\/kici-min-trabajo.jpg?resize=525%2C300 1.5x, https:\/\/i0.wp.com\/www.24baires.com\/wp-content\/uploads\/2023\/09\/kici-min-trabajo.jpg?resize=700%2C400 2x"},"classes":[]},{"id":122120,"url":"https:\/\/www.24baires.com\/?p=122120","url_meta":{"origin":119709,"position":5},"title":"Kicillof anunci\u00f3 un plan de $273 mil millones para reparar los da\u00f1os en Bah\u00eda Blanca","author":"GB","date":"11\/03\/2025","format":false,"excerpt":"La Provincia otorgar\u00e1 subsidios, cr\u00e9ditos a tasa subsidiada, materiales de construcci\u00f3n y cobertura de boletos de colectivo por 30 d\u00edas; entre otras medidas anunciadas. El gobernador de la provincia de Buenos Aires, Axel Kicillof, anunci\u00f3 este martes una serie de medidas para paliar la situaci\u00f3n de emergencia que afronta Bah\u00eda\u2026","rel":"","context":"En \u00abProvincia\u00bb","block_context":{"text":"Provincia","link":"https:\/\/www.24baires.com\/?cat=40"},"img":{"alt_text":"","src":"https:\/\/i0.wp.com\/www.24baires.com\/wp-content\/uploads\/2025\/03\/kici-bahia.jpg?resize=350%2C200","width":350,"height":200,"srcset":"https:\/\/i0.wp.com\/www.24baires.com\/wp-content\/uploads\/2025\/03\/kici-bahia.jpg?resize=350%2C200 1x, https:\/\/i0.wp.com\/www.24baires.com\/wp-content\/uploads\/2025\/03\/kici-bahia.jpg?resize=525%2C300 1.5x, https:\/\/i0.wp.com\/www.24baires.com\/wp-content\/uploads\/2025\/03\/kici-bahia.jpg?resize=700%2C400 2x"},"classes":[]}],"jetpack_sharing_enabled":true,"jetpack_likes_enabled":true,"jetpack_featured_media_url":"","_links":{"self":[{"href":"https:\/\/www.24baires.com\/index.php?rest_route=\/wp\/v2\/posts\/119709","targetHints":{"allow":["GET"]}}],"collection":[{"href":"https:\/\/www.24baires.com\/index.php?rest_route=\/wp\/v2\/posts"}],"about":[{"href":"https:\/\/www.24baires.com\/index.php?rest_route=\/wp\/v2\/types\/post"}],"author":[{"embeddable":true,"href":"https:\/\/www.24baires.com\/index.php?rest_route=\/wp\/v2\/users\/8"}],"replies":[{"embeddable":true,"href":"https:\/\/www.24baires.com\/index.php?rest_route=%2Fwp%2Fv2%2Fcomments&post=119709"}],"version-history":[{"count":1,"href":"https:\/\/www.24baires.com\/index.php?rest_route=\/wp\/v2\/posts\/119709\/revisions"}],"predecessor-version":[{"id":119711,"href":"https:\/\/www.24baires.com\/index.php?rest_route=\/wp\/v2\/posts\/119709\/revisions\/119711"}],"wp:attachment":[{"href":"https:\/\/www.24baires.com\/index.php?rest_route=%2Fwp%2Fv2%2Fmedia&parent=119709"}],"wp:term":[{"taxonomy":"category","embeddable":true,"href":"https:\/\/www.24baires.com\/index.php?rest_route=%2Fwp%2Fv2%2Fcategories&post=119709"},{"taxonomy":"post_tag","embeddable":true,"href":"https:\/\/www.24baires.com\/index.php?rest_route=%2Fwp%2Fv2%2Ftags&post=119709"}],"curies":[{"name":"wp","href":"https:\/\/api.w.org\/{rel}","templated":true}]}}