{"id":119687,"date":"2023-01-03T09:14:12","date_gmt":"2023-01-03T12:14:12","guid":{"rendered":"http:\/\/www.24baires.com\/?p=119687"},"modified":"2023-01-03T09:14:12","modified_gmt":"2023-01-03T12:14:12","slug":"la-actividad-economica-crecio-69-en-el-tercer-trimestre-de-2022","status":"publish","type":"post","link":"https:\/\/www.24baires.com\/?p=119687","title":{"rendered":"La actividad econ\u00f3mica creci\u00f3 6,9% en el tercer trimestre de 2022"},"content":{"rendered":"<p><img data-recalc-dims=\"1\" loading=\"lazy\" decoding=\"async\" class=\"aligncenter wp-image-98412\" src=\"https:\/\/i0.wp.com\/www.24baires.com\/wp-content\/uploads\/2017\/10\/pyme-1.jpg?resize=720%2C480\" alt=\"\" width=\"720\" height=\"480\" srcset=\"https:\/\/i0.wp.com\/www.24baires.com\/wp-content\/uploads\/2017\/10\/pyme-1.jpg?w=560&amp;ssl=1 560w, https:\/\/i0.wp.com\/www.24baires.com\/wp-content\/uploads\/2017\/10\/pyme-1.jpg?resize=300%2C200&amp;ssl=1 300w\" sizes=\"auto, (max-width: 720px) 100vw, 720px\" \/>La provincia de Buenos Aires sigue brindando se\u00f1ales prometedoras. Los niveles de actividad econ\u00f3mica ya superan a los de 2019.<!--more--><\/p>\n<p>Direcci\u00f3n de Estad\u00edstica Provincial public\u00f3 el Indicador Trimestral de la Actividad Econ\u00f3mica (ITAE) con datos correspondientes al tercer trimestre de 2022. De ah\u00ed se desprende que la actividad econ\u00f3mica bonaerense creci\u00f3 por s\u00e9ptimo trimestre consecutivo y registr\u00f3 la mayor actividad desde 2013 para un tercer trimestre. El ministro de Hacienda y Finanzas, Pablo L\u00f3pez, celebr\u00f3 que \u00abnos encontramos operando un 9% por encima de los niveles de fines de 2019\u00bb.<\/p>\n<p>Seg\u00fan el informe, la actividad econ\u00f3mica de la Provincia registr\u00f3 en el tercer trimestre de 2022 un aumento del 6,9% respecto al mismo per\u00edodo de 2021 y una suba de 1,4% en relaci\u00f3n al segundo trimestre de 2022. El incremento fue impulsado tanto por las actividades productoras de bienes, con una suba interanual del 7,9%, como por las de servicios, con una suba interanual del 6,2%. \u00abEstas se\u00f1ales que muestra el ITAE acerca de la evoluci\u00f3n de la actividad econ\u00f3mica son prometedoras para el 2023\u00bb, afirm\u00f3 L\u00f3pez.<\/p>\n<p>El sector Servicios present\u00f3 un aumento de 6,2% en el tercer trimestre de 2022 respecto al mismo per\u00edodo del a\u00f1o anterior, con una participaci\u00f3n del 56,2%. Se trata del s\u00e9ptimo crecimiento consecutivo. Los sectores productores de servicios p\u00fablicos, educaci\u00f3n y salud registraron en conjunto un aumento interanual de 4,2% en el tercer trimestre de 2022, mientras que los otros sectores productores de servicios mostraron en conjunto un incremento de 6,7% interanual.<\/p>\n","protected":false},"excerpt":{"rendered":"<p>La provincia de Buenos Aires sigue brindando se\u00f1ales prometedoras. Los niveles de actividad econ\u00f3mica ya superan a los de 2019.<\/p>\n","protected":false},"author":8,"featured_media":0,"comment_status":"closed","ping_status":"closed","sticky":false,"template":"","format":"standard","meta":{"_jetpack_newsletter_access":"","_jetpack_dont_email_post_to_subs":false,"_jetpack_newsletter_tier_id":0,"_jetpack_memberships_contains_paywalled_content":false,"_jetpack_memberships_contains_paid_content":false,"footnotes":""},"categories":[40],"tags":[],"class_list":["post-119687","post","type-post","status-publish","format-standard","hentry","category-provincia"],"jetpack_shortlink":"https:\/\/wp.me\/p2JWE0-v8r","jetpack-related-posts":[{"id":118402,"url":"https:\/\/www.24baires.com\/?p=118402","url_meta":{"origin":119687,"position":0},"title":"La actividad econ\u00f3mica en la provincia creci\u00f3 9,5% en el tercer trimestre","author":"GB","date":"30\/12\/2021","format":false,"excerpt":"Se registraron subas interanuales tanto en la producci\u00f3n de servicios como en la producci\u00f3n de bienes en todo el territorio bonaerense. El ministerio de Hacienda y Finanzas inform\u00f3 que la actividad econ\u00f3mica de la Provincia registr\u00f3 en el tercer trimestre de 2021 un aumento del 9,5% respecto al mismo per\u00edodo\u2026","rel":"","context":"En \u00abProvincia\u00bb","block_context":{"text":"Provincia","link":"https:\/\/www.24baires.com\/?cat=40"},"img":{"alt_text":"","src":"https:\/\/i0.wp.com\/www.24baires.com\/wp-content\/uploads\/2020\/04\/supermercado.jpg?resize=350%2C200","width":350,"height":200,"srcset":"https:\/\/i0.wp.com\/www.24baires.com\/wp-content\/uploads\/2020\/04\/supermercado.jpg?resize=350%2C200 1x, https:\/\/i0.wp.com\/www.24baires.com\/wp-content\/uploads\/2020\/04\/supermercado.jpg?resize=525%2C300 1.5x"},"classes":[]},{"id":119366,"url":"https:\/\/www.24baires.com\/?p=119366","url_meta":{"origin":119687,"position":1},"title":"El PBI creci\u00f3 6,9% en el segundo trimestre","author":"AF","date":"20\/09\/2022","format":false,"excerpt":"El dato informado por el Instituto Nacional de Estad\u00edstica y Censos (Indec) corresponde a la comparaci\u00f3n en relaci\u00f3n a igual per\u00edodo del 2021. En el primer semestre acumula una suba del 6,5%. El Producto Bruto Interno (PBI) creci\u00f3 6,9% durante el segundo trimestre, en relaci\u00f3n a igual per\u00edodo de 2021,\u2026","rel":"","context":"En \u00abEconom\u00eda\u00bb","block_context":{"text":"Econom\u00eda","link":"https:\/\/www.24baires.com\/?cat=45"},"img":{"alt_text":"","src":"https:\/\/i0.wp.com\/www.24baires.com\/wp-content\/uploads\/2021\/11\/61714316e6f3e_900.jpg?resize=350%2C200","width":350,"height":200,"srcset":"https:\/\/i0.wp.com\/www.24baires.com\/wp-content\/uploads\/2021\/11\/61714316e6f3e_900.jpg?resize=350%2C200 1x, https:\/\/i0.wp.com\/www.24baires.com\/wp-content\/uploads\/2021\/11\/61714316e6f3e_900.jpg?resize=525%2C300 1.5x, https:\/\/i0.wp.com\/www.24baires.com\/wp-content\/uploads\/2021\/11\/61714316e6f3e_900.jpg?resize=700%2C400 2x"},"classes":[]},{"id":119374,"url":"https:\/\/www.24baires.com\/?p=119374","url_meta":{"origin":119687,"position":2},"title":"Seg\u00fan el Indec, el desempleo baj\u00f3 un 6,9%","author":"AF","date":"21\/09\/2022","format":false,"excerpt":"Los datos relevados por el Instituto Nacional de Estad\u00edstica y Censos se\u00f1alan un descenso de 2,7% respecto al mismo per\u00edodo de 2021, y el valor se encuentra 0,1% por debajo de lo registrado en el primer trimestre. La tasa de desocupaci\u00f3n en el segundo trimestre del a\u00f1o baj\u00f3 al 6,9%,\u2026","rel":"","context":"En \u00abEconom\u00eda\u00bb","block_context":{"text":"Econom\u00eda","link":"https:\/\/www.24baires.com\/?cat=45"},"img":{"alt_text":"","src":"https:\/\/i0.wp.com\/www.24baires.com\/wp-content\/uploads\/2021\/08\/industria-pandemia.jpg?resize=350%2C200","width":350,"height":200,"srcset":"https:\/\/i0.wp.com\/www.24baires.com\/wp-content\/uploads\/2021\/08\/industria-pandemia.jpg?resize=350%2C200 1x, https:\/\/i0.wp.com\/www.24baires.com\/wp-content\/uploads\/2021\/08\/industria-pandemia.jpg?resize=525%2C300 1.5x, https:\/\/i0.wp.com\/www.24baires.com\/wp-content\/uploads\/2021\/08\/industria-pandemia.jpg?resize=700%2C400 2x"},"classes":[]},{"id":116907,"url":"https:\/\/www.24baires.com\/?p=116907","url_meta":{"origin":119687,"position":3},"title":"El desempleo en el tercer trimestre lleg\u00f3 al 11,7%","author":"AF","date":"17\/12\/2020","format":false,"excerpt":"Aunque el desempleo se redujo con respecto al trimestre anterior, subi\u00f3 2 puntos porcentuales en la comparaci\u00f3n interanual. El Instituto Nacional de Estad\u00edsticas y Censo (INDEC) inform\u00f3 este jueves que la desocupaci\u00f3n en el tercer trimestre afect\u00f3 al 11,7% de la poblaci\u00f3n econ\u00f3micamente activa, dos puntos porcentuales por arriba de\u2026","rel":"","context":"En \u00abSociedad\u00bb","block_context":{"text":"Sociedad","link":"https:\/\/www.24baires.com\/?cat=1"},"img":{"alt_text":"","src":"https:\/\/i0.wp.com\/www.24baires.com\/wp-content\/uploads\/2018\/06\/jovenes-desempleados.jpg?resize=350%2C200","width":350,"height":200,"srcset":"https:\/\/i0.wp.com\/www.24baires.com\/wp-content\/uploads\/2018\/06\/jovenes-desempleados.jpg?resize=350%2C200 1x, https:\/\/i0.wp.com\/www.24baires.com\/wp-content\/uploads\/2018\/06\/jovenes-desempleados.jpg?resize=525%2C300 1.5x"},"classes":[]},{"id":105993,"url":"https:\/\/www.24baires.com\/?p=105993","url_meta":{"origin":119687,"position":4},"title":"La actividad econ\u00f3mica baj\u00f3 3,5 por ciento","author":"AF","date":"18\/12\/2018","format":false,"excerpt":"Los datos difundidos por el Indec reflejan la crisis. El Producto Bruto Interno en el tercer trimestre de 2018 baj\u00f3 en comparaci\u00f3n con el mismo per\u00edodo de 2017 y tambi\u00e9n 0,7 por ciento con respecto al segundo trimestre de este a\u00f1o. La actividad econ\u00f3mica continu\u00f3 su derrumbe en el tercer\u2026","rel":"","context":"En \u00abEconom\u00eda\u00bb","block_context":{"text":"Econom\u00eda","link":"https:\/\/www.24baires.com\/?cat=45"},"img":{"alt_text":"","src":"https:\/\/i0.wp.com\/www.24baires.com\/wp-content\/uploads\/2018\/05\/industriales.jpg?resize=350%2C200","width":350,"height":200,"srcset":"https:\/\/i0.wp.com\/www.24baires.com\/wp-content\/uploads\/2018\/05\/industriales.jpg?resize=350%2C200 1x, https:\/\/i0.wp.com\/www.24baires.com\/wp-content\/uploads\/2018\/05\/industriales.jpg?resize=525%2C300 1.5x"},"classes":[]},{"id":118042,"url":"https:\/\/www.24baires.com\/?p=118042","url_meta":{"origin":119687,"position":5},"title":"El \u00edndice de desocupaci\u00f3n baj\u00f3 al 9,6%","author":"AF","date":"23\/09\/2021","format":false,"excerpt":"Seg\u00fan inform\u00f3 el Instituto Nacional de Estad\u00edstica y Censos (Indec), la sub ocupaci\u00f3n demandante, que comprende a la gente que trabaja menos de 35 horas semanales, aument\u00f3 al 8,5% contra el 5% del segundo trimestre del a\u00f1o pasado. El \u00edndice de desempleo se ubic\u00f3 en el 9,6% al cierre del\u2026","rel":"","context":"En \u00abSociedad\u00bb","block_context":{"text":"Sociedad","link":"https:\/\/www.24baires.com\/?cat=1"},"img":{"alt_text":"","src":"https:\/\/i0.wp.com\/www.24baires.com\/wp-content\/uploads\/2021\/08\/industria-pandemia.jpg?resize=350%2C200","width":350,"height":200,"srcset":"https:\/\/i0.wp.com\/www.24baires.com\/wp-content\/uploads\/2021\/08\/industria-pandemia.jpg?resize=350%2C200 1x, https:\/\/i0.wp.com\/www.24baires.com\/wp-content\/uploads\/2021\/08\/industria-pandemia.jpg?resize=525%2C300 1.5x"},"classes":[]}],"jetpack_sharing_enabled":true,"jetpack_likes_enabled":true,"jetpack_featured_media_url":"","_links":{"self":[{"href":"https:\/\/www.24baires.com\/index.php?rest_route=\/wp\/v2\/posts\/119687","targetHints":{"allow":["GET"]}}],"collection":[{"href":"https:\/\/www.24baires.com\/index.php?rest_route=\/wp\/v2\/posts"}],"about":[{"href":"https:\/\/www.24baires.com\/index.php?rest_route=\/wp\/v2\/types\/post"}],"author":[{"embeddable":true,"href":"https:\/\/www.24baires.com\/index.php?rest_route=\/wp\/v2\/users\/8"}],"replies":[{"embeddable":true,"href":"https:\/\/www.24baires.com\/index.php?rest_route=%2Fwp%2Fv2%2Fcomments&post=119687"}],"version-history":[{"count":1,"href":"https:\/\/www.24baires.com\/index.php?rest_route=\/wp\/v2\/posts\/119687\/revisions"}],"predecessor-version":[{"id":119688,"href":"https:\/\/www.24baires.com\/index.php?rest_route=\/wp\/v2\/posts\/119687\/revisions\/119688"}],"wp:attachment":[{"href":"https:\/\/www.24baires.com\/index.php?rest_route=%2Fwp%2Fv2%2Fmedia&parent=119687"}],"wp:term":[{"taxonomy":"category","embeddable":true,"href":"https:\/\/www.24baires.com\/index.php?rest_route=%2Fwp%2Fv2%2Fcategories&post=119687"},{"taxonomy":"post_tag","embeddable":true,"href":"https:\/\/www.24baires.com\/index.php?rest_route=%2Fwp%2Fv2%2Ftags&post=119687"}],"curies":[{"name":"wp","href":"https:\/\/api.w.org\/{rel}","templated":true}]}}