{"id":119682,"date":"2022-12-31T11:28:36","date_gmt":"2022-12-31T14:28:36","guid":{"rendered":"http:\/\/www.24baires.com\/?p=119682"},"modified":"2022-12-31T11:28:36","modified_gmt":"2022-12-31T14:28:36","slug":"los-objetivos-del-banco-central-para-2023","status":"publish","type":"post","link":"https:\/\/www.24baires.com\/?p=119682","title":{"rendered":"Los objetivos del Banco Central para 2023"},"content":{"rendered":"<p><img data-recalc-dims=\"1\" loading=\"lazy\" decoding=\"async\" class=\"aligncenter wp-image-25765\" src=\"https:\/\/i0.wp.com\/www.24baires.com\/wp-content\/uploads\/2013\/06\/banco-central.jpg?resize=720%2C432\" alt=\"\" width=\"720\" height=\"432\" srcset=\"https:\/\/i0.wp.com\/www.24baires.com\/wp-content\/uploads\/2013\/06\/banco-central.jpg?w=500&amp;ssl=1 500w, https:\/\/i0.wp.com\/www.24baires.com\/wp-content\/uploads\/2013\/06\/banco-central.jpg?resize=300%2C180&amp;ssl=1 300w\" sizes=\"auto, (max-width: 720px) 100vw, 720px\" \/>El informe de fin de a\u00f1o del Banco Central realiza una evaluaci\u00f3n del 2022 y analiza cu\u00e1les considera que ser\u00e1n las principales tendencias de la inflaci\u00f3n, actividad, d\u00f3lar y tasa de inter\u00e9s para el a\u00f1o que se inicia, adem\u00e1s de metas espec\u00edficas para la entidad monetaria.<!--more--><\/p>\n<p>La econom\u00eda seguir\u00e1 creciendo. La inflaci\u00f3n continuar\u00e1 bajando paulatinamente. La tasa de inter\u00e9s para las colocaciones a plazo ser\u00e1 positiva en relaci\u00f3n a la evoluci\u00f3n general de precios. El tipo de cambio oficial se ajustar\u00e1 diariamente para acompa\u00f1ar la variaci\u00f3n de la tasa de inflaci\u00f3n. Este es el escenario econ\u00f3mico base que proyecta el Banco Central para el 2023.<\/p>\n<p>En el informe \u00abObjetivos y planes respecto del desarrollo de las pol\u00edticas monetaria, cambiaria, financiera y crediticia para el a\u00f1o 2023\u00bb el Banco Central realiza una evaluaci\u00f3n del a\u00f1o que termin\u00f3 y analiza cu\u00e1les considera que ser\u00e1n las principales tendencias de variables clave, adem\u00e1s de metas espec\u00edficas para la entidad monetaria.<\/p>\n<p>El reporte destaca que la econom\u00eda argentina no fue ajena a shocks externos (el conflicto b\u00e9lico en Ucrania, la pol\u00edtica covid cero de China, el alza de la inflaci\u00f3n y el consiguiente aumento de la tasa de inter\u00e9s internacional), que \u00abse adicionaron a los factores propiamente idiosincr\u00e1ticos\u00bb.<\/p>\n<p>Informa que el PIB mantuvo una tendencia creciente a lo largo del a\u00f1o, ya sin efectos colaterales de la nueva ola de covid, gracias al avance del proceso de vacunaci\u00f3n. As\u00ed, \u00abla econom\u00eda habr\u00eda finalizado el a\u00f1o con una tasa de expansi\u00f3n superior al 5 por ciento promedio anual\u00bb, precisa.<\/p>\n<p>Para agregar que el desempe\u00f1o por sectores de actividad econ\u00f3mica no fue homog\u00e9neo, puesto que el sector primario se vio afectado por una sequ\u00eda que impact\u00f3 negativamente sobre la producci\u00f3n de ma\u00edz y, hacia fines de a\u00f1o, sobre la de trigo.<\/p>\n<p>Mientras el sector agr\u00edcola tuvo este comportamiento, el resto de la actividad econ\u00f3mica recuper\u00f3 los niveles m\u00e1ximos alcanzados en 2017 y el empleo registrado alcanz\u00f3 niveles record.<\/p>\n<p>El Banco Central dice que, como se esperaba, los rubros particularmente din\u00e1micos en 2022 fueron los que m\u00e1s hab\u00edan retrocedido en la pandemia y los que, en conjunto, ya lograron \u00abrecomponer sus niveles prepandemia\u00bb.<\/p>\n<p>Qu\u00e9 pas\u00f3 con la inflaci\u00f3n<br \/>\nLa entidad conducida por Miguel Pesce ofrece la siguiente explicaci\u00f3n acerca de la aceleraci\u00f3n de la tasa de inflaci\u00f3n en el 2022:<\/p>\n<p>\u00abEn un entorno macroecon\u00f3mico m\u00e1s din\u00e1mico y, teniendo en cuenta la elevada inercia inflacionaria que tra\u00eda la econom\u00eda argentina, el shock de la guerra en Ucrania y su impacto sobre el precio de las materias primas impuls\u00f3 la inflaci\u00f3n de alimentos y, por ende, el nivel general de precios durante la primera parte del a\u00f1o\u00bb.<\/p>\n<p>De todos modos surge el interrogante de por qu\u00e9 este shock fue m\u00e1s intenso en la econom\u00eda argentina en relaci\u00f3n a otras.<\/p>\n<p>La respuesta que brinda el Banco Central es que \u00abla existencia de mecanismos formales e informales de indexaci\u00f3n aument\u00f3 la magnitud y persistencia del impacto de este shock inflacionario\u00bb. Para detallar que \u00aben particular, se observ\u00f3 un proceso de adelantamiento y concentraci\u00f3n de las paritarias salariales\u00bb.<\/p>\n<p>Luego menciona que, cuando hacia mediados de a\u00f1o comenzaban a disiparse los efectos del shock externo del alza de los precios de alimentos y energ\u00eda por la guerra, \u00abse dio un episodio de incremento de la volatilidad en los mercados financieros locales que redund\u00f3 en un aumento de la incertidumbre cambiaria y de las expectativas de inflaci\u00f3n, lo que motiv\u00f3 una nueva aceleraci\u00f3n en el ritmo de crecimiento de los precios dom\u00e9sticos\u00bb.<\/p>\n<p>Este \u00abepisodio\u00bb no es explicitado en el informe pero se trata de la renuncia del ministro de Econom\u00eda Mart\u00edn Guzm\u00e1n.<\/p>\n<p>El Central destaca que en los \u00faltimos meses del a\u00f1o se observ\u00f3 una sistem\u00e1tica baja en las tasas de inflaci\u00f3n mensuales, como resultado de una serie de medidas adoptadas por el Gobierno Nacional y la orientaci\u00f3n de la pol\u00edtica monetaria y cambiaria del BCRA para contener la aceleraci\u00f3n verificada en el tercer trimestre.<\/p>\n<p>En n\u00fameros, durante 2022 se registr\u00f3 una tasa de inflaci\u00f3n promedio mensual de 5,8 por ciento en los primeros once meses del a\u00f1o, que dio lugar a una expansi\u00f3n interanual a noviembre de 92,4 por ciento, apuntando que sobre la din\u00e1mica de los \u00faltimos meses de 2022 incidi\u00f3 el proceso de segmentaci\u00f3n de tarifas de electricidad, gas y agua.<\/p>\n<p>C\u00f3mo vienen los mercados financieros internacionales<br \/>\nEl escenario econ\u00f3mico para el nuevo a\u00f1o que vislumbra el Banco Central define condiciones financieras internacionales similares a las de fines de 2022.<\/p>\n<p>Esto significa que la din\u00e1mica inflacionaria global y las respuestas de pol\u00edtica econ\u00f3mica que se vienen implementando podr\u00edan dar lugar el pr\u00f3ximo a\u00f1o a una ralentizaci\u00f3n del crecimiento global, mayores costos de financiamiento externo y menores precios internacionales de las materias primas.<\/p>\n<p>Respecto a lo que puede pasar en los mercados financieros globales, indica que ya hubo importantes correcciones en el 2022 (por ejemplo, el indicador burs\u00e1til Nasdaq baj\u00f3 33 por ciento, el S&amp;P, 19 por ciento y el \u00edndice de mercados emergentes, 23 por ciento), y \u00abno se puede descartar que se registren nuevas ca\u00eddas en un entorno en el que se espera que las tasas de inter\u00e9s de referencia se sostengan en niveles elevados\u00bb.<\/p>\n<p>Cu\u00e1l es la perspectiva de la econom\u00eda argentina<br \/>\nEl Banco Central estima que la econom\u00eda argentina continuar\u00e1 creciendo por tercer a\u00f1o consecutivo, a un ritmo menor que en 2022 dado que pr\u00e1cticamente todos los sectores alcanzaron sus niveles prepandemia.<\/p>\n<p>Espera entonces una expansi\u00f3n de 2 por ciento a precios constantes en 2023, aunque aclara que esta proyecci\u00f3n podr\u00eda verse condicionada por el riesgo asociado a la sequ\u00eda que est\u00e1 afectando al sector agr\u00edcola y de la cual, por estar todav\u00eda en desarrollo, se desconoce su impacto pleno.<\/p>\n<p>Respecto a la inflaci\u00f3n, proyecta que contin\u00fae en el sendero de desaceleraci\u00f3n gradual en l\u00ednea a lo que sucedi\u00f3 en la \u00faltima parte del 2022.<\/p>\n<p>En un contexto de crecimiento del PIB y reducci\u00f3n de la inflaci\u00f3n, la entidad monetaria eval\u00faa entonces que habr\u00e1 un incremento de la demanda de dinero. Por eso, aspira tener una menor intervenci\u00f3n en la plaza financiera en la tarea de esterilizaci\u00f3n monetaria (captaci\u00f3n de fondos l\u00edquidos del mercado).<\/p>\n<p>Adem\u00e1s, adelanta que seguir\u00e1 apoyando la recuperaci\u00f3n de la actividad econ\u00f3mica estimulando la oferta crediticia, en particular aquella vinculada al desarrollo productivo y al cambio tecnol\u00f3gico.<\/p>\n<p>Cu\u00e1l ser\u00e1 el recorrido del d\u00f3lar oficial<br \/>\nEn el informe del Banco Central queda claro que el equipo econ\u00f3mico (el ministro Sergio Massa y Miguel Pesce) no tienen ni la m\u00e1s m\u00ednima intenci\u00f3n de aplicar una fuerte devaluaci\u00f3n ni un ajuste \u00abdiscreto\u00bb \u2013como lo denominan economistas de la city- por encima de la tasa de inflaci\u00f3n.<\/p>\n<p>No consideran que exista un atraso cambiario relevante y, por lo tanto, continuar\u00e1 el r\u00e9gimen de crawling peg (peque\u00f1as modificaciones diarias de la paridad) acompa\u00f1ando la evoluci\u00f3n general de precios.<\/p>\n<p>El reporte lo dice del siguiente modo:<\/p>\n<p>\u00abLa mejora gradual del tipo de cambio real y la calibraci\u00f3n de las tasas de inter\u00e9s en un terreno positivo en t\u00e9rminos reales, de manera de garantizar una mayor disponibilidad de instrumentos de ahorro que permitan a las y los argentinos obtener rendimientos acordes con la evoluci\u00f3n de la inflaci\u00f3n y del tipo de cambio, contribuir\u00e1n a anclar las expectativas cambiarias favoreciendo el proceso de desinflaci\u00f3n\u00bb.<\/p>\n<p>A su vez, informa que seguir\u00e1 interviniendo en los mercados secundarios de deuda para acotar la volatilidad de las cotizaciones de los t\u00edtulos p\u00fablicos en pesos.<\/p>\n<p>Para que no haya dudas acerca de lo que piensa el Banco Central acerca del tipo de cambio oficial, reitera que \u00abse adecuar\u00e1 el ritmo de depreciaci\u00f3n de la moneda dom\u00e9stica con el objetivo de mantener la competitividad externa de la econom\u00eda y propiciar la acumulaci\u00f3n de reservas internacionales sobre la base del ingreso genuino de divisas provenientes del sector externo\u00bb.<\/p>\n<p>En este sentido, pondera que la construcci\u00f3n del gasoducto N\u00e9stor Kirchner genere un importante ahorro de divisas por la sustituci\u00f3n de importaci\u00f3n de combustibles con producci\u00f3n local e incluso incrementar la capacidad de exportar combustibles (por ejemplo, a partir de plantas que permitan exportar GNL a trav\u00e9s de embarcaciones).<\/p>\n<p>Los 9 objetivos principales del BCRA<br \/>\nA continuaci\u00f3n se enumera los aspectos m\u00e1s destacados de la gu\u00eda de gesti\u00f3n del Banco Central para el a\u00f1o que comienza:<\/p>\n<p>Procurar disminuir la tasa de inflaci\u00f3n en modo consistente y gradual, mediante la administraci\u00f3n prudente de las condiciones monetarias, financieras y cambiarias.<br \/>\nCalibrar la pol\u00edtica cambiaria y de tasas de inter\u00e9s para propender a la estabilidad cambiaria y fortalecer su posici\u00f3n de reservas internacionales. Las regulaciones cambiarias contribuir\u00e1n a minimizar eventuales presiones en el mercado de cambios y en el mediano plazo se relajar\u00e1n progresivamente en la medida que se observe una consolidaci\u00f3n en el saldo favorable del sector externo.<br \/>\nConstruir un proceso que restablezca la confianza en la moneda local como reserva de valor. El BCRA entiende que el fortalecimiento de la moneda dom\u00e9stica, para que act\u00fae como reserva de valor de las y los argentinos, es un proceso largo. Para ello es precondici\u00f3n asegurar la sostenibilidad del r\u00e9gimen cambiario y establecer un sendero de tasas de inter\u00e9s que asegure que las y los argentinos obtengan rendimientos acordes con la evoluci\u00f3n de la inflaci\u00f3n y del tipo de cambio. Lograr este objetivo permitir\u00e1 potenciar la intermediaci\u00f3n financiera y profundizar el mercado local de capitales, sobre los cuales se podr\u00e1 alcanzar un crecimiento econ\u00f3mico sostenible.<br \/>\nContinuar apoyando el proceso de expansi\u00f3n del mercado interno y el crecimiento de las exportaciones, incentivando aumentos en la inversi\u00f3n privada y la productividad. Esto permitir\u00e1 conjugar la expansi\u00f3n de la demanda y el empleo con la transformaci\u00f3n productiva necesaria para darle sostenibilidad al crecimiento econ\u00f3mico.<br \/>\nSeguir estimulando la oferta de cr\u00e9dito al sector privado, entendiendo que es una herramienta necesaria para el desarrollo productivo y el cambio tecnol\u00f3gico.<br \/>\nContribuir de manera coordinada con otros organismos del sector p\u00fablico nacional en la profundizaci\u00f3n del mercado local de capitales para propender a un mayor financiamiento interno, p\u00fablico y privado, y a una ampliaci\u00f3n del abanico de posibilidades de inversi\u00f3n de ahorristas, permitiendo la canalizaci\u00f3n de fondos a actividades productivas.<br \/>\nMantener actualizada la regulaci\u00f3n micro y macroprudencial, en funci\u00f3n de las mejores recomendaciones internacionales de la materia, sin descuidar las caracter\u00edsticas propias del mercado financiero local. Adem\u00e1s, preservar el monitoreo del desempe\u00f1o de las entidades en pos de prever y abordar eventuales situaciones de vulnerabilidad, apuntando a sostener adecuados niveles de liquidez y solvencia en el conjunto de las entidades.<br \/>\nProfundizar la promoci\u00f3n de la educaci\u00f3n financiera, ampliando y democratizando el alcance de los servicios financieros como condici\u00f3n necesaria para que todos los segmentos de la sociedad contribuyan y se beneficien con el crecimiento de la econom\u00eda.<br \/>\nPromover una adecuada incorporaci\u00f3n, gesti\u00f3n, regulaci\u00f3n y supervisi\u00f3n de los riesgos asociados a los criterios ambientales, sociales y de gobernanza en el sistema financiero, incluidos los riesgos financieros y de balanza de pagos, asociados al clima.<\/p>\n<p>No son pron\u00f3sticos; son lineamientos de pol\u00edtica econ\u00f3mica<br \/>\nA diferencia de la secta de economistas de la city que se dedican a jugar en el pa\u00f1o de las variables econ\u00f3micas, tirando fichas de cifras a la bartola, el informe del Banco Central plantea cu\u00e1les son los objetivos de la pol\u00edtica monetaria y cambiaria en un determinado escenario econ\u00f3mico local e internacional.<\/p>\n<p>Despu\u00e9s se observar\u00e1, al cabo de un a\u00f1o, si se consiguieron alcanzar esas metas, como la reducci\u00f3n de la inflaci\u00f3n, la expansi\u00f3n de la actividad o la estabilidad en la plaza cambiaria.<\/p>\n<p>Pero resulta una gu\u00eda imprescindible de conocer porque orienta acerca de cu\u00e1l es el sendero que el equipo econ\u00f3mico quiere transitar, lo que implica una pista consistente para la toma de decisiones por parte de los agentes econ\u00f3micos y tambi\u00e9n para la evaluaci\u00f3n en t\u00e9rminos pol\u00edticos del \u00faltimo a\u00f1o del gobierno de Alberto Fern\u00e1ndez.<\/p>\n<p>Es mucho m\u00e1s importante saber entonces qu\u00e9 piensa hacer el Banco Central en el 2023, independientemente de si se est\u00e1 de acuerdo o no con estos lineamientos y previsiones, m\u00e1s que prestar atenci\u00f3n a los pron\u00f3sticos-deseos de los economistas del establishment convertidos en expertos en el error.<\/p>\n<p>Fuente: Alfredo Zaiata \/ P\u00e1gina 12<\/p>\n","protected":false},"excerpt":{"rendered":"<p>El informe de fin de a\u00f1o del Banco Central realiza una evaluaci\u00f3n del 2022 y analiza cu\u00e1les considera que ser\u00e1n las principales tendencias de la inflaci\u00f3n, actividad, d\u00f3lar y tasa de inter\u00e9s para el a\u00f1o que se inicia, adem\u00e1s de metas espec\u00edficas para la entidad monetaria.<\/p>\n","protected":false},"author":4,"featured_media":0,"comment_status":"closed","ping_status":"closed","sticky":false,"template":"","format":"standard","meta":{"_jetpack_newsletter_access":"","_jetpack_dont_email_post_to_subs":false,"_jetpack_newsletter_tier_id":0,"_jetpack_memberships_contains_paywalled_content":false,"_jetpack_memberships_contains_paid_content":false,"footnotes":""},"categories":[45],"tags":[],"class_list":["post-119682","post","type-post","status-publish","format-standard","hentry","category-economia"],"jetpack_featured_media_url":"","jetpack_shortlink":"https:\/\/wp.me\/p2JWE0-v8m","jetpack-related-posts":[{"id":104768,"url":"https:\/\/www.24baires.com\/?p=104768","url_meta":{"origin":119682,"position":0},"title":"Los plazos fijos ya ofrecen tasas del 50%","author":"GB","date":"04\/10\/2018","format":false,"excerpt":"Elevaron considerablemente las tasas de inter\u00e9s, con el objetivo de captar los pesos que circulan, enfriar la econom\u00eda y descomprimir la inflaci\u00f3n La elevada tasa de referencia dispuesta por el Banco Central para frenar la demanda de d\u00f3lares impact\u00f3 fuerte en los plazos fijos para ahorristas, en los que las\u2026","rel":"","context":"En \u00abEconom\u00eda\u00bb","block_context":{"text":"Econom\u00eda","link":"https:\/\/www.24baires.com\/?cat=45"},"img":{"alt_text":"","src":"https:\/\/i0.wp.com\/www.24baires.com\/wp-content\/uploads\/2013\/06\/billete-cien-pesos.jpg?resize=350%2C200","width":350,"height":200,"srcset":"https:\/\/i0.wp.com\/www.24baires.com\/wp-content\/uploads\/2013\/06\/billete-cien-pesos.jpg?resize=350%2C200 1x, https:\/\/i0.wp.com\/www.24baires.com\/wp-content\/uploads\/2013\/06\/billete-cien-pesos.jpg?resize=525%2C300 1.5x"},"classes":[]},{"id":119988,"url":"https:\/\/www.24baires.com\/?p=119988","url_meta":{"origin":119682,"position":1},"title":"Prev\u00e9n inflaci\u00f3n del 7% en marzo y 110% en el a\u00f1o","author":"AF","date":"07\/04\/2023","format":false,"excerpt":"La encuesta del Banco Central entre analistas de mercado recogi\u00f3 pron\u00f3sticos mucho m\u00e1s pesimistas que los de un mes atr\u00e1s. Suba de 10 puntos en la inflaci\u00f3n esperada 7 fuerte ca\u00edda en el nivel del PIB. En el tercer relevamiento del a\u00f1o que realiza el Banco Central entre analistas y\u2026","rel":"","context":"En \u00abEconom\u00eda\u00bb","block_context":{"text":"Econom\u00eda","link":"https:\/\/www.24baires.com\/?cat=45"},"img":{"alt_text":"","src":"https:\/\/i0.wp.com\/www.24baires.com\/wp-content\/uploads\/2023\/03\/inflacion-aceite-precios-super-gondolas-consumo.jpg?resize=350%2C200","width":350,"height":200,"srcset":"https:\/\/i0.wp.com\/www.24baires.com\/wp-content\/uploads\/2023\/03\/inflacion-aceite-precios-super-gondolas-consumo.jpg?resize=350%2C200 1x, https:\/\/i0.wp.com\/www.24baires.com\/wp-content\/uploads\/2023\/03\/inflacion-aceite-precios-super-gondolas-consumo.jpg?resize=525%2C300 1.5x, https:\/\/i0.wp.com\/www.24baires.com\/wp-content\/uploads\/2023\/03\/inflacion-aceite-precios-super-gondolas-consumo.jpg?resize=700%2C400 2x"},"classes":[]},{"id":107105,"url":"https:\/\/www.24baires.com\/?p=107105","url_meta":{"origin":119682,"position":2},"title":"Economistas anticipan una inflaci\u00f3n del 31,9% y el d\u00f3lar a $48 a fin de a\u00f1o","author":"AF","date":"06\/03\/2019","format":false,"excerpt":"El Relevamiento de Expectativas de Mercado (REM) muestra un marcado pesimismo de los analistas econ\u00f3micos con respecto al futuro inmediato de la econom\u00eda. Los analistas del mercado \"revisaron al alza\" los pron\u00f3sticos de inflaci\u00f3n y proyectan para este a\u00f1o un 31,9%; mientras que estimaron un tipo de cambio para marzo\u2026","rel":"","context":"En \u00abEconom\u00eda\u00bb","block_context":{"text":"Econom\u00eda","link":"https:\/\/www.24baires.com\/?cat=45"},"img":{"alt_text":"","src":"https:\/\/i0.wp.com\/www.24baires.com\/wp-content\/uploads\/2018\/07\/d%C3%B3lar.jpg?resize=350%2C200","width":350,"height":200,"srcset":"https:\/\/i0.wp.com\/www.24baires.com\/wp-content\/uploads\/2018\/07\/d%C3%B3lar.jpg?resize=350%2C200 1x, https:\/\/i0.wp.com\/www.24baires.com\/wp-content\/uploads\/2018\/07\/d%C3%B3lar.jpg?resize=525%2C300 1.5x"},"classes":[]},{"id":93886,"url":"https:\/\/www.24baires.com\/?p=93886","url_meta":{"origin":119682,"position":3},"title":"El FMI estima que Argentina alcanzar\u00e1 una inflaci\u00f3n del 25,6% en 2017","author":"AF","date":"18\/04\/2017","format":false,"excerpt":"Seg\u00fan un informe elaborado por el Fondo Monetario Internacional, la inflaci\u00f3n de este a\u00f1o en Argentina se ubicar\u00e1 muchos puntos por encima del 17 por ciento que estableci\u00f3 el gobierno de Mauricio Macri. Incluso para 2018, la suba ser\u00eda del 18 por ciento. Las \u00faltimas proyecciones del Fondo Monetario Internacional\u2026","rel":"","context":"En \u00abEconom\u00eda\u00bb","block_context":{"text":"Econom\u00eda","link":"https:\/\/www.24baires.com\/?cat=45"},"img":{"alt_text":"","src":"https:\/\/i0.wp.com\/www.24baires.com\/wp-content\/uploads\/2015\/04\/fmi.jpg?resize=350%2C200","width":350,"height":200,"srcset":"https:\/\/i0.wp.com\/www.24baires.com\/wp-content\/uploads\/2015\/04\/fmi.jpg?resize=350%2C200 1x, https:\/\/i0.wp.com\/www.24baires.com\/wp-content\/uploads\/2015\/04\/fmi.jpg?resize=525%2C300 1.5x"},"classes":[]},{"id":106996,"url":"https:\/\/www.24baires.com\/?p=106996","url_meta":{"origin":119682,"position":4},"title":"El Central subi\u00f3 una vez m\u00e1s la tasa de referencia y el d\u00f3lar oper\u00f3 casi estable","author":"AF","date":"26\/02\/2019","format":false,"excerpt":"El d\u00f3lar subi\u00f3 5 centavos y cerr\u00f3 a 40,05 pesos. La autoridad monetaria subi\u00f3 por tercer d\u00eda consecutivo la tasa de las Letras de Liquidez para quitarle presi\u00f3n a la divisa estadounidense. Decidido a quitarle volatilidad al mercado cambiario el Banco Central subi\u00f3 este martes una vez m\u00e1s la tasa\u2026","rel":"","context":"En \u00abEconom\u00eda\u00bb","block_context":{"text":"Econom\u00eda","link":"https:\/\/www.24baires.com\/?cat=45"},"img":{"alt_text":"","src":"https:\/\/i0.wp.com\/www.24baires.com\/wp-content\/uploads\/2018\/07\/d%C3%B3lar.jpg?resize=350%2C200","width":350,"height":200,"srcset":"https:\/\/i0.wp.com\/www.24baires.com\/wp-content\/uploads\/2018\/07\/d%C3%B3lar.jpg?resize=350%2C200 1x, https:\/\/i0.wp.com\/www.24baires.com\/wp-content\/uploads\/2018\/07\/d%C3%B3lar.jpg?resize=525%2C300 1.5x"},"classes":[]},{"id":93783,"url":"https:\/\/www.24baires.com\/?p=93783","url_meta":{"origin":119682,"position":5},"title":"El Central aumenta la tasa de inter\u00e9s de 24,75%, a 26,25%","author":"AF","date":"12\/04\/2017","format":false,"excerpt":"La entidad liderada por Federico Sturzzeneger reafirm\u00f3 su pol\u00edtica antiinflacionaria e increment\u00f3 en 150 puntos b\u00e1sicos su tasa de Pol\u00edtica Monetaria, al tiempo que mantuvo la amplitud del corredor de pases a 7 d\u00edas sin cambios. El Banco Central (BCRA) decidi\u00f3 incrementar en 150 puntos b\u00e1sicos su tasa de Pol\u00edtica\u2026","rel":"","context":"En \u00abEconom\u00eda\u00bb","block_context":{"text":"Econom\u00eda","link":"https:\/\/www.24baires.com\/?cat=45"},"img":{"alt_text":"","src":"https:\/\/i0.wp.com\/www.24baires.com\/wp-content\/uploads\/2015\/07\/banco-central.jpg?resize=350%2C200","width":350,"height":200,"srcset":"https:\/\/i0.wp.com\/www.24baires.com\/wp-content\/uploads\/2015\/07\/banco-central.jpg?resize=350%2C200 1x, https:\/\/i0.wp.com\/www.24baires.com\/wp-content\/uploads\/2015\/07\/banco-central.jpg?resize=525%2C300 1.5x"},"classes":[]}],"jetpack_sharing_enabled":true,"jetpack_likes_enabled":true,"_links":{"self":[{"href":"https:\/\/www.24baires.com\/index.php?rest_route=\/wp\/v2\/posts\/119682","targetHints":{"allow":["GET"]}}],"collection":[{"href":"https:\/\/www.24baires.com\/index.php?rest_route=\/wp\/v2\/posts"}],"about":[{"href":"https:\/\/www.24baires.com\/index.php?rest_route=\/wp\/v2\/types\/post"}],"author":[{"embeddable":true,"href":"https:\/\/www.24baires.com\/index.php?rest_route=\/wp\/v2\/users\/4"}],"replies":[{"embeddable":true,"href":"https:\/\/www.24baires.com\/index.php?rest_route=%2Fwp%2Fv2%2Fcomments&post=119682"}],"version-history":[{"count":1,"href":"https:\/\/www.24baires.com\/index.php?rest_route=\/wp\/v2\/posts\/119682\/revisions"}],"predecessor-version":[{"id":119683,"href":"https:\/\/www.24baires.com\/index.php?rest_route=\/wp\/v2\/posts\/119682\/revisions\/119683"}],"wp:attachment":[{"href":"https:\/\/www.24baires.com\/index.php?rest_route=%2Fwp%2Fv2%2Fmedia&parent=119682"}],"wp:term":[{"taxonomy":"category","embeddable":true,"href":"https:\/\/www.24baires.com\/index.php?rest_route=%2Fwp%2Fv2%2Fcategories&post=119682"},{"taxonomy":"post_tag","embeddable":true,"href":"https:\/\/www.24baires.com\/index.php?rest_route=%2Fwp%2Fv2%2Ftags&post=119682"}],"curies":[{"name":"wp","href":"https:\/\/api.w.org\/{rel}","templated":true}]}}