{"id":119654,"date":"2022-12-22T13:21:54","date_gmt":"2022-12-22T16:21:54","guid":{"rendered":"http:\/\/www.24baires.com\/?p=119654"},"modified":"2022-12-22T13:21:54","modified_gmt":"2022-12-22T16:21:54","slug":"kicillof-el-fallo-de-la-corte-suprema-es-una-verdadera-inmundicia","status":"publish","type":"post","link":"https:\/\/www.24baires.com\/?p=119654","title":{"rendered":"Kicillof: \u00abEl fallo de la Corte Suprema es una verdadera inmundicia\u00bb"},"content":{"rendered":"<p><img data-recalc-dims=\"1\" loading=\"lazy\" decoding=\"async\" class=\"aligncenter wp-image-119124\" src=\"https:\/\/i0.wp.com\/www.24baires.com\/wp-content\/uploads\/2022\/07\/kicillof.jpg?resize=720%2C480\" alt=\"\" width=\"720\" height=\"480\" srcset=\"https:\/\/i0.wp.com\/www.24baires.com\/wp-content\/uploads\/2022\/07\/kicillof.jpg?w=960&amp;ssl=1 960w, https:\/\/i0.wp.com\/www.24baires.com\/wp-content\/uploads\/2022\/07\/kicillof.jpg?resize=300%2C200&amp;ssl=1 300w, https:\/\/i0.wp.com\/www.24baires.com\/wp-content\/uploads\/2022\/07\/kicillof.jpg?resize=768%2C512&amp;ssl=1 768w\" sizes=\"auto, (max-width: 720px) 100vw, 720px\" \/>El mandatario bonaerense cuestion\u00f3 con dureza el fallo que favoreci\u00f3 a la Ciudad de Buenos Aires en la discusi\u00f3n en torno a los fondos coparticipables. \u201cTodos los gobernadores est\u00e1n de acuerdo, aunque algunos no lo dicen por restricciones pol\u00edticas\u201d, afirm\u00f3. <!--more--><\/p>\n<p>El gobernador de la Provincia de Buenos Aires, Axel Kicillof, afirm\u00f3 hoy que el fallo de la Corte Suprema de Justicia conocido ayer que benefici\u00f3 a la ciudad de Buenos Aires en materia de fondos coparticipables es \u00abuna verdadera inmundicia\u00bb y consider\u00f3 que representa un \u00abatentado al federalismo, la democracia y la Rep\u00fablica\u00bb.<\/p>\n<p>\u201cEsto no fue un fallo pol\u00edtico, fue un fallo partidario destinado a favorecer a una min\u00fascula parte de nuestro pa\u00eds en detrimento del resto\u201d, dijo el gobernador que asegur\u00f3 que \u201cpor preanunciada\u201d, la decisi\u00f3n de la Corte \u201cno es menos escandalosa\u201d.<\/p>\n<p>En un acto que tuvo lugar en Almirante Brown y en la previa a la reuni\u00f3n con gobernadores en Casa Rosada, el mandatario bonaerense volvi\u00f3 a arremeter contra una connvicencia entre sectores opositores, judiciales y medi\u00e1ticos que \u201chan venido trabajando para instalar que este fallo tiene algo de justo, pero en realidad est\u00e1 apartado hasta de la tradici\u00f3n de la propia Corte Suprema de Justicia\u201d.<\/p>\n<p>\u201cEs un fallo que plantea que una ley aprobada por el Congreso nacional, que determina cu\u00e1ntos recursos debe recibir la Ciudad de Buenos Aires por el traspaso de la polic\u00eda, queda en una situaci\u00f3n totalmente extra\u00f1a. Porque las leyes se aplican, o se derogan o son declaras inconstitucionales, pero no se pueden suspender por la recomendaci\u00f3n de un tribunal. Estamos en un limbo en el que nos han metido solamente para favorecer a una jurisdicci\u00f3n\u201d, asegur\u00f3 en el cierre de una nueva una nueva alcaid\u00eda departamental en el partido de Almirante Brown junto al ministro de Obras P\u00fablicas de la Naci\u00f3n, Gabriel Katopodis; al ministro de Justicia bonaerense, Julio Alak; el intendente Juan Fabiani y el diputado provincial Mariano Cascallares.<\/p>\n<p>\u201cTodos los gobernadores de la Argentina est\u00e1n de acuerdo. Esto es un atentado contra el federalismo, contra la democracia, la rep\u00fablica y la constituci\u00f3n y las provincias, que son preexistentes a la Naci\u00f3n\u201d, afirm\u00f3 Kicillof que advirti\u00f3 que algunos de sus pares, puntualmente los enrolados en Juntos por el Cambio, \u201cno lo dicen a viva voz por restricciones pol\u00edticas\u201d.<\/p>\n<p>Por \u00faltimo, el mandatario envi\u00f3 un mensaje a los opositores que se enumeran para sucederlo a partir de las elecciones del 2023 y que, hasta el momento del discurso, optaron por no pronunciarse y favorecer, de esa manera, a la jugada del Jefe de Gobierno porte\u00f1o, el presidenciable PRO Horacio Rodr\u00edguez Larreta. \u00abLos candidatos en provincia que quieren gobernarla con el desastre que hicieron \u00bfqu\u00e9 van a decir ahora? \u00bfSe van a pronunciar a favor del saqueo? Quiero escucharlos a los que quieren gobernarla, que se callan y tienen complicidad con ese saqueo\u00bb, lanz\u00f3 el gobernador.<\/p>\n","protected":false},"excerpt":{"rendered":"<p>El mandatario bonaerense cuestion\u00f3 con dureza el fallo que favoreci\u00f3 a la Ciudad de Buenos Aires en la discusi\u00f3n en torno a los fondos coparticipables. \u201cTodos los gobernadores est\u00e1n de acuerdo, aunque algunos no lo dicen por restricciones pol\u00edticas\u201d, afirm\u00f3.<\/p>\n","protected":false},"author":4,"featured_media":0,"comment_status":"closed","ping_status":"closed","sticky":false,"template":"","format":"standard","meta":{"_jetpack_newsletter_access":"","_jetpack_dont_email_post_to_subs":false,"_jetpack_newsletter_tier_id":0,"_jetpack_memberships_contains_paywalled_content":false,"_jetpack_memberships_contains_paid_content":false,"footnotes":""},"categories":[40],"tags":[],"class_list":["post-119654","post","type-post","status-publish","format-standard","hentry","category-provincia"],"jetpack_shortlink":"https:\/\/wp.me\/p2JWE0-v7U","jetpack-related-posts":[{"id":78155,"url":"https:\/\/www.24baires.com\/?p=78155","url_meta":{"origin":119654,"position":0},"title":"Frigerio recibe a gobernadores del PJ","author":"GB","date":"26\/01\/2016","format":false,"excerpt":"Se reunir\u00e1 ma\u00f1ana al mediod\u00eda con 13 mandatarios provinciales que le llevar\u00e1n un temario que incluye la discusi\u00f3n por la distribuci\u00f3n de los fondos coparticipables, la reactivaci\u00f3n de obras p\u00fablicas paralizadas y el pago de deudas previsionales entre otras cuestiones. El ministro del Interior, Obras P\u00fablicas y Vivienda, Rogelio Frigerio,\u2026","rel":"","context":"En \u00abPol\u00edtica\u00bb","block_context":{"text":"Pol\u00edtica","link":"https:\/\/www.24baires.com\/?cat=51"},"img":{"alt_text":"frigerio","src":"https:\/\/i0.wp.com\/www.24baires.com\/wp-content\/uploads\/2016\/01\/frigerio.jpg?resize=350%2C200","width":350,"height":200,"srcset":"https:\/\/i0.wp.com\/www.24baires.com\/wp-content\/uploads\/2016\/01\/frigerio.jpg?resize=350%2C200 1x, https:\/\/i0.wp.com\/www.24baires.com\/wp-content\/uploads\/2016\/01\/frigerio.jpg?resize=525%2C300 1.5x"},"classes":[]},{"id":48111,"url":"https:\/\/www.24baires.com\/?p=48111","url_meta":{"origin":119654,"position":1},"title":"Scioli, sobre los fondos buitre: \u00abTenemos que estar todos detr\u00e1s del Gobierno\u00bb","author":"GB","date":"16\/06\/2014","format":false,"excerpt":"El gobernador bonaerense respald\u00f3 al gobierno nacional, tras el fallo de la Corte Suprema norteamericana por los fondos buitre. El gobernador de la provincia de Buenos Aires, Daniel Scioli, pidi\u00f3 respaldar al Gobierno nacional, que conduce la presidenta, Cristina Fern\u00e1ndez de Kirchner, tras el fallo de la Corte Suprema de\u2026","rel":"","context":"En \u00abPol\u00edtica\u00bb","block_context":{"text":"Pol\u00edtica","link":"https:\/\/www.24baires.com\/?cat=51"},"img":{"alt_text":"scioli1","src":"https:\/\/i0.wp.com\/www.24baires.com\/wp-content\/uploads\/2013\/10\/scioli1.jpg?resize=350%2C200","width":350,"height":200},"classes":[]},{"id":116184,"url":"https:\/\/www.24baires.com\/?p=116184","url_meta":{"origin":119654,"position":2},"title":"Kicillof anunci\u00f3 un salario inicial de bolsillo de $44 mil para la polic\u00eda bonaerense","author":"AF","date":"10\/09\/2020","format":false,"excerpt":"Con esta decisi\u00f3n \"comienza una equiparaci\u00f3n del salario con el de la Polic\u00eda Federal Argentina\", asegur\u00f3 el gobernador desde la Casa de Gobierno, al anunciar un plan integral de seguridad para el distrito. El gobernador bonaerense, Axel Kicillof, anunci\u00f3 hoy que unos 39 mil oficiales de la polic\u00eda bonaerense \"pasar\u00e1n\u2026","rel":"","context":"En \u00abProvincia\u00bb","block_context":{"text":"Provincia","link":"https:\/\/www.24baires.com\/?cat=40"},"img":{"alt_text":"","src":"https:\/\/i0.wp.com\/www.24baires.com\/wp-content\/uploads\/2020\/07\/gollan-kicillof.jpg?resize=350%2C200","width":350,"height":200,"srcset":"https:\/\/i0.wp.com\/www.24baires.com\/wp-content\/uploads\/2020\/07\/gollan-kicillof.jpg?resize=350%2C200 1x, https:\/\/i0.wp.com\/www.24baires.com\/wp-content\/uploads\/2020\/07\/gollan-kicillof.jpg?resize=525%2C300 1.5x"},"classes":[]},{"id":121890,"url":"https:\/\/www.24baires.com\/?p=121890","url_meta":{"origin":119654,"position":3},"title":"Kicillof, libre de culpa: la Justicia confirm\u00f3 que no hubo perjuicio en la causa D\u00f3lar Futuro","author":"GB","date":"06\/12\/2024","format":false,"excerpt":"La Corte Suprema cerr\u00f3 la causa \"D\u00f3lar Futuro\", confirmando el sobreseimiento de Axel Kicillof y Cristina Kirchner al no encontrar perjuicio al Estado. La Corte Suprema de Justicia puso punto final a la causa conocida como \u201cD\u00f3lar futuro\u201d, en la que estaban imputados el actual gobernador bonaerense Axel Kicillof, quien\u2026","rel":"","context":"En \u00abProvincia\u00bb","block_context":{"text":"Provincia","link":"https:\/\/www.24baires.com\/?cat=40"},"img":{"alt_text":"","src":"https:\/\/i0.wp.com\/www.24baires.com\/wp-content\/uploads\/2023\/09\/kicillof.webp?resize=350%2C200","width":350,"height":200,"srcset":"https:\/\/i0.wp.com\/www.24baires.com\/wp-content\/uploads\/2023\/09\/kicillof.webp?resize=350%2C200 1x, https:\/\/i0.wp.com\/www.24baires.com\/wp-content\/uploads\/2023\/09\/kicillof.webp?resize=525%2C300 1.5x, https:\/\/i0.wp.com\/www.24baires.com\/wp-content\/uploads\/2023\/09\/kicillof.webp?resize=700%2C400 2x"},"classes":[]},{"id":96447,"url":"https:\/\/www.24baires.com\/?p=96447","url_meta":{"origin":119654,"position":4},"title":"Varios gobernadores acudir\u00e1n a la Corte Suprema contra el &#8216;Fondo del Conurbano&#8217;","author":"Grupo Sierra","date":"03\/08\/2017","format":false,"excerpt":"Tras una reuni\u00f3n en la casa de Entre R\u00edos, los jefes de Estado provinciales decidieron que acudir\u00e1n a la Corte Suprema para que no haga lugar al pedido por el \"Fondo del Conurbano\". Mar\u00eda Eugenia Vidal logr\u00f3 lo que parec\u00eda dific\u00edl meses atr\u00e1s, uni\u00f3 a los gobernadores peronistas por un\u2026","rel":"","context":"En \u00abPol\u00edtica\u00bb","block_context":{"text":"Pol\u00edtica","link":"https:\/\/www.24baires.com\/?cat=51"},"img":{"alt_text":"","src":"https:\/\/i0.wp.com\/www.politicargentina.com\/advf\/imagenes\/2017\/08\/59838e4aa6710_750x517.jpg?resize=350%2C200","width":350,"height":200,"srcset":"https:\/\/i0.wp.com\/www.politicargentina.com\/advf\/imagenes\/2017\/08\/59838e4aa6710_750x517.jpg?resize=350%2C200 1x, https:\/\/i0.wp.com\/www.politicargentina.com\/advf\/imagenes\/2017\/08\/59838e4aa6710_750x517.jpg?resize=525%2C300 1.5x"},"classes":[]},{"id":119656,"url":"https:\/\/www.24baires.com\/?p=119656","url_meta":{"origin":119654,"position":5},"title":"Alberto Fern\u00e1ndez acatar\u00e1 el fallo de la Corte Suprema","author":"GB","date":"26\/12\/2022","format":false,"excerpt":"Si bien el presidente de la Naci\u00f3n, Alberto Fern\u00e1ndez, volvi\u00f3 a criticar la sentencia, anunci\u00f3 que acatar\u00e1 el fallo de la Corte y que recusar\u00e1 a los jueces. Por medio de un extenso hilo de Twitter, el presidente de la Naci\u00f3n, Alberto Fern\u00e1ndez, afirm\u00f3 que acatar\u00e1 fallo de coparticipaci\u00f3n en\u2026","rel":"","context":"En \u00abPol\u00edtica\u00bb","block_context":{"text":"Pol\u00edtica","link":"https:\/\/www.24baires.com\/?cat=51"},"img":{"alt_text":"","src":"https:\/\/i0.wp.com\/www.24baires.com\/wp-content\/uploads\/2022\/09\/alberto.jpg?resize=350%2C200","width":350,"height":200,"srcset":"https:\/\/i0.wp.com\/www.24baires.com\/wp-content\/uploads\/2022\/09\/alberto.jpg?resize=350%2C200 1x, https:\/\/i0.wp.com\/www.24baires.com\/wp-content\/uploads\/2022\/09\/alberto.jpg?resize=525%2C300 1.5x, https:\/\/i0.wp.com\/www.24baires.com\/wp-content\/uploads\/2022\/09\/alberto.jpg?resize=700%2C400 2x"},"classes":[]}],"jetpack_sharing_enabled":true,"jetpack_likes_enabled":true,"jetpack_featured_media_url":"","_links":{"self":[{"href":"https:\/\/www.24baires.com\/index.php?rest_route=\/wp\/v2\/posts\/119654","targetHints":{"allow":["GET"]}}],"collection":[{"href":"https:\/\/www.24baires.com\/index.php?rest_route=\/wp\/v2\/posts"}],"about":[{"href":"https:\/\/www.24baires.com\/index.php?rest_route=\/wp\/v2\/types\/post"}],"author":[{"embeddable":true,"href":"https:\/\/www.24baires.com\/index.php?rest_route=\/wp\/v2\/users\/4"}],"replies":[{"embeddable":true,"href":"https:\/\/www.24baires.com\/index.php?rest_route=%2Fwp%2Fv2%2Fcomments&post=119654"}],"version-history":[{"count":1,"href":"https:\/\/www.24baires.com\/index.php?rest_route=\/wp\/v2\/posts\/119654\/revisions"}],"predecessor-version":[{"id":119655,"href":"https:\/\/www.24baires.com\/index.php?rest_route=\/wp\/v2\/posts\/119654\/revisions\/119655"}],"wp:attachment":[{"href":"https:\/\/www.24baires.com\/index.php?rest_route=%2Fwp%2Fv2%2Fmedia&parent=119654"}],"wp:term":[{"taxonomy":"category","embeddable":true,"href":"https:\/\/www.24baires.com\/index.php?rest_route=%2Fwp%2Fv2%2Fcategories&post=119654"},{"taxonomy":"post_tag","embeddable":true,"href":"https:\/\/www.24baires.com\/index.php?rest_route=%2Fwp%2Fv2%2Ftags&post=119654"}],"curies":[{"name":"wp","href":"https:\/\/api.w.org\/{rel}","templated":true}]}}