{"id":11965,"date":"2013-01-12T16:29:57","date_gmt":"2013-01-12T19:29:57","guid":{"rendered":"http:\/\/www.24baires.com\/?p=11965"},"modified":"2013-01-12T16:29:57","modified_gmt":"2013-01-12T19:29:57","slug":"pre-congreso-sobre-prevencion-de-las-adicciones-en-necochea","status":"publish","type":"post","link":"https:\/\/www.24baires.com\/?p=11965","title":{"rendered":"Pre Congreso sobre prevenci\u00f3n de las adicciones en Necochea"},"content":{"rendered":"<p>El subsecretario de Atenci\u00f3n a las Adicciones, Carlos Sanguinetti, y el intendente de Necochea, Horacio Tellechea, encabezaron un pre Congreso para Padres sobre prevenci\u00f3n de adicciones en el sal\u00f3n blanco del municipio de esa ciudad balnearia.<!--more--><\/p>\n<p>En la jornada, Sanguinetti anunci\u00f3 para los pr\u00f3ximos meses la apertura de un nuevo Centro Provincial de Atenci\u00f3n a las Adicciones en la localidad de Quequ\u00e9n.<\/p>\n<p>El nuevo centro contar\u00e1 con un equipo de profesionales que atender\u00e1n la demanda espec\u00edfica de tratamiento por consumo problem\u00e1tico de sustancias y realizar\u00e1 un trabajo preventivo comunitario con actores sociales e instituciones locales.<\/p>\n<p>El pr\u00f3ximo martes a las 18, en tanto, se realizar\u00e1 el Congreso Para Padres en el \u201cBuenos Aires Arena\u201d de Mar del Plata, que ser\u00e1 el cierre de los pre congresos que se realizaron en las diferentes ciudades de la costa.<\/p>\n<p>La actividad forma parte del recorrido que la Provincia lleva adelante en las localidades balnearias para trabajar junto a los padres y las autoridades municipales.<\/p>\n<p>Del encuentro participaron tambi\u00e9n el Presidente de la Fundaci\u00f3n Proyecto Padres, Adri\u00e1n Dall\u00b4Asta; y profesionales de los Centros Provinciales de Atenci\u00f3n (CPA) de Necochea y la zona.<\/p>\n<p>&nbsp;<\/p>\n<p>&nbsp;<\/p>\n<p>&nbsp;<\/p>\n<p>&nbsp;<\/p>\n<p>&nbsp;<\/p>\n<p>&nbsp;<\/p>\n<p>&nbsp;<\/p>\n<p>&nbsp;<\/p>\n<p>&nbsp;<\/p>\n<p>&nbsp;<\/p>\n<p>&nbsp;<\/p>\n<p>&nbsp;<\/p>\n<p>&nbsp;<\/p>\n<p>&nbsp;<\/p>\n<p>&nbsp;<\/p>\n<p>&nbsp;<\/p>\n<p>&nbsp;<\/p>\n<p>&nbsp;<\/p>\n<p>&nbsp;<\/p>\n<p>&nbsp;<\/p>\n<p>&nbsp;<\/p>\n<p>&nbsp;<\/p>\n<p>&nbsp;<\/p>\n","protected":false},"excerpt":{"rendered":"<p>El subsecretario de Atenci\u00f3n a las Adicciones, Carlos Sanguinetti, y el intendente de Necochea, Horacio Tellechea, encabezaron un pre Congreso para Padres sobre prevenci\u00f3n de adicciones en el sal\u00f3n blanco del municipio de esa ciudad balnearia.<\/p>\n","protected":false},"author":4,"featured_media":0,"comment_status":"open","ping_status":"open","sticky":false,"template":"","format":"standard","meta":{"_jetpack_newsletter_access":"","_jetpack_dont_email_post_to_subs":false,"_jetpack_newsletter_tier_id":0,"_jetpack_memberships_contains_paywalled_content":false,"_jetpack_memberships_contains_paid_content":false,"footnotes":""},"categories":[1],"tags":[],"class_list":["post-11965","post","type-post","status-publish","format-standard","hentry","category-sociedad"],"jetpack_featured_media_url":"","jetpack_shortlink":"https:\/\/wp.me\/p2JWE0-36Z","jetpack-related-posts":[{"id":9843,"url":"https:\/\/www.24baires.com\/?p=9843","url_meta":{"origin":11965,"position":0},"title":"Contin\u00faan los encuentros entre padres para controlar la nocturnidad esta temporada","author":"AF","date":"20\/12\/2012","format":false,"excerpt":"La Subsecretar\u00eda de Atenci\u00f3n a las Adicciones (SADA) y la municipalidad de La Costa realizaron un Pre Congreso de Padres en la localidad de Costa del Este, en el marco de las tareas emprendidas por la provincia de Buenos Aires para disminuir los riesgos de la nocturnidad y los excesos\u2026","rel":"","context":"En \u00abSociedad\u00bb","block_context":{"text":"Sociedad","link":"https:\/\/www.24baires.com\/?cat=1"},"img":{"alt_text":"pre congreso","src":"https:\/\/i0.wp.com\/www.24baires.com\/wp-content\/uploads\/2012\/12\/pre-congreso-300x185.jpg?resize=350%2C200","width":350,"height":200},"classes":[]},{"id":12433,"url":"https:\/\/www.24baires.com\/?p=12433","url_meta":{"origin":11965,"position":1},"title":"Collia: \u201cNecesitamos que los padres acompa\u00f1en en la prevenci\u00f3n del alcoholismo\u00bb","author":"AF","date":"16\/01\/2013","format":false,"excerpt":"El ministro de Salud de la Provincia de Buenos Aires, Alejandro Collia, encabez\u00f3 en la noche del martes el Congreso para Padres que se llev\u00f3 a cabo en el escenario \u201cBuenos Aires Arena\u201d, en Mar del Plata, con un llamado al di\u00e1logo entre adultos y adolescentes que deje en claro\u2026","rel":"","context":"En \u00abSociedad\u00bb","block_context":{"text":"Sociedad","link":"https:\/\/www.24baires.com\/?cat=1"},"img":{"alt_text":"","src":"","width":0,"height":0},"classes":[]},{"id":14229,"url":"https:\/\/www.24baires.com\/?p=14229","url_meta":{"origin":11965,"position":2},"title":"Nuevo Centro de Prevenci\u00f3n de las Adicciones para Balcarce","author":"AF","date":"01\/02\/2013","format":false,"excerpt":"En el municipio de Balcarce se puso en funcionamiento la nueva sede del Centro de Prevenci\u00f3n de las Adicciones (CPA), que a partir de la fecha funcionar\u00e1 en el espacio del Hospital Municipal. El intendente de Balcarce, Jos\u00e9 Echeverr\u00eda, junto al ministro de Salud de la Provincia de Buenos Aires,\u2026","rel":"","context":"En \u00abLocales\u00bb","block_context":{"text":"Locales","link":"https:\/\/www.24baires.com\/?cat=38"},"img":{"alt_text":"","src":"","width":0,"height":0},"classes":[]},{"id":7952,"url":"https:\/\/www.24baires.com\/?p=7952","url_meta":{"origin":11965,"position":3},"title":"Provincia y padres bonaerenses trabajan para generar noches seguras en la temporada","author":"AF","date":"05\/12\/2012","format":false,"excerpt":"Este verano, la provincia de Buenos Aires apostar\u00e1 a la sensibilizaci\u00f3n de los padres bonaerenses con el fin de lograr una noche segura para los j\u00f3venes en las localidades balnearias durante la temporada. Por eso, la Fundaci\u00f3n Proyecto Padres realiz\u00f3 en Mar del Plata el primer Pre Congreso para Padres\u2026","rel":"","context":"En \u00abSociedad\u00bb","block_context":{"text":"Sociedad","link":"https:\/\/www.24baires.com\/?cat=1"},"img":{"alt_text":"","src":"","width":0,"height":0},"classes":[]},{"id":36455,"url":"https:\/\/www.24baires.com\/?p=36455","url_meta":{"origin":11965,"position":4},"title":"Este verano, la Provincia realizar\u00e1 campa\u00f1as enfocadas en prevenci\u00f3n","author":"AF","date":"09\/12\/2013","format":false,"excerpt":"Con 16 ambulancias apostadas en puntos estrat\u00e9gicos de las rutas a la Costa, 10 hospitales m\u00f3viles en distritos tur\u00edsticos y casi 200 profesionales para controles de alcoholemia, fortalecimiento de las guardias y asistencia en caso de adicciones, el ministerio de Salud pondr\u00e1 en marcha la Campa\u00f1a de Verano 2013-2014. A\u2026","rel":"","context":"En \u00abProvincia\u00bb","block_context":{"text":"Provincia","link":"https:\/\/www.24baires.com\/?cat=40"},"img":{"alt_text":"","src":"","width":0,"height":0},"classes":[]},{"id":53783,"url":"https:\/\/www.24baires.com\/?p=53783","url_meta":{"origin":11965,"position":5},"title":"Psic\u00f3logos, t\u00e9cnicos y funcionarios en una discusi\u00f3n sobre el suicidio","author":"Grupo Sierra","date":"16\/09\/2014","format":false,"excerpt":"La provincia organiz\u00f3 una jornada sobre abordaje y prevenci\u00f3n del tema, con la presencia de 150 personas, incluyendo especialistas de diversas carteras y varios funcionarios de la Gobernaci\u00f3n. Este martes el secretario de Ni\u00f1ez y Adolescencia bonaerense, Pablo Navarro, expuso en la mesa de apertura de la jornada para Abordaje\u2026","rel":"","context":"En \u00abSociedad\u00bb","block_context":{"text":"Sociedad","link":"https:\/\/www.24baires.com\/?cat=1"},"img":{"alt_text":"","src":"","width":0,"height":0},"classes":[]}],"jetpack_sharing_enabled":true,"jetpack_likes_enabled":true,"_links":{"self":[{"href":"https:\/\/www.24baires.com\/index.php?rest_route=\/wp\/v2\/posts\/11965","targetHints":{"allow":["GET"]}}],"collection":[{"href":"https:\/\/www.24baires.com\/index.php?rest_route=\/wp\/v2\/posts"}],"about":[{"href":"https:\/\/www.24baires.com\/index.php?rest_route=\/wp\/v2\/types\/post"}],"author":[{"embeddable":true,"href":"https:\/\/www.24baires.com\/index.php?rest_route=\/wp\/v2\/users\/4"}],"replies":[{"embeddable":true,"href":"https:\/\/www.24baires.com\/index.php?rest_route=%2Fwp%2Fv2%2Fcomments&post=11965"}],"version-history":[{"count":2,"href":"https:\/\/www.24baires.com\/index.php?rest_route=\/wp\/v2\/posts\/11965\/revisions"}],"predecessor-version":[{"id":11967,"href":"https:\/\/www.24baires.com\/index.php?rest_route=\/wp\/v2\/posts\/11965\/revisions\/11967"}],"wp:attachment":[{"href":"https:\/\/www.24baires.com\/index.php?rest_route=%2Fwp%2Fv2%2Fmedia&parent=11965"}],"wp:term":[{"taxonomy":"category","embeddable":true,"href":"https:\/\/www.24baires.com\/index.php?rest_route=%2Fwp%2Fv2%2Fcategories&post=11965"},{"taxonomy":"post_tag","embeddable":true,"href":"https:\/\/www.24baires.com\/index.php?rest_route=%2Fwp%2Fv2%2Ftags&post=11965"}],"curies":[{"name":"wp","href":"https:\/\/api.w.org\/{rel}","templated":true}]}}