{"id":119621,"date":"2022-12-12T11:47:10","date_gmt":"2022-12-12T14:47:10","guid":{"rendered":"http:\/\/www.24baires.com\/?p=119621"},"modified":"2022-12-12T11:47:10","modified_gmt":"2022-12-12T14:47:10","slug":"udocba-le-exige-una-revision-salarial-al-gobierno-de-kicillof","status":"publish","type":"post","link":"https:\/\/www.24baires.com\/?p=119621","title":{"rendered":"Udocba le exige una \u00abrevisi\u00f3n salarial\u00bb al gobierno de Kicillof"},"content":{"rendered":"<p><img data-recalc-dims=\"1\" loading=\"lazy\" decoding=\"async\" class=\"aligncenter wp-image-51017\" src=\"https:\/\/i0.wp.com\/www.24baires.com\/wp-content\/uploads\/2014\/08\/udocba.jpg?resize=720%2C450\" alt=\"\" width=\"720\" height=\"450\" srcset=\"https:\/\/i0.wp.com\/www.24baires.com\/wp-content\/uploads\/2014\/08\/udocba.jpg?w=560&amp;ssl=1 560w, https:\/\/i0.wp.com\/www.24baires.com\/wp-content\/uploads\/2014\/08\/udocba.jpg?resize=300%2C187&amp;ssl=1 300w\" sizes=\"auto, (max-width: 720px) 100vw, 720px\" \/>En  contrapartida del titular del gremio de Suteba, quien se muestra cercano al gobernador, la Uni\u00f3n de Docentes de la Provincia de Buenos Aires pidi\u00f3 una revisi\u00f3n en los sueldos. \u00abEs en virtud del avance inflacionario\u00bb, explicaron desde el gremio. Tambi\u00e9n exigen respuesta a otras peticiones laborales.<!--more--><\/p>\n<p>Uni\u00f3n de Docentes de la Provincia de Buenos Aires (Udocba) pidi\u00f3 a las autoridades la convocatoria a la comisi\u00f3n salarial del sector para \u00abrealizar la revisi\u00f3n prevista\u00bb de los haberes del sector \u00aben virtud del avance inflacionario\u00bb, inform\u00f3 el sindicato.<\/p>\n<p>Asimismo, la entidad gremial demand\u00f3 \u00aben la Comisi\u00f3n de Salud Laboral la efectivizaci\u00f3n de la firma del Acuerdo Paritario de Licencia Parental, para poder gozar del mismo derecho al uso de dicha licencia que el resto de los empleados estatales, y as\u00ed alcanzar un modelo m\u00e1s equitativo y reducir las desigualdades de g\u00e9nero en la crianza de las ni\u00f1as, los ni\u00f1os y adolescentes\u00bb.<\/p>\n<p>En cuanto a la Comisi\u00f3n Condiciones Laborales, sostuvo que pide \u00abformular como Acuerdo Paritario la RM 2672\/15 de Resguardo y Reparaci\u00f3n en caso de denuncias hacia docentes, en un contexto en el cual los y las trabajadores de la educaci\u00f3n son v\u00edctimas de situaciones de violencia en las escuelas u objeto de denuncias penales\u00bb.<\/p>\n<p>Adem\u00e1s, Udocba se\u00f1al\u00f3 en un comunicado que \u00aben la Comisi\u00f3n de Relaciones Colectivas se debe abordar el tema del Convenio Colectivo de Trabajo, recordando la necesidad de resguardar en dicho Convenio todos los derechos y conquistas adquiridos en el Estatuto Docente\u00bb.<\/p>\n<p>El gremio que conduce Alejandro Salcedo enfatiz\u00f3 \u00abla necesidad de atender estos pedidos, con el objeto de dar tratamiento a estos temas de agenda pendientes, que requieren de resoluci\u00f3n inmediata\u00bb.<\/p>\n","protected":false},"excerpt":{"rendered":"<p>En contrapartida del titular del gremio de Suteba, quien se muestra cercano al gobernador, la Uni\u00f3n de Docentes de la Provincia de Buenos Aires pidi\u00f3 una revisi\u00f3n en los sueldos. \u00abEs en virtud del avance inflacionario\u00bb, explicaron desde el gremio. Tambi\u00e9n exigen respuesta a otras peticiones laborales.<\/p>\n","protected":false},"author":8,"featured_media":0,"comment_status":"closed","ping_status":"closed","sticky":false,"template":"","format":"standard","meta":{"_jetpack_newsletter_access":"","_jetpack_dont_email_post_to_subs":false,"_jetpack_newsletter_tier_id":0,"_jetpack_memberships_contains_paywalled_content":false,"_jetpack_memberships_contains_paid_content":false,"footnotes":""},"categories":[40],"tags":[],"class_list":["post-119621","post","type-post","status-publish","format-standard","hentry","category-provincia"],"jetpack_shortlink":"https:\/\/wp.me\/p2JWE0-v7n","jetpack-related-posts":[{"id":117181,"url":"https:\/\/www.24baires.com\/?p=117181","url_meta":{"origin":119621,"position":0},"title":"Provincia convoc\u00f3 a los gremios docentes para discutir salarios","author":"GB","date":"12\/02\/2021","format":false,"excerpt":"El gobierno de la provincia convoc\u00f3 a los gremios docentes nucleados en el Frente de Unidad Docente Bonaerense (FUDB) a paritarias. La reuni\u00f3n para discutir los salarios ser\u00e1 esta tarde a las 15.30 y se da luego de que los gremios reclamaran la \"urgente\" convocatoria para abrir la paritaria 2021.\u2026","rel":"","context":"En \u00abProvincia\u00bb","block_context":{"text":"Provincia","link":"https:\/\/www.24baires.com\/?cat=40"},"img":{"alt_text":"","src":"https:\/\/i0.wp.com\/www.24baires.com\/wp-content\/uploads\/2019\/11\/docentes-bonaerenses.jpg?resize=350%2C200","width":350,"height":200,"srcset":"https:\/\/i0.wp.com\/www.24baires.com\/wp-content\/uploads\/2019\/11\/docentes-bonaerenses.jpg?resize=350%2C200 1x, https:\/\/i0.wp.com\/www.24baires.com\/wp-content\/uploads\/2019\/11\/docentes-bonaerenses.jpg?resize=525%2C300 1.5x"},"classes":[]},{"id":120550,"url":"https:\/\/www.24baires.com\/?p=120550","url_meta":{"origin":119621,"position":1},"title":"Los gremios docentes se suman al reclamo para reabrir paritarias","author":"GB","date":"12\/10\/2023","format":false,"excerpt":"Tras el pedido de los estatales, gremios docentes de la provincia se sumaron al pedido de reapertura de paritarias. Los fundamentos del FUDB. Los gremios docentes de la provincia de Buenos Aires formalizaron este mi\u00e9rcoles ante el gobierno de Axel Kicillof el pedido de reapertura de paritarias. De esta manera,\u2026","rel":"","context":"En \u00abProvincia\u00bb","block_context":{"text":"Provincia","link":"https:\/\/www.24baires.com\/?cat=40"},"img":{"alt_text":"","src":"https:\/\/i0.wp.com\/www.24baires.com\/wp-content\/uploads\/2023\/10\/paritariasjpg.webp?resize=350%2C200","width":350,"height":200,"srcset":"https:\/\/i0.wp.com\/www.24baires.com\/wp-content\/uploads\/2023\/10\/paritariasjpg.webp?resize=350%2C200 1x, https:\/\/i0.wp.com\/www.24baires.com\/wp-content\/uploads\/2023\/10\/paritariasjpg.webp?resize=525%2C300 1.5x, https:\/\/i0.wp.com\/www.24baires.com\/wp-content\/uploads\/2023\/10\/paritariasjpg.webp?resize=700%2C400 2x"},"classes":[]},{"id":114229,"url":"https:\/\/www.24baires.com\/?p=114229","url_meta":{"origin":119621,"position":2},"title":"El Frente Gremial Docente rechaz\u00f3 la primera propuesta salarial de Kicillof","author":"GB","date":"27\/02\/2020","format":false,"excerpt":"Contin\u00faan las negociaciones a cuatro d\u00edas del inicio de clases. Hoy habr\u00e1 una nueva reuni\u00f3n El Frente Gremial Docenterechaz\u00f3 la primera propuesta salarial del gobernador Axel Kicillofpor \"insuficiente\".\"Contin\u00faan las negociaciones\", inform\u00f3 el Frente a cuatro d\u00edas del inicio de clases programado el 2 de marzo en este territorio. El Sindicato\u2026","rel":"","context":"En \u00abProvincia\u00bb","block_context":{"text":"Provincia","link":"https:\/\/www.24baires.com\/?cat=40"},"img":{"alt_text":"","src":"https:\/\/i0.wp.com\/www.24baires.com\/wp-content\/uploads\/2020\/02\/paritaria-docente.jpg?resize=350%2C200","width":350,"height":200,"srcset":"https:\/\/i0.wp.com\/www.24baires.com\/wp-content\/uploads\/2020\/02\/paritaria-docente.jpg?resize=350%2C200 1x, https:\/\/i0.wp.com\/www.24baires.com\/wp-content\/uploads\/2020\/02\/paritaria-docente.jpg?resize=525%2C300 1.5x"},"classes":[]},{"id":117190,"url":"https:\/\/www.24baires.com\/?p=117190","url_meta":{"origin":119621,"position":3},"title":"Docentes destacaron la convocatoria al di\u00e1logo y pidieron recomponer el salario","author":"GB","date":"15\/02\/2021","format":false,"excerpt":"Desde el Frente de Unidad Docente Bonaerense se manifestaron adem\u00e1s a favor de una discusi\u00f3n sobre la vuelta a clases presenciales con protocolos Ante la convocatoria a la primera reuni\u00f3n paritaria con los docentes, que lanz\u00f3 el gobierno de Axel Kicillof para este a\u00f1o, desde el FUDB expresaron \"la importancia\u2026","rel":"","context":"En \u00abProvincia\u00bb","block_context":{"text":"Provincia","link":"https:\/\/www.24baires.com\/?cat=40"},"img":{"alt_text":"","src":"https:\/\/i0.wp.com\/www.24baires.com\/wp-content\/uploads\/2019\/03\/docentes.jpg?resize=350%2C200","width":350,"height":200,"srcset":"https:\/\/i0.wp.com\/www.24baires.com\/wp-content\/uploads\/2019\/03\/docentes.jpg?resize=350%2C200 1x, https:\/\/i0.wp.com\/www.24baires.com\/wp-content\/uploads\/2019\/03\/docentes.jpg?resize=525%2C300 1.5x"},"classes":[]},{"id":107890,"url":"https:\/\/www.24baires.com\/?p=107890","url_meta":{"origin":119621,"position":4},"title":"Paro nacional: los principales gremios docentes de la provincia se suman a la medida de fuerza ma\u00f1ana. Adem\u00e1s parar\u00e1n ATE, CICOP y AJB.","author":"AF","date":"29\/04\/2019","format":false,"excerpt":"En el marco del paro nacional que realizar\u00e1n algunos sindicatos, los principales gremios docentes de la provincia de Buenos Aires no dictar\u00e1n clases durante el martes, medida a la que se suman adem\u00e1s los estatales de ATE, profesionales de la salud de Cicop y judiciales de la AJB. M\u00e1s all\u00e1\u2026","rel":"","context":"En \u00abSociedad\u00bb","block_context":{"text":"Sociedad","link":"https:\/\/www.24baires.com\/?cat=1"},"img":{"alt_text":"","src":"https:\/\/i0.wp.com\/www.24baires.com\/wp-content\/uploads\/2012\/11\/paro-docente.jpg?resize=350%2C200","width":350,"height":200,"srcset":"https:\/\/i0.wp.com\/www.24baires.com\/wp-content\/uploads\/2012\/11\/paro-docente.jpg?resize=350%2C200 1x, https:\/\/i0.wp.com\/www.24baires.com\/wp-content\/uploads\/2012\/11\/paro-docente.jpg?resize=525%2C300 1.5x"},"classes":[]},{"id":100499,"url":"https:\/\/www.24baires.com\/?p=100499","url_meta":{"origin":119621,"position":5},"title":"Los docentes se adelantan y exigen un aumento del 20% con cl\u00e1usula gatillo","author":"GB","date":"13\/02\/2018","format":false,"excerpt":"Desde SUTEBA avisaron que no aceptar\u00e1n un aumento del 15% en cuotas como desea la gobernadora y exigen que la cl\u00e1usula que se suma al porcentual tenga un aumento autom\u00e1tico en base a la inflaci\u00f3n. Aclar\u00f3 que las autoridades bonaerenses \"lo que est\u00e1n haciendo en realidad es bajar los salarios\u2026","rel":"","context":"En \u00abProvincia\u00bb","block_context":{"text":"Provincia","link":"https:\/\/www.24baires.com\/?cat=40"},"img":{"alt_text":"","src":"https:\/\/i0.wp.com\/www.24baires.com\/wp-content\/uploads\/2017\/07\/baradel.jpg?resize=350%2C200","width":350,"height":200,"srcset":"https:\/\/i0.wp.com\/www.24baires.com\/wp-content\/uploads\/2017\/07\/baradel.jpg?resize=350%2C200 1x, https:\/\/i0.wp.com\/www.24baires.com\/wp-content\/uploads\/2017\/07\/baradel.jpg?resize=525%2C300 1.5x"},"classes":[]}],"jetpack_sharing_enabled":true,"jetpack_likes_enabled":true,"jetpack_featured_media_url":"","_links":{"self":[{"href":"https:\/\/www.24baires.com\/index.php?rest_route=\/wp\/v2\/posts\/119621","targetHints":{"allow":["GET"]}}],"collection":[{"href":"https:\/\/www.24baires.com\/index.php?rest_route=\/wp\/v2\/posts"}],"about":[{"href":"https:\/\/www.24baires.com\/index.php?rest_route=\/wp\/v2\/types\/post"}],"author":[{"embeddable":true,"href":"https:\/\/www.24baires.com\/index.php?rest_route=\/wp\/v2\/users\/8"}],"replies":[{"embeddable":true,"href":"https:\/\/www.24baires.com\/index.php?rest_route=%2Fwp%2Fv2%2Fcomments&post=119621"}],"version-history":[{"count":1,"href":"https:\/\/www.24baires.com\/index.php?rest_route=\/wp\/v2\/posts\/119621\/revisions"}],"predecessor-version":[{"id":119622,"href":"https:\/\/www.24baires.com\/index.php?rest_route=\/wp\/v2\/posts\/119621\/revisions\/119622"}],"wp:attachment":[{"href":"https:\/\/www.24baires.com\/index.php?rest_route=%2Fwp%2Fv2%2Fmedia&parent=119621"}],"wp:term":[{"taxonomy":"category","embeddable":true,"href":"https:\/\/www.24baires.com\/index.php?rest_route=%2Fwp%2Fv2%2Fcategories&post=119621"},{"taxonomy":"post_tag","embeddable":true,"href":"https:\/\/www.24baires.com\/index.php?rest_route=%2Fwp%2Fv2%2Ftags&post=119621"}],"curies":[{"name":"wp","href":"https:\/\/api.w.org\/{rel}","templated":true}]}}