{"id":119587,"date":"2022-11-28T09:00:57","date_gmt":"2022-11-28T12:00:57","guid":{"rendered":"http:\/\/www.24baires.com\/?p=119587"},"modified":"2022-11-28T09:00:57","modified_gmt":"2022-11-28T12:00:57","slug":"sergio-massa-incorpora-combustibles-al-precios-justos","status":"publish","type":"post","link":"https:\/\/www.24baires.com\/?p=119587","title":{"rendered":"Sergio Massa incorpora combustibles al Precios Justos"},"content":{"rendered":"<p><img data-recalc-dims=\"1\" loading=\"lazy\" decoding=\"async\" class=\"aligncenter wp-image-119588\" src=\"https:\/\/i0.wp.com\/www.24baires.com\/wp-content\/uploads\/2022\/11\/sergio-massa-precios-justosjpg.jpg?resize=720%2C404\" alt=\"\" width=\"720\" height=\"404\" srcset=\"https:\/\/i0.wp.com\/www.24baires.com\/wp-content\/uploads\/2022\/11\/sergio-massa-precios-justosjpg.jpg?w=887&amp;ssl=1 887w, https:\/\/i0.wp.com\/www.24baires.com\/wp-content\/uploads\/2022\/11\/sergio-massa-precios-justosjpg.jpg?resize=300%2C168&amp;ssl=1 300w, https:\/\/i0.wp.com\/www.24baires.com\/wp-content\/uploads\/2022\/11\/sergio-massa-precios-justosjpg.jpg?resize=768%2C431&amp;ssl=1 768w\" sizes=\"auto, (max-width: 720px) 100vw, 720px\" \/>Las naftas no podr\u00e1n subir m\u00e1s del 4% durante el pr\u00f3ximo cuatrimestre. Hoy habr\u00e1 una reuni\u00f3n clave para oficializar el acuerdo.<!--more--><\/p>\n<p>El ministro de Econom\u00eda de la Naci\u00f3n, Sergio Massa, acord\u00f3 con empresas petroleras el ingreso de los combustibles al programa Precios Justos. El anuncio formal se realizar\u00e1 este lunes, pero seg\u00fan se adelant\u00f3, las naftas no podr\u00e1n aumentar m\u00e1s de un 4% en el pr\u00f3ximo cuatrimestre e ir\u00e1n por un sendero descendente hasta el 3,5%. El acuerdo se logr\u00f3 en una reuni\u00f3n que mantuvo el ministro con representantes de las principales petroleras del pa\u00eds.<\/p>\n<p>Seg\u00fan indicaron voceros oficiales, \u00ablas petroleras se suman a Precios Justos para ayudar en la rebaja inflacionaria\u00bb. La intenci\u00f3n es lograr un acuerdo de precios de cara a las vacaciones de verano por la expectativa que hay frente al movimiento tur\u00edstico interno despu\u00e9s de un 2022 que mostr\u00f3 resultados r\u00e9cord.<\/p>\n<p>TE PUEDE INTERESAR<br \/>\nEl ministro Sergio Massa lanz\u00f3 el programa que congela los precios de 1788 productos por cuatro meses. Agradeci\u00f3 a los intendentes que se sumaron.<br \/>\nCON INTENDENTES Y EMPRESARIOS<br \/>\nSergio Massa lanz\u00f3 Precios Justos: \u00abEste programa cierra si la gente est\u00e1 adentro\u00bb<br \/>\nSeg\u00fan deslizaron, Massa recibir\u00e1 hoy a directivos de YPF, Shell, Axion y Puma para terminar de definir el acuerdo y hacerlo oficial. Se espera que participe la secretaria de Energ\u00eda de la Naci\u00f3n, Flavia Royon y el de Comercio, Mat\u00edas Tombolini.<\/p>\n","protected":false},"excerpt":{"rendered":"<p>Las naftas no podr\u00e1n subir m\u00e1s del 4% durante el pr\u00f3ximo cuatrimestre. Hoy habr\u00e1 una reuni\u00f3n clave para oficializar el acuerdo.<\/p>\n","protected":false},"author":8,"featured_media":0,"comment_status":"closed","ping_status":"closed","sticky":false,"template":"","format":"standard","meta":{"_jetpack_newsletter_access":"","_jetpack_dont_email_post_to_subs":false,"_jetpack_newsletter_tier_id":0,"_jetpack_memberships_contains_paywalled_content":false,"_jetpack_memberships_contains_paid_content":false,"footnotes":""},"categories":[45],"tags":[],"class_list":["post-119587","post","type-post","status-publish","format-standard","hentry","category-economia"],"jetpack_featured_media_url":"","jetpack_shortlink":"https:\/\/wp.me\/p2JWE0-v6P","jetpack-related-posts":[{"id":120387,"url":"https:\/\/www.24baires.com\/?p=120387","url_meta":{"origin":119587,"position":0},"title":"Massa anunci\u00f3 un acuerdo para congelar el precio de los combustibles","author":"AF","date":"17\/08\/2023","format":false,"excerpt":"Ser\u00e1 hasta despu\u00e9s de las elecciones generales de octubre. Este jueves, YPF subi\u00f3 sus precios 12,5 por ciento. El ministro de Econom\u00eda, Sergio Massa, inform\u00f3 que los precios de los combustibles permanecer\u00e1n congelados hasta el 31 de octubre pr\u00f3ximo. Esta decisi\u00f3n se tom\u00f3 como respuesta al aumento del 12,5% que\u2026","rel":"","context":"En \u00abEconom\u00eda\u00bb","block_context":{"text":"Econom\u00eda","link":"https:\/\/www.24baires.com\/?cat=45"},"img":{"alt_text":"","src":"https:\/\/i0.wp.com\/www.24baires.com\/wp-content\/uploads\/2018\/01\/ypf.jpg?resize=350%2C200","width":350,"height":200,"srcset":"https:\/\/i0.wp.com\/www.24baires.com\/wp-content\/uploads\/2018\/01\/ypf.jpg?resize=350%2C200 1x, https:\/\/i0.wp.com\/www.24baires.com\/wp-content\/uploads\/2018\/01\/ypf.jpg?resize=525%2C300 1.5x, https:\/\/i0.wp.com\/www.24baires.com\/wp-content\/uploads\/2018\/01\/ypf.jpg?resize=700%2C400 2x"},"classes":[]},{"id":119910,"url":"https:\/\/www.24baires.com\/?p=119910","url_meta":{"origin":119587,"position":1},"title":"Aumentan los combustibles un 3,8%","author":"GB","date":"16\/03\/2023","format":false,"excerpt":"Luego de que se conociera la inflaci\u00f3n de febrero, Shell fue la primera en actualizar los precios de la nafta y el gasoil. trata del \u00faltimo aumento que acordado con el gobierno nacional en el marco del programa Precios Justos. Desde hoy, la nafta y el gasoil son un 3,8%\u2026","rel":"","context":"En \u00abEconom\u00eda\u00bb","block_context":{"text":"Econom\u00eda","link":"https:\/\/www.24baires.com\/?cat=45"},"img":{"alt_text":"","src":"https:\/\/i0.wp.com\/www.24baires.com\/wp-content\/uploads\/2013\/02\/surtidor-nafta.jpg?resize=350%2C200","width":350,"height":200,"srcset":"https:\/\/i0.wp.com\/www.24baires.com\/wp-content\/uploads\/2013\/02\/surtidor-nafta.jpg?resize=350%2C200 1x, https:\/\/i0.wp.com\/www.24baires.com\/wp-content\/uploads\/2013\/02\/surtidor-nafta.jpg?resize=525%2C300 1.5x, https:\/\/i0.wp.com\/www.24baires.com\/wp-content\/uploads\/2013\/02\/surtidor-nafta.jpg?resize=700%2C400 2x"},"classes":[]},{"id":102496,"url":"https:\/\/www.24baires.com\/?p=102496","url_meta":{"origin":119587,"position":2},"title":"A partir del s\u00e1bado, el combustible costar\u00e1 un 5% m\u00e1s","author":"AF","date":"01\/06\/2018","format":false,"excerpt":"El ministro Juan Jos\u00e9 Aranguren acord\u00f3 una nueva suba de la nafta y el gasoil. Se comprometi\u00f3 adem\u00e1s con las petroleras a habilitar una nueva suba, del 3%, a partir del 1\u00b0 de julio. El gobierno de Mauricio Macri acord\u00f3 con las compa\u00f1\u00edas petroleras una nueva suba en el precio\u2026","rel":"","context":"En \u00abEconom\u00eda\u00bb","block_context":{"text":"Econom\u00eda","link":"https:\/\/www.24baires.com\/?cat=45"},"img":{"alt_text":"","src":"https:\/\/i0.wp.com\/www.24baires.com\/wp-content\/uploads\/2013\/02\/surtidor-nafta.jpg?resize=350%2C200","width":350,"height":200,"srcset":"https:\/\/i0.wp.com\/www.24baires.com\/wp-content\/uploads\/2013\/02\/surtidor-nafta.jpg?resize=350%2C200 1x, https:\/\/i0.wp.com\/www.24baires.com\/wp-content\/uploads\/2013\/02\/surtidor-nafta.jpg?resize=525%2C300 1.5x"},"classes":[]},{"id":67962,"url":"https:\/\/www.24baires.com\/?p=67962","url_meta":{"origin":119587,"position":3},"title":"Durante el primer cuatrimestre del a\u00f1o, la producci\u00f3n de nafta fue la m\u00e1s alta en 6 a\u00f1os","author":"GB","date":"22\/06\/2015","format":false,"excerpt":"La actividad refinadora complet\u00f3 el primer cuatrimestre de 2015 con la producci\u00f3n de naftas m\u00e1s alta de los \u00faltimos seis a\u00f1os, con la capacidad instalada casi al m\u00e1ximo de sus posibilidades, de acuerdo a las cifras de la Secretar\u00eda de Energ\u00eda. Durante los cuatro primeros meses, las empresas petroleras obtuvieron\u2026","rel":"","context":"En \u00abEconom\u00eda\u00bb","block_context":{"text":"Econom\u00eda","link":"https:\/\/www.24baires.com\/?cat=45"},"img":{"alt_text":"","src":"","width":0,"height":0},"classes":[]},{"id":120806,"url":"https:\/\/www.24baires.com\/?p=120806","url_meta":{"origin":119587,"position":4},"title":"Milei aumentar\u00e1 nuevamente el valor del combustible","author":"AF","date":"28\/12\/2023","format":false,"excerpt":"Por la desregulaci\u00f3n de Milei, el valor \"mayorista\" del barril pasar\u00e1 de 60 d\u00f3lares a 80, tal el precio del barril Brent. Estiman que en surtidores habr\u00eda otra suba del 30 por ciento. Como buena parte de los art\u00edculos que se incluyeron en el DNU y en la Ley \u00d3mnibus\u2026","rel":"","context":"En \u00abEconom\u00eda\u00bb","block_context":{"text":"Econom\u00eda","link":"https:\/\/www.24baires.com\/?cat=45"},"img":{"alt_text":"","src":"https:\/\/i0.wp.com\/www.24baires.com\/wp-content\/uploads\/2023\/12\/WhatsApp-Image-2023-12-28-at-21.08.54.jpeg?resize=350%2C200","width":350,"height":200,"srcset":"https:\/\/i0.wp.com\/www.24baires.com\/wp-content\/uploads\/2023\/12\/WhatsApp-Image-2023-12-28-at-21.08.54.jpeg?resize=350%2C200 1x, https:\/\/i0.wp.com\/www.24baires.com\/wp-content\/uploads\/2023\/12\/WhatsApp-Image-2023-12-28-at-21.08.54.jpeg?resize=525%2C300 1.5x, https:\/\/i0.wp.com\/www.24baires.com\/wp-content\/uploads\/2023\/12\/WhatsApp-Image-2023-12-28-at-21.08.54.jpeg?resize=700%2C400 2x"},"classes":[]},{"id":111031,"url":"https:\/\/www.24baires.com\/?p=111031","url_meta":{"origin":119587,"position":5},"title":"Axion y Shell tambi\u00e9n aumentaron sus naftas un 2,5%","author":"GB","date":"02\/07\/2019","format":false,"excerpt":"La petrolera se sum\u00f3 a los incrementos que aplicaron Shell e YPF y la s\u00faper pas\u00f3 a costar $44,21 el litro. La petrolera Axion se sum\u00f3 a los aumentos que YPF y Shell aplicaron a sus naftas y tambi\u00e9n increment\u00f3 el precio de sus combustibles. El alza en YPF result\u00f3\u2026","rel":"","context":"En \u00abEconom\u00eda\u00bb","block_context":{"text":"Econom\u00eda","link":"https:\/\/www.24baires.com\/?cat=45"},"img":{"alt_text":"","src":"https:\/\/i0.wp.com\/www.24baires.com\/wp-content\/uploads\/2019\/02\/shel-nafta.jpg?resize=350%2C200","width":350,"height":200,"srcset":"https:\/\/i0.wp.com\/www.24baires.com\/wp-content\/uploads\/2019\/02\/shel-nafta.jpg?resize=350%2C200 1x, https:\/\/i0.wp.com\/www.24baires.com\/wp-content\/uploads\/2019\/02\/shel-nafta.jpg?resize=525%2C300 1.5x"},"classes":[]}],"jetpack_sharing_enabled":true,"jetpack_likes_enabled":true,"_links":{"self":[{"href":"https:\/\/www.24baires.com\/index.php?rest_route=\/wp\/v2\/posts\/119587","targetHints":{"allow":["GET"]}}],"collection":[{"href":"https:\/\/www.24baires.com\/index.php?rest_route=\/wp\/v2\/posts"}],"about":[{"href":"https:\/\/www.24baires.com\/index.php?rest_route=\/wp\/v2\/types\/post"}],"author":[{"embeddable":true,"href":"https:\/\/www.24baires.com\/index.php?rest_route=\/wp\/v2\/users\/8"}],"replies":[{"embeddable":true,"href":"https:\/\/www.24baires.com\/index.php?rest_route=%2Fwp%2Fv2%2Fcomments&post=119587"}],"version-history":[{"count":1,"href":"https:\/\/www.24baires.com\/index.php?rest_route=\/wp\/v2\/posts\/119587\/revisions"}],"predecessor-version":[{"id":119589,"href":"https:\/\/www.24baires.com\/index.php?rest_route=\/wp\/v2\/posts\/119587\/revisions\/119589"}],"wp:attachment":[{"href":"https:\/\/www.24baires.com\/index.php?rest_route=%2Fwp%2Fv2%2Fmedia&parent=119587"}],"wp:term":[{"taxonomy":"category","embeddable":true,"href":"https:\/\/www.24baires.com\/index.php?rest_route=%2Fwp%2Fv2%2Fcategories&post=119587"},{"taxonomy":"post_tag","embeddable":true,"href":"https:\/\/www.24baires.com\/index.php?rest_route=%2Fwp%2Fv2%2Ftags&post=119587"}],"curies":[{"name":"wp","href":"https:\/\/api.w.org\/{rel}","templated":true}]}}