{"id":119545,"date":"2022-11-16T11:53:12","date_gmt":"2022-11-16T14:53:12","guid":{"rendered":"http:\/\/www.24baires.com\/?p=119545"},"modified":"2022-11-16T11:53:12","modified_gmt":"2022-11-16T14:53:12","slug":"la-titular-del-fmi-respaldo-el-rumbo-economico-de-argentina","status":"publish","type":"post","link":"https:\/\/www.24baires.com\/?p=119545","title":{"rendered":"La titular del FMI respald\u00f3 el rumbo econ\u00f3mico de Argentina"},"content":{"rendered":"<p><img data-recalc-dims=\"1\" loading=\"lazy\" decoding=\"async\" class=\"aligncenter wp-image-119546\" src=\"https:\/\/i0.wp.com\/www.24baires.com\/wp-content\/uploads\/2022\/11\/reunion-fmijpg.jpg?resize=720%2C469\" alt=\"\" width=\"720\" height=\"469\" srcset=\"https:\/\/i0.wp.com\/www.24baires.com\/wp-content\/uploads\/2022\/11\/reunion-fmijpg.jpg?w=887&amp;ssl=1 887w, https:\/\/i0.wp.com\/www.24baires.com\/wp-content\/uploads\/2022\/11\/reunion-fmijpg.jpg?resize=300%2C195&amp;ssl=1 300w, https:\/\/i0.wp.com\/www.24baires.com\/wp-content\/uploads\/2022\/11\/reunion-fmijpg.jpg?resize=768%2C500&amp;ssl=1 768w\" sizes=\"auto, (max-width: 720px) 100vw, 720px\" \/>Kristalina Georgieva mantuvo una reuni\u00f3n con Alberto Fern\u00e1ndez en la cumbre del G20. La revisi\u00f3n de sobrecargos y el precio de la guerra en agenda.<!--more--><\/p>\n<p>presidente de la Naci\u00f3n, Alberto Fern\u00e1ndez, cerr\u00f3 su participaci\u00f3n en la cumbre del G20 reuni\u00e9ndose con la titular del Fondo Monetario Internacional (FMI), Kristalina Georgieva. El c\u00f3nclave sirvi\u00f3 para reiterar el pedido de revisi\u00f3n de los sobrecargos que la Argentina viene pag\u00e1ndole al organismo crediticio. El mandatario ya hab\u00eda anticipado en Par\u00eds que esta pol\u00edtica debe replantearse tambi\u00e9n para pa\u00edses como Ucrania.<\/p>\n<p>Se trata del costo que deben pagarle algunos pa\u00edses al FMI por recibir cr\u00e9ditos superiores al que les corresponder\u00eda de acuerdo a la cuota que aportan al organismo. En el caso de Argentina, por el pr\u00e9stamos de 44 mil millones de d\u00f3lares, el sobrecargo es de unos 1.300 millones de d\u00f3lares por a\u00f1o. \u00abSon mecanismos muy injustos que afectan a los pa\u00edses m\u00e1s castigados por las deudas\u00bb, hab\u00eda asegurado el mandatario desde Francia.<\/p>\n<p>Lo que dej\u00f3 la reuni\u00f3n de Alberto Fern\u00e1ndez con Xi Jinping<br \/>\nLa \u00faltima reuni\u00f3n entre Alberto Fern\u00e1ndez y Kristalina Georgieva hab\u00eda sido en Nueva York. En esa oportunidad, el presidente advirti\u00f3 que \u00abla guerra (entre Rusia y Ucrania) alter\u00f3 las condiciones econ\u00f3micas del mundo\u00bb. Desde entonces viene planteando la necesidad de revisar los sobrecargos, pero tambi\u00e9n de hablar de los efectos econ\u00f3micos del conflicto b\u00e9lico que para el pa\u00eds fueron, seg\u00fan Fern\u00e1ndez, de 5 mil millones de d\u00f3lares.<\/p>\n<p>El encuentro realizado este mi\u00e9rcoles en Bali dur\u00f3 alrededor de 40 minutos y tuvo al presidente acompa\u00f1ado por su canciller, Santiago Cafiero, y su ministro de Econom\u00eda, Sergio Massa. Al finalizar, Georgieva declar\u00f3 que las delegaciones mantuvieron \u00abuna conversaci\u00f3n muy buena sobre la guerra en Ucrania\u00bb. La economista b\u00falgara tambi\u00e9n subray\u00f3 la importancia de que Argentina \u00absiga con el objetivo de bajar la inflaci\u00f3n\u00bb.<\/p>\n<p>Desde el hotel Meli\u00e1, la titular del FMI confirm\u00f3 que Argentina super\u00f3 la segunda revisi\u00f3n y destac\u00f3 la disciplina del equipo econ\u00f3mico. \u00abEs muy importante que argentina mantenga el rumbo tal como lo hizo tan exitosamente durante los \u00faltimos meses\u00bb, indic\u00f3. Georgieva estuvo acompa\u00f1ada por Gita Gopinath, consejera Econ\u00f3mica y directora del Departamento de Estudios, Kristina Kostial, directora gerente adjunta del organismo, Christian Mumssen, director de Finanzas, y Krishna Srinivasan, director del departamento de Asia y el Pac\u00edfico.<\/p>\n","protected":false},"excerpt":{"rendered":"<p>Kristalina Georgieva mantuvo una reuni\u00f3n con Alberto Fern\u00e1ndez en la cumbre del G20. La revisi\u00f3n de sobrecargos y el precio de la guerra en agenda.<\/p>\n","protected":false},"author":8,"featured_media":0,"comment_status":"closed","ping_status":"closed","sticky":false,"template":"","format":"standard","meta":{"_jetpack_newsletter_access":"","_jetpack_dont_email_post_to_subs":false,"_jetpack_newsletter_tier_id":0,"_jetpack_memberships_contains_paywalled_content":false,"_jetpack_memberships_contains_paid_content":false,"footnotes":""},"categories":[45],"tags":[],"class_list":["post-119545","post","type-post","status-publish","format-standard","hentry","category-economia"],"jetpack_featured_media_url":"","jetpack_shortlink":"https:\/\/wp.me\/p2JWE0-v69","jetpack-related-posts":[{"id":119435,"url":"https:\/\/www.24baires.com\/?p=119435","url_meta":{"origin":119545,"position":0},"title":"Massa avanz\u00f3 con las negociaciones por la deuda de 2400 millones","author":"AF","date":"13\/10\/2022","format":false,"excerpt":"Se reuni\u00f3 con Moulin, secretario del organismo. Preparan viaje a Francia para lograr la r\u00fabrica a fines de este mes. La cena con el G20 y los dichos de Georgieva. El ministro de Econom\u00eda, Sergio Massa, avanz\u00f3 en las \u00faltimas horas en las negociaciones con el Club de Par\u00eds, durante\u2026","rel":"","context":"En \u00abEconom\u00eda\u00bb","block_context":{"text":"Econom\u00eda","link":"https:\/\/www.24baires.com\/?cat=45"},"img":{"alt_text":"","src":"https:\/\/i0.wp.com\/www.24baires.com\/wp-content\/uploads\/2022\/09\/massa..jpg?resize=350%2C200","width":350,"height":200,"srcset":"https:\/\/i0.wp.com\/www.24baires.com\/wp-content\/uploads\/2022\/09\/massa..jpg?resize=350%2C200 1x, https:\/\/i0.wp.com\/www.24baires.com\/wp-content\/uploads\/2022\/09\/massa..jpg?resize=525%2C300 1.5x, https:\/\/i0.wp.com\/www.24baires.com\/wp-content\/uploads\/2022\/09\/massa..jpg?resize=700%2C400 2x"},"classes":[]},{"id":117053,"url":"https:\/\/www.24baires.com\/?p=117053","url_meta":{"origin":119545,"position":1},"title":"El FMI destac\u00f3 la buena sinton\u00eda con el Gobierno","author":"AF","date":"21\/01\/2021","format":false,"excerpt":"La titular del FMI, Kristalina Georgieva celebr\u00f3 en sus redes sociales la conversaci\u00f3n que mantuvo esta ma\u00f1ana con el presidente Alberto Fern\u00e1ndez. La titular del Fondo Monetario Internacional (FMI), la b\u00falgara Kristalina Georgieva, destac\u00f3 este jueves la conversaci\u00f3n que mantuvo con el presidente Alberto Fern\u00e1ndez as\u00ed como el trabajo en\u2026","rel":"","context":"En \u00abEconom\u00eda\u00bb","block_context":{"text":"Econom\u00eda","link":"https:\/\/www.24baires.com\/?cat=45"},"img":{"alt_text":"","src":"https:\/\/i0.wp.com\/www.24baires.com\/wp-content\/uploads\/2019\/08\/fmi.jpg?resize=350%2C200","width":350,"height":200,"srcset":"https:\/\/i0.wp.com\/www.24baires.com\/wp-content\/uploads\/2019\/08\/fmi.jpg?resize=350%2C200 1x, https:\/\/i0.wp.com\/www.24baires.com\/wp-content\/uploads\/2019\/08\/fmi.jpg?resize=525%2C300 1.5x"},"classes":[]},{"id":113054,"url":"https:\/\/www.24baires.com\/?p=113054","url_meta":{"origin":119545,"position":2},"title":"Alberto le propuso al FMI pagar la deuda pero \u00absin ajuste\u00bb","author":"AF","date":"19\/11\/2019","format":false,"excerpt":"Kristalina Georgieva hab\u00eda advertido que el nuevo gobierno \"debe ver la manera de vivir dentro de los l\u00edmites presupuestarios\". De cara al inicio de la negociaciones que entablar\u00e1n el gobierno de Alberto Fern\u00e1ndez a partir del pr\u00f3ximo 10 de diciembre y el Fondo Monetario Internacional (FMI), el presidente electo la\u2026","rel":"","context":"En \u00abPol\u00edtica\u00bb","block_context":{"text":"Pol\u00edtica","link":"https:\/\/www.24baires.com\/?cat=51"},"img":{"alt_text":"","src":"https:\/\/i0.wp.com\/www.24baires.com\/wp-content\/uploads\/2019\/10\/alberto-fernandez.jpg?resize=350%2C200","width":350,"height":200,"srcset":"https:\/\/i0.wp.com\/www.24baires.com\/wp-content\/uploads\/2019\/10\/alberto-fernandez.jpg?resize=350%2C200 1x, https:\/\/i0.wp.com\/www.24baires.com\/wp-content\/uploads\/2019\/10\/alberto-fernandez.jpg?resize=525%2C300 1.5x"},"classes":[]},{"id":119959,"url":"https:\/\/www.24baires.com\/?p=119959","url_meta":{"origin":119545,"position":3},"title":"El FMI calcula que el impacto de la sequ\u00eda es de 9000 millones de d\u00f3lares","author":"AF","date":"29\/03\/2023","format":false,"excerpt":"En Econom\u00eda dejaron trascender que, para el Fondo Monetario Internacional, las consecuencias de la hist\u00f3rica seca es menor a lo que calcul\u00f3 la Bolsa de Rosario. Los planes para nuevo d\u00f3lar a las econom\u00edas regionales, las reservas en el Banco Central y la renegociaci\u00f3n del programa con el Fondo. El\u2026","rel":"","context":"En \u00abEconom\u00eda\u00bb","block_context":{"text":"Econom\u00eda","link":"https:\/\/www.24baires.com\/?cat=45"},"img":{"alt_text":"","src":"https:\/\/i0.wp.com\/www.24baires.com\/wp-content\/uploads\/2023\/03\/massa-fmi.jpeg?resize=350%2C200","width":350,"height":200,"srcset":"https:\/\/i0.wp.com\/www.24baires.com\/wp-content\/uploads\/2023\/03\/massa-fmi.jpeg?resize=350%2C200 1x, https:\/\/i0.wp.com\/www.24baires.com\/wp-content\/uploads\/2023\/03\/massa-fmi.jpeg?resize=525%2C300 1.5x, https:\/\/i0.wp.com\/www.24baires.com\/wp-content\/uploads\/2023\/03\/massa-fmi.jpeg?resize=700%2C400 2x"},"classes":[]},{"id":117347,"url":"https:\/\/www.24baires.com\/?p=117347","url_meta":{"origin":119545,"position":4},"title":"Mart\u00edn Guzm\u00e1n se reuni\u00f3 durante dos horas con Kristalina Georgieva","author":"AF","date":"23\/03\/2021","format":false,"excerpt":"El ministro de Econom\u00eda y la titular del FMI mantuvieron un encuentro en Washington. Argentina y el FMI alcanzaron un \"di\u00e1logo estrecho\" que continuar\u00e1, en el marco de las negociaciones entre el pa\u00eds y el organismo para lograr un nuevo acuerdo, afirm\u00f3 esta tarde la directora Gerente del FMI. Kristalina\u2026","rel":"","context":"En \u00abEconom\u00eda\u00bb","block_context":{"text":"Econom\u00eda","link":"https:\/\/www.24baires.com\/?cat=45"},"img":{"alt_text":"","src":"https:\/\/i0.wp.com\/www.24baires.com\/wp-content\/uploads\/2020\/05\/guzman-1.jpg?resize=350%2C200","width":350,"height":200,"srcset":"https:\/\/i0.wp.com\/www.24baires.com\/wp-content\/uploads\/2020\/05\/guzman-1.jpg?resize=350%2C200 1x, https:\/\/i0.wp.com\/www.24baires.com\/wp-content\/uploads\/2020\/05\/guzman-1.jpg?resize=525%2C300 1.5x"},"classes":[]},{"id":112548,"url":"https:\/\/www.24baires.com\/?p=112548","url_meta":{"origin":119545,"position":5},"title":"Lacunza viaja a Washington para presionar al FMI para un nuevo desembolso","author":"GB","date":"18\/10\/2019","format":false,"excerpt":"En el encuentro de este viernes, el ministro de Hacienda intentar\u00e1 convencer a las autoridades del Fondo Monetario Internacional de que el pa\u00eds cumpli\u00f3 con las metas exigidas para un nuevo desembolso. Sin embargo, la nueva titular del FMI, Kristalina Georgieva, ya anticip\u00f3 que se esperar\u00e1 a las elecciones del\u2026","rel":"","context":"En \u00abLocales\u00bb","block_context":{"text":"Locales","link":"https:\/\/www.24baires.com\/?cat=38"},"img":{"alt_text":"","src":"","width":0,"height":0},"classes":[]}],"jetpack_sharing_enabled":true,"jetpack_likes_enabled":true,"_links":{"self":[{"href":"https:\/\/www.24baires.com\/index.php?rest_route=\/wp\/v2\/posts\/119545","targetHints":{"allow":["GET"]}}],"collection":[{"href":"https:\/\/www.24baires.com\/index.php?rest_route=\/wp\/v2\/posts"}],"about":[{"href":"https:\/\/www.24baires.com\/index.php?rest_route=\/wp\/v2\/types\/post"}],"author":[{"embeddable":true,"href":"https:\/\/www.24baires.com\/index.php?rest_route=\/wp\/v2\/users\/8"}],"replies":[{"embeddable":true,"href":"https:\/\/www.24baires.com\/index.php?rest_route=%2Fwp%2Fv2%2Fcomments&post=119545"}],"version-history":[{"count":1,"href":"https:\/\/www.24baires.com\/index.php?rest_route=\/wp\/v2\/posts\/119545\/revisions"}],"predecessor-version":[{"id":119547,"href":"https:\/\/www.24baires.com\/index.php?rest_route=\/wp\/v2\/posts\/119545\/revisions\/119547"}],"wp:attachment":[{"href":"https:\/\/www.24baires.com\/index.php?rest_route=%2Fwp%2Fv2%2Fmedia&parent=119545"}],"wp:term":[{"taxonomy":"category","embeddable":true,"href":"https:\/\/www.24baires.com\/index.php?rest_route=%2Fwp%2Fv2%2Fcategories&post=119545"},{"taxonomy":"post_tag","embeddable":true,"href":"https:\/\/www.24baires.com\/index.php?rest_route=%2Fwp%2Fv2%2Ftags&post=119545"}],"curies":[{"name":"wp","href":"https:\/\/api.w.org\/{rel}","templated":true}]}}