{"id":1195,"date":"2012-10-06T12:04:40","date_gmt":"2012-10-06T15:04:40","guid":{"rendered":"http:\/\/www.24baires.com\/?p=1195"},"modified":"2012-10-06T12:04:40","modified_gmt":"2012-10-06T15:04:40","slug":"despues-del-7d-por-primera-vez-en-argentina-vamos-a-poder-vivir-en-pleno-ejercicio-de-la-libertad-de-expresion","status":"publish","type":"post","link":"https:\/\/www.24baires.com\/?p=1195","title":{"rendered":"\u00abDespu\u00e9s del 7D, por primera vez en Argentina vamos a poder vivir en pleno ejercicio de la libertad de expresi\u00f3n\u00bb"},"content":{"rendered":"<p><img data-recalc-dims=\"1\" loading=\"lazy\" decoding=\"async\" class=\"alignleft size-medium wp-image-1196\" title=\"mariottounlp\" src=\"https:\/\/i0.wp.com\/www.24baires.com\/wp-content\/uploads\/2012\/10\/mariottounlp.jpg?resize=300%2C199\" alt=\"\" width=\"300\" height=\"199\" srcset=\"https:\/\/i0.wp.com\/www.24baires.com\/wp-content\/uploads\/2012\/10\/mariottounlp.jpg?resize=300%2C199&amp;ssl=1 300w, https:\/\/i0.wp.com\/www.24baires.com\/wp-content\/uploads\/2012\/10\/mariottounlp.jpg?w=560&amp;ssl=1 560w\" sizes=\"auto, (max-width: 300px) 100vw, 300px\" \/>Lo afirm\u00f3 el vicegobernador, Gabriel Mariotto, respecto de la fecha l\u00edmite que fij\u00f3 la Corte Suprema de Justicia para que el grupo Clar\u00edn se adec\u00fae a lo dispuesto por el art\u00edculo 161 de la ley de Servicios de Comunicaci\u00f3n Audiovisual.<!--more--><\/p>\n<p>El vicegobernador bonaerense, Gabriel Mariotto, fue el primer titular de la AFSCA y como \u00faltimo titular del COMFER tuvo a su cargo la gesti\u00f3n y la militancia para convertir en norma a la actual Ley de Servicios de Comunicaci\u00f3n Audiovisual. Es una de las voces m\u00e1s autorizadas para analizar el panorama presente y que se avecina, de cara al 7 de diciembre: \u201clos grupos monop\u00f3licos van a tener que empezar a cumplir con la ley. A partir de ese d\u00eda todos los ciudadanos y todas las empresas se someter\u00e1n a una norma que se sancion\u00f3 hace tres a\u00f1os y que fue bombardeada sobre su art\u00edculo 161, por aquella insistente ola de amparos\u201d.<\/p>\n<p>\u201cDesde la Autoridad Federal de Aplicaci\u00f3n de la ley (AFSCA) siempre respetamos las decisiones judiciales pero criticamos los amparos y procedimos a las apelaciones y a todas las medidas pertinentes\u201d, a\u00f1adi\u00f3 Mariotto en ocasi\u00f3n de visitar a la Universidad Nacional de La Plata (UNLP).<\/p>\n<p>En este sentido, explic\u00f3 que \u201cla Corte Suprema fall\u00f3 taxativamente que, a partir del 7 de diciembre, todos tienen que cumplir con la ley; es decir, las empresas no podr\u00e1n tener m\u00e1s medios que lo que permite la ley; el monopolio, tal cual lo establece el Pacto de San Jos\u00e9 de Costa Rica, es una forma de censura y nadie puede quedarse con la voz que le corresponde al resto\u201d.<\/p>\n<p>Para el vicegobernador la plena aplicaci\u00f3n de ley de medios ser\u00e1 \u201cun avance trascendente en materia de democracia comunicacional y de pluralidad y diversidad cultural. Porque el condicionamiento del monopolio parec\u00eda natural, est\u00e1bamos acostumbrados a vivir en una sociedad donde alguien tuviera cientos de licencias. Por primera vez viviremos en pluralidad efectiva a partir del 7 de diciembre\u201d.<\/p>\n<p>Mariotto destac\u00f3 como un \u201caporte invalorable para la democracia\u201d el hecho de que, gracias a la nueva ley de medios, \u201clas 18 universidades p\u00fablicas con que cuenta la Provincia puedan emitir y dar sus respectivas visiones del pa\u00eds, del mundo, en un marco de la diversidad\u201d.<\/p>\n","protected":false},"excerpt":{"rendered":"<p>Lo afirm\u00f3 el vicegobernador, Gabriel Mariotto, respecto de la fecha l\u00edmite que fij\u00f3 la Corte Suprema de Justicia para que el grupo Clar\u00edn se adec\u00fae a lo dispuesto por el art\u00edculo 161 de la ley de Servicios de Comunicaci\u00f3n Audiovisual.<\/p>\n","protected":false},"author":4,"featured_media":0,"comment_status":"open","ping_status":"open","sticky":false,"template":"","format":"standard","meta":{"_jetpack_newsletter_access":"","_jetpack_dont_email_post_to_subs":false,"_jetpack_newsletter_tier_id":0,"_jetpack_memberships_contains_paywalled_content":false,"_jetpack_memberships_contains_paid_content":false,"footnotes":""},"categories":[1],"tags":[],"class_list":["post-1195","post","type-post","status-publish","format-standard","hentry","category-sociedad"],"jetpack_featured_media_url":"","jetpack_shortlink":"https:\/\/wp.me\/p2JWE0-jh","jetpack-related-posts":[{"id":8630,"url":"https:\/\/www.24baires.com\/?p=8630","url_meta":{"origin":1195,"position":0},"title":"Mariotto: \u201cLa ley de medios dej\u00f3 al descubierto la corporaci\u00f3n judicial\u201d","author":"Grupo Sierra","date":"10\/12\/2012","format":false,"excerpt":"El vicegobernador bonaerense, Gabriel Mariotto, critic\u00f3 la decisi\u00f3n de extender la medida cautelar que impide la plena aplicaci\u00f3n de la Ley de Servicios de Comunicaci\u00f3n Audiovisual, pero remarc\u00f3 que conf\u00eda en la Justicia: \"Criticamos a los jueces que tienen v\u00ednculo con el grupo Clar\u00edn y fallan a favor de sus\u2026","rel":"","context":"En \u00abMedios\u00bb","block_context":{"text":"Medios","link":"https:\/\/www.24baires.com\/?cat=54"},"img":{"alt_text":"","src":"","width":0,"height":0},"classes":[]},{"id":47612,"url":"https:\/\/www.24baires.com\/?p=47612","url_meta":{"origin":1195,"position":1},"title":"En el D\u00eda del Periodista, homenajearon a Rodolfo Walsh","author":"Grupo Sierra","date":"08\/06\/2014","format":false,"excerpt":"El vicegobernador bonaerense, Gabriel Mariotto, y la titular de Madres de Plaza de Mayo, Hebe de Bonafini, destacaron la figura del escritor y periodista, asesinado por la \u00faltima dictadura c\u00edvico militar, y reconocieron a \"los trabajadores de prensa comprometidos que siguen resistiendo y opinando\". En un acto conmemorativo del \"D\u00eda\u2026","rel":"","context":"En \u00abSociedad\u00bb","block_context":{"text":"Sociedad","link":"https:\/\/www.24baires.com\/?cat=1"},"img":{"alt_text":"mariotto bonafini","src":"https:\/\/i0.wp.com\/www.24baires.com\/wp-content\/uploads\/2014\/06\/mariotto-bonafini.jpg?resize=350%2C200","width":350,"height":200,"srcset":"https:\/\/i0.wp.com\/www.24baires.com\/wp-content\/uploads\/2014\/06\/mariotto-bonafini.jpg?resize=350%2C200 1x, https:\/\/i0.wp.com\/www.24baires.com\/wp-content\/uploads\/2014\/06\/mariotto-bonafini.jpg?resize=525%2C300 1.5x"},"classes":[]},{"id":8000,"url":"https:\/\/www.24baires.com\/?p=8000","url_meta":{"origin":1195,"position":2},"title":"Charla debate en el Senado bonaerense con los periodistas denunciados por Clar\u00edn","author":"AF","date":"05\/12\/2012","format":false,"excerpt":"Los periodistas Horacio Vertbitsky, Javier Vicente, Roberto Caballero, Sandra Russo, Cynthia Garc\u00eda y Orlando Barone, y el abogado Damian Loreti participaron de la charla debate realizada en el Senado bonaerense. Acompa\u00f1ados por el vicegobernador Gabriel Mariotto, debatieron sobre el 7D, ante los reiterados intentos del Grupo Clar\u00edn de extender la\u2026","rel":"","context":"En \u00abMedios\u00bb","block_context":{"text":"Medios","link":"https:\/\/www.24baires.com\/?cat=54"},"img":{"alt_text":"","src":"https:\/\/i0.wp.com\/www.24baires.com\/wp-content\/uploads\/2012\/12\/debate-7d-300x198.jpg?resize=350%2C200","width":350,"height":200},"classes":[]},{"id":25653,"url":"https:\/\/www.24baires.com\/?p=25653","url_meta":{"origin":1195,"position":3},"title":"Se presentaron en La Plata nuevos contenidos realizados por los Polos Audiovisuales","author":"Grupo Sierra","date":"11\/06\/2013","format":false,"excerpt":"LA PLATA.- El Coordinador General del Consejo Asesor de Televisi\u00f3n Digital, Osvaldo Niemirovsci, asegur\u00f3 hoy que en los Polos Audiovisuales \"pensamos los contenidos en t\u00e9rminos inclusivos, accesibles, gratuitos y federales\". Las universidades nacionales son las cabeceras de los 9 polos audiovisuales que hay en todo el pa\u00eds. \"Este programa es\u2026","rel":"","context":"En \u00abMedios\u00bb","block_context":{"text":"Medios","link":"https:\/\/www.24baires.com\/?cat=54"},"img":{"alt_text":"","src":"","width":0,"height":0},"classes":[]},{"id":42040,"url":"https:\/\/www.24baires.com\/?p=42040","url_meta":{"origin":1195,"position":4},"title":"Avanza la propuesta para que la educaci\u00f3n sea un \u00abservicio p\u00fablico esencial\u00bb","author":"Grupo Sierra","date":"13\/03\/2014","format":false,"excerpt":"Gabriel Mariotto lo confirm\u00f3 este jueves. Impulsar\u00e1 un proyecto en la Legislatura bonaerense. El vicegobernador Gabriel Mariotto insisti\u00f3 hoy en su propuesta de avanzar con una ley provincial que declare como \"servicio p\u00fablico esencial\" a la educaci\u00f3n, para evitar paros en el marco de las paritarias. \"Estamos en condiciones de\u2026","rel":"","context":"En \u00abProvincia\u00bb","block_context":{"text":"Provincia","link":"https:\/\/www.24baires.com\/?cat=40"},"img":{"alt_text":"escuela","src":"https:\/\/i0.wp.com\/www.24baires.com\/wp-content\/uploads\/2013\/07\/escuela-300x199.jpg?resize=350%2C200","width":350,"height":200},"classes":[]},{"id":48015,"url":"https:\/\/www.24baires.com\/?p=48015","url_meta":{"origin":1195,"position":5},"title":"Presentar\u00e1n proyecto para que el 10 de octubre sea el \u00abD\u00eda del derecho a la comunicaci\u00f3n\u00bb","author":"GB","date":"14\/06\/2014","format":false,"excerpt":"Legisladores bonaerenses y concejales del Frente para la Victoria, junto a autoridades de carreras de Periodismo, propondr\u00e1n declarar al 10 de octubre como \"D\u00eda del derecho a la comunicaci\u00f3n\" en conmemoraci\u00f3n a la sanci\u00f3n de la ley de Servicios de Comunicaci\u00f3n Audiovisual (SCA). La presentaci\u00f3n oficial del proyecto se realizar\u00e1\u2026","rel":"","context":"En \u00abMedios\u00bb","block_context":{"text":"Medios","link":"https:\/\/www.24baires.com\/?cat=54"},"img":{"alt_text":"","src":"","width":0,"height":0},"classes":[]}],"jetpack_sharing_enabled":true,"jetpack_likes_enabled":true,"_links":{"self":[{"href":"https:\/\/www.24baires.com\/index.php?rest_route=\/wp\/v2\/posts\/1195","targetHints":{"allow":["GET"]}}],"collection":[{"href":"https:\/\/www.24baires.com\/index.php?rest_route=\/wp\/v2\/posts"}],"about":[{"href":"https:\/\/www.24baires.com\/index.php?rest_route=\/wp\/v2\/types\/post"}],"author":[{"embeddable":true,"href":"https:\/\/www.24baires.com\/index.php?rest_route=\/wp\/v2\/users\/4"}],"replies":[{"embeddable":true,"href":"https:\/\/www.24baires.com\/index.php?rest_route=%2Fwp%2Fv2%2Fcomments&post=1195"}],"version-history":[{"count":0,"href":"https:\/\/www.24baires.com\/index.php?rest_route=\/wp\/v2\/posts\/1195\/revisions"}],"wp:attachment":[{"href":"https:\/\/www.24baires.com\/index.php?rest_route=%2Fwp%2Fv2%2Fmedia&parent=1195"}],"wp:term":[{"taxonomy":"category","embeddable":true,"href":"https:\/\/www.24baires.com\/index.php?rest_route=%2Fwp%2Fv2%2Fcategories&post=1195"},{"taxonomy":"post_tag","embeddable":true,"href":"https:\/\/www.24baires.com\/index.php?rest_route=%2Fwp%2Fv2%2Ftags&post=1195"}],"curies":[{"name":"wp","href":"https:\/\/api.w.org\/{rel}","templated":true}]}}