{"id":119499,"date":"2022-11-02T09:49:35","date_gmt":"2022-11-02T12:49:35","guid":{"rendered":"http:\/\/www.24baires.com\/?p=119499"},"modified":"2022-11-02T09:49:35","modified_gmt":"2022-11-02T12:49:35","slug":"la-actividad-industrial-bonaerense-acumula-17-meses-de-alza","status":"publish","type":"post","link":"https:\/\/www.24baires.com\/?p=119499","title":{"rendered":"La actividad industrial bonaerense acumula 17 meses de alza"},"content":{"rendered":"<p><img data-recalc-dims=\"1\" loading=\"lazy\" decoding=\"async\" class=\"aligncenter wp-image-119500\" src=\"https:\/\/i0.wp.com\/www.24baires.com\/wp-content\/uploads\/2022\/11\/axel-kicillof-y-pablo-lopezpng.png?resize=720%2C480\" alt=\"\" width=\"720\" height=\"480\" srcset=\"https:\/\/i0.wp.com\/www.24baires.com\/wp-content\/uploads\/2022\/11\/axel-kicillof-y-pablo-lopezpng.png?w=887&amp;ssl=1 887w, https:\/\/i0.wp.com\/www.24baires.com\/wp-content\/uploads\/2022\/11\/axel-kicillof-y-pablo-lopezpng.png?resize=300%2C200&amp;ssl=1 300w, https:\/\/i0.wp.com\/www.24baires.com\/wp-content\/uploads\/2022\/11\/axel-kicillof-y-pablo-lopezpng.png?resize=768%2C512&amp;ssl=1 768w\" sizes=\"auto, (max-width: 720px) 100vw, 720px\" \/>Se trata del mayor crecimiento de la actividad industrial manufacturera desde 2012. Textiles y cueros y Refinaci\u00f3n de petr\u00f3leo empujaron el crecimiento.<!--more--><\/p>\n<p>La industria manufacturera de la provincia de Buenos Aires registr\u00f3 una suba del 7,6% interanual en julio de este a\u00f1o. El dato surge de la publicaci\u00f3n del \u00cdndice Sint\u00e9tico de la Industria Manufacturera (ISIM) elaborado por el Ministerio de Hacienda y Finanzas bonaerense. De ah\u00ed tambi\u00e9n surge que se van registrando 17 meses consecutivos de crecimiento en la actividad industrial.<\/p>\n<p>El ISIM es una estad\u00edstica mensual que monitorea la actividad de los llamados Bloques Industriales proveniente de la Encuesta Industrial Mensual realizada por el INDEC. Tras la publicaci\u00f3n del informe actualizado a julio de 2022, el ministro de Econom\u00eda de la Provincia, Pablo L\u00f3pez, afirm\u00f3 que \u00bb la industria manufacturera bonaerense est\u00e1 teniendo su mejor a\u00f1o desde 2015&#8243;.<\/p>\n<p>Efectivamente, en ocho de los once Bloques Industriales se registraron aumentos de la actividad. Textiles y cueros (25,5%), Refinaci\u00f3n de petr\u00f3leo (18%) y Minerales no met\u00e1licos (26,9%) fueron las categor\u00edas con mayor incidencia en el alza promedio. En cambio, M\u00e1quinas y equipos (-0,4%), Papel y cart\u00f3n (-3,0%) y Metales comunes(-5,5%) registraron mermas.<\/p>\n<p>Los bloques m\u00e1s relevantes del informe fueron Textiles y cueros y Refinaci\u00f3n de petr\u00f3leo. El primero porque por cuarto mes consecutivo fue el que m\u00e1s incidi\u00f3 en el crecimiento industrial. Vale advertir que en abril, mayo y junio hab\u00eda registrado crecimientos superiores al 41% por ende en el s\u00e9ptimo mes del a\u00f1o tuvo una fuerte desaceleraci\u00f3n. La actividad petrolera, por su parte, evidenci\u00f3 el mejor julio desde 2012. La refinaci\u00f3n creci\u00f3 un 18,0% en julio de 2022 y promedi\u00f3 un incremento de 4,9% en los primeros siete meses respecto del mismo periodo del a\u00f1o pasado.<\/p>\n<p>El tercer bloque que se destac\u00f3 fue Minerales no met\u00e1licos. Se trata, puntualmente, de actividades como la producci\u00f3n de vidrio plano o de cemento. La categor\u00eda logr\u00f3 el mejor julio de la serie y tambi\u00e9n mostr\u00f3 el \u00edndice de actividad m\u00e1s alto en relaci\u00f3n al resto de los bloques.<\/p>\n<p>\u00abUna provincia integrada e inclusiva necesita una industria pujante por eso apuntalar su crecimiento ha sido una de nuestras prioridades desde el inicio de la gesti\u00f3n del gobernador Axel Kicillof, y lo seguir\u00e1 siendo\u00bb, destac\u00f3 el ministro L\u00f3pez a trav\u00e9s de Twiter.<\/p>\n","protected":false},"excerpt":{"rendered":"<p>Se trata del mayor crecimiento de la actividad industrial manufacturera desde 2012. Textiles y cueros y Refinaci\u00f3n de petr\u00f3leo empujaron el crecimiento.<\/p>\n","protected":false},"author":8,"featured_media":0,"comment_status":"closed","ping_status":"closed","sticky":false,"template":"","format":"standard","meta":{"_jetpack_newsletter_access":"","_jetpack_dont_email_post_to_subs":false,"_jetpack_newsletter_tier_id":0,"_jetpack_memberships_contains_paywalled_content":false,"_jetpack_memberships_contains_paid_content":false,"footnotes":""},"categories":[45],"tags":[],"class_list":["post-119499","post","type-post","status-publish","format-standard","hentry","category-economia"],"jetpack_featured_media_url":"","jetpack_shortlink":"https:\/\/wp.me\/p2JWE0-v5p","jetpack-related-posts":[{"id":120138,"url":"https:\/\/www.24baires.com\/?p=120138","url_meta":{"origin":119499,"position":0},"title":"En Provincia la industria manufacturera sigue en crecimiento","author":"GB","date":"31\/05\/2023","format":false,"excerpt":"A trav\u00e9s del Indicador Sint\u00e9tico Industria Manufacturera, el ministerio de Hacienda y Finanzas de la Provincia, dio a conocer que la industria manufacturera sigue en alza. El Ministerio de Hacienda y Finanzas de la provincia de Buenos Aires public\u00f3 el Indicador Sint\u00e9tico de la Industria Manufacturera (ISIM). En l\u00edneas generales,\u2026","rel":"","context":"En \u00abProvincia\u00bb","block_context":{"text":"Provincia","link":"https:\/\/www.24baires.com\/?cat=40"},"img":{"alt_text":"","src":"https:\/\/i0.wp.com\/www.24baires.com\/wp-content\/uploads\/2021\/11\/61714316e6f3e_900.jpg?resize=350%2C200","width":350,"height":200,"srcset":"https:\/\/i0.wp.com\/www.24baires.com\/wp-content\/uploads\/2021\/11\/61714316e6f3e_900.jpg?resize=350%2C200 1x, https:\/\/i0.wp.com\/www.24baires.com\/wp-content\/uploads\/2021\/11\/61714316e6f3e_900.jpg?resize=525%2C300 1.5x, https:\/\/i0.wp.com\/www.24baires.com\/wp-content\/uploads\/2021\/11\/61714316e6f3e_900.jpg?resize=700%2C400 2x"},"classes":[]},{"id":119855,"url":"https:\/\/www.24baires.com\/?p=119855","url_meta":{"origin":119499,"position":1},"title":"La industria bonaerense acumula 21 meses de crecimiento","author":"GB","date":"03\/03\/2023","format":false,"excerpt":"Es el periodo de alzas m\u00e1s largo del que se tiene registro. La producci\u00f3n industrial bonaerense supera los niveles de 2019. Direcci\u00f3n Provincial de Estad\u00edstica public\u00f3 el nuevo Indicador Sint\u00e9tico de la Industria Manufacturera bonaerense (ISIM-PBA) con datos actualizados hasta noviembre de 2022. Desde el gobierno celebraron los resultados que\u2026","rel":"","context":"En \u00abProvincia\u00bb","block_context":{"text":"Provincia","link":"https:\/\/www.24baires.com\/?cat=40"},"img":{"alt_text":"","src":"https:\/\/i0.wp.com\/www.24baires.com\/wp-content\/uploads\/2023\/03\/industriajpg.jpg?resize=350%2C200","width":350,"height":200,"srcset":"https:\/\/i0.wp.com\/www.24baires.com\/wp-content\/uploads\/2023\/03\/industriajpg.jpg?resize=350%2C200 1x, https:\/\/i0.wp.com\/www.24baires.com\/wp-content\/uploads\/2023\/03\/industriajpg.jpg?resize=525%2C300 1.5x, https:\/\/i0.wp.com\/www.24baires.com\/wp-content\/uploads\/2023\/03\/industriajpg.jpg?resize=700%2C400 2x"},"classes":[]},{"id":118918,"url":"https:\/\/www.24baires.com\/?p=118918","url_meta":{"origin":119499,"position":2},"title":"La industria manufacturera bonaerense creci\u00f3 un 7,4% en febrero","author":"GB","date":"31\/05\/2022","format":false,"excerpt":"Por primera vez desde que se lleva registro en la serie, se alcanzaron doce meses de crecimiento consecutivos dentro de la industria manufacturera Elministerio de Hacienda y Finanzas de la provincia de Buenos Aires inform\u00f3 que la industria manufacturera bonaerense tuvo un crecimiento en febrero del 7,4% respecto del mismo\u2026","rel":"","context":"En \u00abProvincia\u00bb","block_context":{"text":"Provincia","link":"https:\/\/www.24baires.com\/?cat=40"},"img":{"alt_text":"","src":"https:\/\/i0.wp.com\/www.24baires.com\/wp-content\/uploads\/2021\/08\/industria-pandemia.jpg?resize=350%2C200","width":350,"height":200,"srcset":"https:\/\/i0.wp.com\/www.24baires.com\/wp-content\/uploads\/2021\/08\/industria-pandemia.jpg?resize=350%2C200 1x, https:\/\/i0.wp.com\/www.24baires.com\/wp-content\/uploads\/2021\/08\/industria-pandemia.jpg?resize=525%2C300 1.5x, https:\/\/i0.wp.com\/www.24baires.com\/wp-content\/uploads\/2021\/08\/industria-pandemia.jpg?resize=700%2C400 2x"},"classes":[]},{"id":119251,"url":"https:\/\/www.24baires.com\/?p=119251","url_meta":{"origin":119499,"position":3},"title":"La actividad econ\u00f3mica creci\u00f3 un 6,4% durante junio","author":"AF","date":"23\/08\/2022","format":false,"excerpt":"La actividad econ\u00f3mica creci\u00f3 durante junio 6,4% en t\u00e9rminos interanuales, y 1,1% en comparaci\u00f3n a mayo, inform\u00f3 este martes el Instituto Nacional de Estad\u00edstica y Censos (Indec). El informe del Instituto Nacional de Estad\u00edstica y Censos se\u00f1ala adem\u00e1s que en referencia al mes anterior la suba fue del 1,1%. El\u2026","rel":"","context":"En \u00abEconom\u00eda\u00bb","block_context":{"text":"Econom\u00eda","link":"https:\/\/www.24baires.com\/?cat=45"},"img":{"alt_text":"","src":"https:\/\/i0.wp.com\/www.24baires.com\/wp-content\/uploads\/2022\/04\/industria-soldador.jpg?resize=350%2C200","width":350,"height":200,"srcset":"https:\/\/i0.wp.com\/www.24baires.com\/wp-content\/uploads\/2022\/04\/industria-soldador.jpg?resize=350%2C200 1x, https:\/\/i0.wp.com\/www.24baires.com\/wp-content\/uploads\/2022\/04\/industria-soldador.jpg?resize=525%2C300 1.5x, https:\/\/i0.wp.com\/www.24baires.com\/wp-content\/uploads\/2022\/04\/industria-soldador.jpg?resize=700%2C400 2x"},"classes":[]},{"id":117539,"url":"https:\/\/www.24baires.com\/?p=117539","url_meta":{"origin":119499,"position":4},"title":"La actividad industrial creci\u00f3 12,4% en el primer trimestre","author":"GB","date":"07\/05\/2021","format":false,"excerpt":"El Indec difundi\u00f3 que la actividad industrial arroj\u00f3 un crecimiento en los primeros tres meses del a\u00f1o. El Instituto Nacional de Estad\u00edstica y Censos (Indec) dio a conocer que la actividad industrial acumul\u00f3 un aumento del 12,4% en el primer trimestre del a\u00f1o. Al respecto, el ministro de Desarrollo Productivo\u2026","rel":"","context":"En \u00abLocales\u00bb","block_context":{"text":"Locales","link":"https:\/\/www.24baires.com\/?cat=38"},"img":{"alt_text":"","src":"https:\/\/i0.wp.com\/www.24baires.com\/wp-content\/uploads\/2018\/11\/industria.jpg?resize=350%2C200","width":350,"height":200,"srcset":"https:\/\/i0.wp.com\/www.24baires.com\/wp-content\/uploads\/2018\/11\/industria.jpg?resize=350%2C200 1x, https:\/\/i0.wp.com\/www.24baires.com\/wp-content\/uploads\/2018\/11\/industria.jpg?resize=525%2C300 1.5x"},"classes":[]},{"id":105116,"url":"https:\/\/www.24baires.com\/?p=105116","url_meta":{"origin":119499,"position":5},"title":"La actividad econ\u00f3mica cay\u00f3 por quinto mes consecutivo","author":"AF","date":"25\/10\/2018","format":false,"excerpt":"El a\u00f1o pasado hab\u00eda crecido un 3,7 por ciento en ese mes. La actividad econ\u00f3mica fue golpeada principalmente por el parate en el sector industrial. La producci\u00f3n de bienes y servicios cay\u00f3 1,6% en agosto \u00faltimo, y sum\u00f3 el quinto mes consecutivo de indicadores negativos en la medici\u00f3n interanual, inform\u00f3\u2026","rel":"","context":"En \u00abEconom\u00eda\u00bb","block_context":{"text":"Econom\u00eda","link":"https:\/\/www.24baires.com\/?cat=45"},"img":{"alt_text":"","src":"https:\/\/i0.wp.com\/www.24baires.com\/wp-content\/uploads\/2018\/05\/industriales.jpg?resize=350%2C200","width":350,"height":200,"srcset":"https:\/\/i0.wp.com\/www.24baires.com\/wp-content\/uploads\/2018\/05\/industriales.jpg?resize=350%2C200 1x, https:\/\/i0.wp.com\/www.24baires.com\/wp-content\/uploads\/2018\/05\/industriales.jpg?resize=525%2C300 1.5x"},"classes":[]}],"jetpack_sharing_enabled":true,"jetpack_likes_enabled":true,"_links":{"self":[{"href":"https:\/\/www.24baires.com\/index.php?rest_route=\/wp\/v2\/posts\/119499","targetHints":{"allow":["GET"]}}],"collection":[{"href":"https:\/\/www.24baires.com\/index.php?rest_route=\/wp\/v2\/posts"}],"about":[{"href":"https:\/\/www.24baires.com\/index.php?rest_route=\/wp\/v2\/types\/post"}],"author":[{"embeddable":true,"href":"https:\/\/www.24baires.com\/index.php?rest_route=\/wp\/v2\/users\/8"}],"replies":[{"embeddable":true,"href":"https:\/\/www.24baires.com\/index.php?rest_route=%2Fwp%2Fv2%2Fcomments&post=119499"}],"version-history":[{"count":1,"href":"https:\/\/www.24baires.com\/index.php?rest_route=\/wp\/v2\/posts\/119499\/revisions"}],"predecessor-version":[{"id":119501,"href":"https:\/\/www.24baires.com\/index.php?rest_route=\/wp\/v2\/posts\/119499\/revisions\/119501"}],"wp:attachment":[{"href":"https:\/\/www.24baires.com\/index.php?rest_route=%2Fwp%2Fv2%2Fmedia&parent=119499"}],"wp:term":[{"taxonomy":"category","embeddable":true,"href":"https:\/\/www.24baires.com\/index.php?rest_route=%2Fwp%2Fv2%2Fcategories&post=119499"},{"taxonomy":"post_tag","embeddable":true,"href":"https:\/\/www.24baires.com\/index.php?rest_route=%2Fwp%2Fv2%2Ftags&post=119499"}],"curies":[{"name":"wp","href":"https:\/\/api.w.org\/{rel}","templated":true}]}}