{"id":119496,"date":"2022-11-01T23:24:21","date_gmt":"2022-11-02T02:24:21","guid":{"rendered":"http:\/\/www.24baires.com\/?p=119496"},"modified":"2022-11-01T23:24:21","modified_gmt":"2022-11-02T02:24:21","slug":"sugieren-no-comprar-aquellas-marcas-que-remarcan-por-encima-de-la-inflacion","status":"publish","type":"post","link":"https:\/\/www.24baires.com\/?p=119496","title":{"rendered":"Sugieren \u00abno comprar aquellas marcas que remarcan por encima de la inflaci\u00f3n\u00bb"},"content":{"rendered":"<p><img data-recalc-dims=\"1\" loading=\"lazy\" decoding=\"async\" class=\"aligncenter wp-image-119497\" src=\"https:\/\/i0.wp.com\/www.24baires.com\/wp-content\/uploads\/2022\/11\/Screenshot-2022-11-01-23.21.12.png?resize=720%2C472\" alt=\"larroque\" width=\"720\" height=\"472\" srcset=\"https:\/\/i0.wp.com\/www.24baires.com\/wp-content\/uploads\/2022\/11\/Screenshot-2022-11-01-23.21.12.png?w=656&amp;ssl=1 656w, https:\/\/i0.wp.com\/www.24baires.com\/wp-content\/uploads\/2022\/11\/Screenshot-2022-11-01-23.21.12.png?resize=300%2C197&amp;ssl=1 300w\" sizes=\"auto, (max-width: 720px) 100vw, 720px\" \/>Desde la Provincia pidieron \u00abfrenar el abuso de las empresas formadoras de precios que aplican aumentos injustificados\u00bb.<!--more--><\/p>\n<p>Miembros del gabinete del gobierno de la provincia de Buenos Aires que encabeza Axel Kicillof pidieron \u00abparar con los aumentos injustificados de precios\u00bb y solicitaron a los consumidores \u00abno comprar aquellas marcas que remarcan por encima de la inflaci\u00f3n\u00bb. El planteo se da en medio de un probable congelamiento de precios a partir de diciembre en productos de la canasta b\u00e1sica, seg\u00fan anticip\u00f3 el ministro de Econom\u00eda, Sergio Massa. El anticipo de dicha medida podr\u00eda acarrear una nueva ola de aumentos de parte de las empresas para generar un colch\u00f3n de precios, alertan.<\/p>\n<p>\u00abFrenar el abuso de las empresas es cuidar la mesa de los argentinos. Si aumentan, no compres\u00bb, dijo el ministro de Desarrollo de la Comunidad y secretario general de La C\u00e1mpora, Andr\u00e9s Larroque, a trav\u00e9s de su cuenta de Twitter. En una sinton\u00eda similar, el el jefe de Gabinete bonaerense, Mart\u00edn Insaurralde, propuso \u00abno comprar los productos que subieron m\u00e1s que la inflaci\u00f3n\u00bb. As\u00ed, el discurso del gabinete bonaerense adopta un tono m\u00e1s beligerante frente a las empresas y se distingue del planteo del gobierno nacional, que tiene una postura m\u00e1s negociadora.<\/p>\n<p>No afloja<br \/>\nConsultoras privadas estiman que la inflaci\u00f3n de octubre se habr\u00eda ubicado en el 6,8 por ciento, por encima de septiembre, que marc\u00f3 un 6,2 por ciento. La actualizaci\u00f3n de las tarifas de los servicios p\u00fablicos junto a un nuevo salto de los alimentos, que habr\u00eda sido del orden del 7,3 por ciento, explicar\u00edan la situaci\u00f3n de precios de octubre.<\/p>\n<p>En este marco, el ministro de Econom\u00eda de la Naci\u00f3n, Sergio Massa, dijo que avanza \u00aben un programa para estabilizar los precios al consumidor en un bloque de cuatro meses, los m\u00e1s calientes en consumo, para que la gente vaya al supermercado con cierta tranquilidad y seguridad\u201d. Precis\u00f3 que durante ese tiempo habr\u00e1 precios fijos en productos \u201cque representan el 86 por ciento del consumo masivo\u00bb.<\/p>\n<p>Por su parte, el gobernador Kicillof, en el acto de inauguraci\u00f3n del Mercado Municipal de Ensenada, advirti\u00f3 que \u00abmuchas veces la diferencia de precios entre lo que gana el productor y lo que paga el consumidor es demasiado grande por la especulaci\u00f3n. Con este mercado facilitamos el v\u00ednculo entre las pymes, cooperativas y peque\u00f1os productores con los trabajadores y los sectores populares\u00bb.<\/p>\n<p>De manera similar a Larroque e Insaurralde, la ministra de Gobierno bonaerense, Cristina \u00c1lvarez Rodr\u00edguez, analiz\u00f3 que \u00abel aumento de precios de los alimentos y de los productos de la canasta b\u00e1sica es una de las principales causas de inflaci\u00f3n. Frenar el abuso de las empresas es cuidar la mesa de las y los argentinos. Promovamos un consumo responsable\u00bb.<\/p>\n<p>En tanto, la ministra de Ambiente provincial, Daniela Vilar, plante\u00f3 que \u00abel aumento de precios de los alimentos afecta el bolsillo de los argentinos, especialmente a los sectores m\u00e1s vulnerables\u00bb. Pidi\u00f3 \u00abfrenar el abuso de estas empresas\u00bb y sugiri\u00f3 \u00abno comprar si subieron los productos por encima de la inflaci\u00f3n\u00bb.<\/p>\n<p>La funcionaria acompa\u00f1\u00f3 su posteo en Twitter con una serie de im\u00e1genes en las que grafic\u00f3 que empresas como el papel higi\u00e9nico Felpita, el az\u00facar Ledesma, el jab\u00f3n Querub\u00edn, la leche Sancor y el agua Kin \u00abaumentaron m\u00e1s que la inflaci\u00f3n\u00bb. Detall\u00f3 que \u00abel agua Kin de la empresa Coca Cola aument\u00f3 208,9 puntos m\u00e1s que la inflaci\u00f3n y el az\u00facar Ledesma, 96,2 puntos\u00bb. \u00abNo la compres, que no se pasen de vivos\u00bb, cerr\u00f3.<\/p>\n","protected":false},"excerpt":{"rendered":"<p>Desde la Provincia pidieron \u00abfrenar el abuso de las empresas formadoras de precios que aplican aumentos injustificados\u00bb.<\/p>\n","protected":false},"author":4,"featured_media":0,"comment_status":"closed","ping_status":"closed","sticky":false,"template":"","format":"standard","meta":{"_jetpack_newsletter_access":"","_jetpack_dont_email_post_to_subs":false,"_jetpack_newsletter_tier_id":0,"_jetpack_memberships_contains_paywalled_content":false,"_jetpack_memberships_contains_paid_content":false,"footnotes":""},"categories":[45],"tags":[],"class_list":["post-119496","post","type-post","status-publish","format-standard","hentry","category-economia"],"jetpack_featured_media_url":"","jetpack_shortlink":"https:\/\/wp.me\/p2JWE0-v5m","jetpack-related-posts":[{"id":114642,"url":"https:\/\/www.24baires.com\/?p=114642","url_meta":{"origin":119496,"position":0},"title":"Arroyo ech\u00f3 al funcionario que autoriz\u00f3 la compra pol\u00e9mica","author":"AF","date":"07\/04\/2020","format":false,"excerpt":"El ministro de Desarrollo Social, Daniel Arroyo, pidi\u00f3 la renuncia al secretario de Articulaci\u00f3n de Pol\u00edticas Sociales, Gonzalo Calvo. Fuentes del Ministerio confirmaron a T\u00e9lam que Arroyo le pidi\u00f3 la renuncia al secretario de Articulaci\u00f3n de Pol\u00edtica Social, Gonzalo Calvo, porque fue \u00e9l quien autoriz\u00f3 la compra de az\u00facar y\u2026","rel":"","context":"En \u00abProvincia\u00bb","block_context":{"text":"Provincia","link":"https:\/\/www.24baires.com\/?cat=40"},"img":{"alt_text":"","src":"https:\/\/i0.wp.com\/www.24baires.com\/wp-content\/uploads\/2020\/04\/0037485539.jpg?resize=350%2C200","width":350,"height":200},"classes":[]},{"id":80576,"url":"https:\/\/www.24baires.com\/?p=80576","url_meta":{"origin":119496,"position":1},"title":"Por la inflaci\u00f3n, convocan a un boicot a los supermercados","author":"GB","date":"25\/03\/2016","format":false,"excerpt":"\"Super-vac\u00edos\" ser\u00e1 el lema de la propuesta de usuarios y gremios contra la suba de precios en alimentos y art\u00edculos b\u00e1sicos. Entidades de usuarios y gremios convocaron a un boicot a los supermercados para el 7 de abril, en protesta por la fuerte suba de precios de alimentos y de\u2026","rel":"","context":"En \u00abEconom\u00eda\u00bb","block_context":{"text":"Econom\u00eda","link":"https:\/\/www.24baires.com\/?cat=45"},"img":{"alt_text":"precios acordados g\u00f3ndola super","src":"https:\/\/i0.wp.com\/www.24baires.com\/wp-content\/uploads\/2015\/02\/precios-acordados-g%C3%B3ndola-super.jpg?resize=350%2C200","width":350,"height":200,"srcset":"https:\/\/i0.wp.com\/www.24baires.com\/wp-content\/uploads\/2015\/02\/precios-acordados-g%C3%B3ndola-super.jpg?resize=350%2C200 1x, https:\/\/i0.wp.com\/www.24baires.com\/wp-content\/uploads\/2015\/02\/precios-acordados-g%C3%B3ndola-super.jpg?resize=525%2C300 1.5x"},"classes":[]},{"id":108533,"url":"https:\/\/www.24baires.com\/?p=108533","url_meta":{"origin":119496,"position":2},"title":"Finalmente, aumentaron los combustibles en el pa\u00eds","author":"GB","date":"02\/06\/2019","format":false,"excerpt":"Al igual que YPF y Shell, la petrolera hizo remarcaciones en sus surtidores por la inflaci\u00f3n y la devaluaci\u00f3n. La petrolera Axion tambi\u00e9n decidi\u00f3 realizar un ajuste en el precio de sus combustibles que aumentaron desde este domingo un 1,45%, en l\u00ednea con la suba registrada por YPF y Shell.\u2026","rel":"","context":"En \u00abEconom\u00eda\u00bb","block_context":{"text":"Econom\u00eda","link":"https:\/\/www.24baires.com\/?cat=45"},"img":{"alt_text":"","src":"https:\/\/i0.wp.com\/www.24baires.com\/wp-content\/uploads\/2019\/02\/shel-nafta.jpg?resize=350%2C200","width":350,"height":200,"srcset":"https:\/\/i0.wp.com\/www.24baires.com\/wp-content\/uploads\/2019\/02\/shel-nafta.jpg?resize=350%2C200 1x, https:\/\/i0.wp.com\/www.24baires.com\/wp-content\/uploads\/2019\/02\/shel-nafta.jpg?resize=525%2C300 1.5x"},"classes":[]},{"id":119965,"url":"https:\/\/www.24baires.com\/?p=119965","url_meta":{"origin":119496,"position":3},"title":"Las alimenticias rompen el pacto con el Gobierno","author":"AF","date":"30\/03\/2023","format":false,"excerpt":"Los grandes supermercados rechazaron listas de Ledesma, Milkaut, Arcor harineras y Mondelez, entre otras, que pretenden subas por encima de la inflaci\u00f3n. En los barrios, los comercios no tienen margen para rechazarles aumentos. Las empresas productoras de alimentos y productos de la canasta b\u00e1sica le blanquearon al Gobierno, con acciones\u2026","rel":"","context":"En \u00abEconom\u00eda\u00bb","block_context":{"text":"Econom\u00eda","link":"https:\/\/www.24baires.com\/?cat=45"},"img":{"alt_text":"","src":"https:\/\/i0.wp.com\/www.24baires.com\/wp-content\/uploads\/2022\/04\/61b8c911edf0c_900.jpg?resize=350%2C200","width":350,"height":200,"srcset":"https:\/\/i0.wp.com\/www.24baires.com\/wp-content\/uploads\/2022\/04\/61b8c911edf0c_900.jpg?resize=350%2C200 1x, https:\/\/i0.wp.com\/www.24baires.com\/wp-content\/uploads\/2022\/04\/61b8c911edf0c_900.jpg?resize=525%2C300 1.5x, https:\/\/i0.wp.com\/www.24baires.com\/wp-content\/uploads\/2022\/04\/61b8c911edf0c_900.jpg?resize=700%2C400 2x"},"classes":[]},{"id":108117,"url":"https:\/\/www.24baires.com\/?p=108117","url_meta":{"origin":119496,"position":4},"title":"Se esperan nuevos aumentos pese al \u00abpacto de caballeros\u00bb del Gobierno con empresas de alimentos","author":"GB","date":"13\/05\/2019","format":false,"excerpt":"Algunas empresas que negociaron con la Casa Rosada est\u00e1n remarcando sus listas y el plan de \"Precios Esenciales\" anunciado por el macrismo vuelve a mostrar su ineficacia para contener la inflaci\u00f3n. El pr\u00f3ximo mi\u00e9rcoles el INDEC presentar\u00e1 el dato de abril y se estima que el alza ser\u00e1 del 4%.\u2026","rel":"","context":"En \u00abEconom\u00eda\u00bb","block_context":{"text":"Econom\u00eda","link":"https:\/\/www.24baires.com\/?cat=45"},"img":{"alt_text":"","src":"https:\/\/i0.wp.com\/www.24baires.com\/wp-content\/uploads\/2019\/04\/precios-escenciales.jpg?resize=350%2C200","width":350,"height":200,"srcset":"https:\/\/i0.wp.com\/www.24baires.com\/wp-content\/uploads\/2019\/04\/precios-escenciales.jpg?resize=350%2C200 1x, https:\/\/i0.wp.com\/www.24baires.com\/wp-content\/uploads\/2019\/04\/precios-escenciales.jpg?resize=525%2C300 1.5x"},"classes":[]},{"id":121233,"url":"https:\/\/www.24baires.com\/?p=121233","url_meta":{"origin":119496,"position":5},"title":"De locos: el Gobierno ahora pide a las prepagas que congelen sus precios","author":"GB","date":"15\/04\/2024","format":false,"excerpt":"Parece que la libertad no avanza y que el mercado no se regula solo que pregona Javier Milei, y es en este marco que desde el Gobierno ahora aprietan a las empresas de medicina prepaga para que aflojen con los brutales aumentos. En medio del brutal ajuste y la ola\u2026","rel":"","context":"En \u00abConsumidores\u00bb","block_context":{"text":"Consumidores","link":"https:\/\/www.24baires.com\/?cat=78"},"img":{"alt_text":"","src":"https:\/\/i0.wp.com\/www.24baires.com\/wp-content\/uploads\/2017\/10\/prepaga.jpg?resize=350%2C200","width":350,"height":200,"srcset":"https:\/\/i0.wp.com\/www.24baires.com\/wp-content\/uploads\/2017\/10\/prepaga.jpg?resize=350%2C200 1x, https:\/\/i0.wp.com\/www.24baires.com\/wp-content\/uploads\/2017\/10\/prepaga.jpg?resize=525%2C300 1.5x, https:\/\/i0.wp.com\/www.24baires.com\/wp-content\/uploads\/2017\/10\/prepaga.jpg?resize=700%2C400 2x"},"classes":[]}],"jetpack_sharing_enabled":true,"jetpack_likes_enabled":true,"_links":{"self":[{"href":"https:\/\/www.24baires.com\/index.php?rest_route=\/wp\/v2\/posts\/119496","targetHints":{"allow":["GET"]}}],"collection":[{"href":"https:\/\/www.24baires.com\/index.php?rest_route=\/wp\/v2\/posts"}],"about":[{"href":"https:\/\/www.24baires.com\/index.php?rest_route=\/wp\/v2\/types\/post"}],"author":[{"embeddable":true,"href":"https:\/\/www.24baires.com\/index.php?rest_route=\/wp\/v2\/users\/4"}],"replies":[{"embeddable":true,"href":"https:\/\/www.24baires.com\/index.php?rest_route=%2Fwp%2Fv2%2Fcomments&post=119496"}],"version-history":[{"count":1,"href":"https:\/\/www.24baires.com\/index.php?rest_route=\/wp\/v2\/posts\/119496\/revisions"}],"predecessor-version":[{"id":119498,"href":"https:\/\/www.24baires.com\/index.php?rest_route=\/wp\/v2\/posts\/119496\/revisions\/119498"}],"wp:attachment":[{"href":"https:\/\/www.24baires.com\/index.php?rest_route=%2Fwp%2Fv2%2Fmedia&parent=119496"}],"wp:term":[{"taxonomy":"category","embeddable":true,"href":"https:\/\/www.24baires.com\/index.php?rest_route=%2Fwp%2Fv2%2Fcategories&post=119496"},{"taxonomy":"post_tag","embeddable":true,"href":"https:\/\/www.24baires.com\/index.php?rest_route=%2Fwp%2Fv2%2Ftags&post=119496"}],"curies":[{"name":"wp","href":"https:\/\/api.w.org\/{rel}","templated":true}]}}