{"id":119491,"date":"2022-10-31T18:00:19","date_gmt":"2022-10-31T21:00:19","guid":{"rendered":"http:\/\/www.24baires.com\/?p=119491"},"modified":"2022-10-31T18:00:19","modified_gmt":"2022-10-31T21:00:19","slug":"el-gobierno-busca-congelar-precios-por-cuatro-meses","status":"publish","type":"post","link":"https:\/\/www.24baires.com\/?p=119491","title":{"rendered":"El Gobierno busca congelar precios por cuatro meses"},"content":{"rendered":"<p><img data-recalc-dims=\"1\" loading=\"lazy\" decoding=\"async\" class=\"aligncenter wp-image-103910\" src=\"https:\/\/i0.wp.com\/www.24baires.com\/wp-content\/uploads\/2018\/08\/supermercado.jpg?resize=720%2C402\" alt=\"\" width=\"720\" height=\"402\" srcset=\"https:\/\/i0.wp.com\/www.24baires.com\/wp-content\/uploads\/2018\/08\/supermercado.jpg?w=560&amp;ssl=1 560w, https:\/\/i0.wp.com\/www.24baires.com\/wp-content\/uploads\/2018\/08\/supermercado.jpg?resize=300%2C168&amp;ssl=1 300w\" sizes=\"auto, (max-width: 720px) 100vw, 720px\" \/>\u00abEl plan busca que la gente vaya al supermercado con cierta tranquilidad y seguridad\u00bb, adelant\u00f3 Sergio Massa en declaraciones radiales. <!--more--><\/p>\n<p>El ministro de Econom\u00eda, Sergio Massa, anunci\u00f3 este lunes que planea avanzar en un programa de estabilizaci\u00f3n de precios durante el verano, que se extender\u00e1 entre los meses de diciembre y marzo.<\/p>\n<p>El objetivo de este programa es \u00abque permita que la gente vaya al supermercado con cierta tranquilidad y seguridad\u00bb, en cuanto a los precios de productos de higiene personal, alimentos y de consumo masivo, se\u00f1al\u00f3 Massa en declaraciones a El Destape Radio.<\/p>\n<p>De esta forma, agreg\u00f3 Massa, el Gobierno podr\u00e1 hacer m\u00e1s efectiva la aplicaci\u00f3n de multas a las empresas en infracci\u00f3n.<\/p>\n<p>\u00abEl tema precios ser\u00e1 uno de los ejes centrales que formar\u00e1 parte de un nuevo programa de 90 d\u00edas, en l\u00ednea con el plan anunciado por el ministro Massa al principio de su gesti\u00f3n, que tuvo por objetivo estabilizar la econom\u00eda y acumular reservas\u00bb, se\u00f1alaron fuentes del Palacio de Hacienda.<\/p>\n<p>En este sentido, se aclar\u00f3 que la gesti\u00f3n del ministro \u00abhabla m\u00e1s por los hechos concretos que por las declaraciones a la prensa\u00bb.<\/p>\n<p>\u00abY los hechos concretos est\u00e1n a la vista: la acumulaci\u00f3n de reservas, el financiamiento para pymes y el acuerdo con el Club de Par\u00eds son algunos de los objetivos planteados y cumplidos\u00bb, a\u00f1adieron las fuentes.<\/p>\n<p>En este contexto, con las variables macroecon\u00f3micas en v\u00edas de estabilizarse, llega \u00abel turno de los precios, porque la inflaci\u00f3n nos preocupa y nos ocupa\u00bb, admiten.<\/p>\n<p>De hecho, ya se est\u00e1n dando los primeros pasos para \u00abflexibilizar determinadas importaciones que, por ejemplo, eviten estampidas en los precios de la industria textil\u00bb.<\/p>\n<p>El ministro Massa ya hab\u00eda dado se\u00f1ales en este sentido cuando anunci\u00f3 \u00abacuerdos con siete empresas de \u00abhigiene personal y art\u00edculos de limpieza\u00bb para que coloquen \u00ablos precios en los envases\u00bb.<\/p>\n<p>\u00abPretendemos darle certidumbre a la gente alcanzando el acuerdo m\u00e1s amplio posible, con la mayor cantidad de productos de consumo masivo, sabiendo que hay cadenas de supermercados que a esos productos no le dan prioridad en la g\u00f3ndola, aunque cuatro de las siete cadenas m\u00e1s importantes han manifestado que se lo dar\u00e1n\u00bb, explic\u00f3 Massa una semana atr\u00e1s.<\/p>\n<p>Al respecto, se mostr\u00f3 a favor de armar junto a las empresas \u00abun programa que les permita trabajar en la previsi\u00f3n de importaciones, usando canal verde aduanero, la programaci\u00f3n del Sistema de Importaciones (SIRA) y con fecha cierta de pago con el Banco Central\u00bb.<\/p>\n<p>El Programa Ahora 30<\/p>\n<p>Un primer paso para fomentar el consumo y anclar los precios con cuotas fijas fue el lanzamiento del Programa Ahora 30, una propuesta para adquirir televisores con tecnolog\u00eda 4k de tama\u00f1o igual o superior a las 50\u00bb, aires acondicionados con tecnolog\u00eda de bajo consumo, lavarropas, heladeras y tel\u00e9fonos celulares con 4G de fabricaci\u00f3n nacional de hasta $200.000.<\/p>\n<p>Este programa se encuentra disponible todos los d\u00edas de la semana en locales de electrodom\u00e9sticos y grandes supermercados de todo el pa\u00eds hasta el 22 de diciembre o hasta que el volumen de operaciones alcance la suma de $100.000 millones, cualquiera sea la primera condici\u00f3n que se cumpla primero, aunque puede prorrogarse hasta el 19 de enero de 2023.<\/p>\n<p>Entre los productos disponibles hay 271 modelos de televisores, celulares, aires acondicionados, heladeras y lavarropas, todos de fabricaci\u00f3n nacional y de bajo consumo.<\/p>\n<p>Puntualmente, est\u00e1n disponibles 50 modelos de televisores, 82 de celulares, 38 tipos de aires acondicionados, 47 modelos de heladeras y 54 de lavarropas.<\/p>\n","protected":false},"excerpt":{"rendered":"<p>\u00abEl plan busca que la gente vaya al supermercado con cierta tranquilidad y seguridad\u00bb, adelant\u00f3 Sergio Massa en declaraciones radiales.<\/p>\n","protected":false},"author":4,"featured_media":0,"comment_status":"closed","ping_status":"closed","sticky":false,"template":"","format":"standard","meta":{"_jetpack_newsletter_access":"","_jetpack_dont_email_post_to_subs":false,"_jetpack_newsletter_tier_id":0,"_jetpack_memberships_contains_paywalled_content":false,"_jetpack_memberships_contains_paid_content":false,"footnotes":""},"categories":[45],"tags":[],"class_list":["post-119491","post","type-post","status-publish","format-standard","hentry","category-economia"],"jetpack_featured_media_url":"","jetpack_shortlink":"https:\/\/wp.me\/p2JWE0-v5h","jetpack-related-posts":[{"id":119496,"url":"https:\/\/www.24baires.com\/?p=119496","url_meta":{"origin":119491,"position":0},"title":"Sugieren \u00abno comprar aquellas marcas que remarcan por encima de la inflaci\u00f3n\u00bb","author":"AF","date":"01\/11\/2022","format":false,"excerpt":"Desde la Provincia pidieron \"frenar el abuso de las empresas formadoras de precios que aplican aumentos injustificados\". Miembros del gabinete del gobierno de la provincia de Buenos Aires que encabeza Axel Kicillof pidieron \"parar con los aumentos injustificados de precios\" y solicitaron a los consumidores \"no comprar aquellas marcas que\u2026","rel":"","context":"En \u00abEconom\u00eda\u00bb","block_context":{"text":"Econom\u00eda","link":"https:\/\/www.24baires.com\/?cat=45"},"img":{"alt_text":"larroque","src":"https:\/\/i0.wp.com\/www.24baires.com\/wp-content\/uploads\/2022\/11\/Screenshot-2022-11-01-23.21.12.png?resize=350%2C200","width":350,"height":200,"srcset":"https:\/\/i0.wp.com\/www.24baires.com\/wp-content\/uploads\/2022\/11\/Screenshot-2022-11-01-23.21.12.png?resize=350%2C200 1x, https:\/\/i0.wp.com\/www.24baires.com\/wp-content\/uploads\/2022\/11\/Screenshot-2022-11-01-23.21.12.png?resize=525%2C300 1.5x, https:\/\/i0.wp.com\/www.24baires.com\/wp-content\/uploads\/2022\/11\/Screenshot-2022-11-01-23.21.12.png?resize=700%2C400 2x"},"classes":[]},{"id":119587,"url":"https:\/\/www.24baires.com\/?p=119587","url_meta":{"origin":119491,"position":1},"title":"Sergio Massa incorpora combustibles al Precios Justos","author":"GB","date":"28\/11\/2022","format":false,"excerpt":"Las naftas no podr\u00e1n subir m\u00e1s del 4% durante el pr\u00f3ximo cuatrimestre. Hoy habr\u00e1 una reuni\u00f3n clave para oficializar el acuerdo. El ministro de Econom\u00eda de la Naci\u00f3n, Sergio Massa, acord\u00f3 con empresas petroleras el ingreso de los combustibles al programa Precios Justos. El anuncio formal se realizar\u00e1 este lunes,\u2026","rel":"","context":"En \u00abEconom\u00eda\u00bb","block_context":{"text":"Econom\u00eda","link":"https:\/\/www.24baires.com\/?cat=45"},"img":{"alt_text":"","src":"https:\/\/i0.wp.com\/www.24baires.com\/wp-content\/uploads\/2022\/11\/sergio-massa-precios-justosjpg.jpg?resize=350%2C200","width":350,"height":200,"srcset":"https:\/\/i0.wp.com\/www.24baires.com\/wp-content\/uploads\/2022\/11\/sergio-massa-precios-justosjpg.jpg?resize=350%2C200 1x, https:\/\/i0.wp.com\/www.24baires.com\/wp-content\/uploads\/2022\/11\/sergio-massa-precios-justosjpg.jpg?resize=525%2C300 1.5x, https:\/\/i0.wp.com\/www.24baires.com\/wp-content\/uploads\/2022\/11\/sergio-massa-precios-justosjpg.jpg?resize=700%2C400 2x"},"classes":[]},{"id":120047,"url":"https:\/\/www.24baires.com\/?p=120047","url_meta":{"origin":119491,"position":2},"title":"Sergio Massa convocar\u00e1 a un acuerdo de precios y salarios por 90 d\u00edas","author":"GB","date":"27\/04\/2023","format":false,"excerpt":"Tras ponerle un freno a la corrida cambiaria, Sergio Massa se reuni\u00f3 junto a la c\u00fapula de la CGT y cont\u00f3 que realizar\u00e1 un acuerdo de precios y salarios. Luego de una semana caliente en el mercado cambiario, el ministro de Econom\u00eda de la Naci\u00f3n, Sergio Massa, anunci\u00f3 este mi\u00e9rcoles\u2026","rel":"","context":"En \u00abEconom\u00eda\u00bb","block_context":{"text":"Econom\u00eda","link":"https:\/\/www.24baires.com\/?cat=45"},"img":{"alt_text":"","src":"https:\/\/i0.wp.com\/www.24baires.com\/wp-content\/uploads\/2023\/04\/argenchina.jpeg?resize=350%2C200","width":350,"height":200,"srcset":"https:\/\/i0.wp.com\/www.24baires.com\/wp-content\/uploads\/2023\/04\/argenchina.jpeg?resize=350%2C200 1x, https:\/\/i0.wp.com\/www.24baires.com\/wp-content\/uploads\/2023\/04\/argenchina.jpeg?resize=525%2C300 1.5x, https:\/\/i0.wp.com\/www.24baires.com\/wp-content\/uploads\/2023\/04\/argenchina.jpeg?resize=700%2C400 2x"},"classes":[]},{"id":119623,"url":"https:\/\/www.24baires.com\/?p=119623","url_meta":{"origin":119491,"position":3},"title":"El Gobierno puso en marcha el Plan Ahora 10 para la compra de celulares","author":"AF","date":"12\/12\/2022","format":false,"excerpt":"El acuerdo firmado por el ministro Sergio Massa con las empresas del sector impulsa la venta de 70 modelos de tel\u00e9fonos hasta el 15 de marzo con una tasa preferencial del 48%. El ministro de Econom\u00eda, Sergio Massa, anunci\u00f3 este lunes la puesta en marcha del Plan Ahora 10 destinado\u2026","rel":"","context":"En \u00abSociedad\u00bb","block_context":{"text":"Sociedad","link":"https:\/\/www.24baires.com\/?cat=1"},"img":{"alt_text":"","src":"https:\/\/i0.wp.com\/www.24baires.com\/wp-content\/uploads\/2022\/12\/celular.jpg?fit=1200%2C675&ssl=1&resize=350%2C200","width":350,"height":200,"srcset":"https:\/\/i0.wp.com\/www.24baires.com\/wp-content\/uploads\/2022\/12\/celular.jpg?fit=1200%2C675&ssl=1&resize=350%2C200 1x, https:\/\/i0.wp.com\/www.24baires.com\/wp-content\/uploads\/2022\/12\/celular.jpg?fit=1200%2C675&ssl=1&resize=525%2C300 1.5x, https:\/\/i0.wp.com\/www.24baires.com\/wp-content\/uploads\/2022\/12\/celular.jpg?fit=1200%2C675&ssl=1&resize=700%2C400 2x, https:\/\/i0.wp.com\/www.24baires.com\/wp-content\/uploads\/2022\/12\/celular.jpg?fit=1200%2C675&ssl=1&resize=1050%2C600 3x"},"classes":[]},{"id":119985,"url":"https:\/\/www.24baires.com\/?p=119985","url_meta":{"origin":119491,"position":4},"title":"Massa anunci\u00f3 el d\u00f3lar agro a $300","author":"AF","date":"05\/04\/2023","format":false,"excerpt":"El ministro de Econom\u00eda present\u00f3 el Programa de Incremento Exportador a trav\u00e9s de tres decretos que establecen, entre otras cosas, un tipo de cambio diferencial. El plan se extender\u00e1 desde el 8 de abril hasta el 31 de mayo para la cadena sojera, y entre el 8 de abril y\u2026","rel":"","context":"En \u00abEconom\u00eda\u00bb","block_context":{"text":"Econom\u00eda","link":"https:\/\/www.24baires.com\/?cat=45"},"img":{"alt_text":"","src":"https:\/\/i0.wp.com\/www.24baires.com\/wp-content\/uploads\/2023\/04\/massa.jpeg?resize=350%2C200","width":350,"height":200,"srcset":"https:\/\/i0.wp.com\/www.24baires.com\/wp-content\/uploads\/2023\/04\/massa.jpeg?resize=350%2C200 1x, https:\/\/i0.wp.com\/www.24baires.com\/wp-content\/uploads\/2023\/04\/massa.jpeg?resize=525%2C300 1.5x, https:\/\/i0.wp.com\/www.24baires.com\/wp-content\/uploads\/2023\/04\/massa.jpeg?resize=700%2C400 2x"},"classes":[]},{"id":119955,"url":"https:\/\/www.24baires.com\/?p=119955","url_meta":{"origin":119491,"position":5},"title":"Massa anunci\u00f3 beneficios impositivos para el campo","author":"GB","date":"28\/03\/2023","format":false,"excerpt":"El ministro de Econom\u00eda de la Naci\u00f3n, Sergio Massa, busca bajar el malestar del sector agropecuario. Mientras distintas organizaciones del sector agropecuario se declaran en alerta o preparan movilizaciones, el gobierno nacional anunci\u00f3 nuevas medidas para mitigar la crisis. El ministro de Econom\u00eda, Sergio Massa, las confirm\u00f3 antes de viajar\u2026","rel":"","context":"En \u00abEconom\u00eda\u00bb","block_context":{"text":"Econom\u00eda","link":"https:\/\/www.24baires.com\/?cat=45"},"img":{"alt_text":"","src":"https:\/\/i0.wp.com\/www.24baires.com\/wp-content\/uploads\/2023\/03\/sergio-massa-bahillo-castagnetojpg.jpg?resize=350%2C200","width":350,"height":200,"srcset":"https:\/\/i0.wp.com\/www.24baires.com\/wp-content\/uploads\/2023\/03\/sergio-massa-bahillo-castagnetojpg.jpg?resize=350%2C200 1x, https:\/\/i0.wp.com\/www.24baires.com\/wp-content\/uploads\/2023\/03\/sergio-massa-bahillo-castagnetojpg.jpg?resize=525%2C300 1.5x, https:\/\/i0.wp.com\/www.24baires.com\/wp-content\/uploads\/2023\/03\/sergio-massa-bahillo-castagnetojpg.jpg?resize=700%2C400 2x"},"classes":[]}],"jetpack_sharing_enabled":true,"jetpack_likes_enabled":true,"_links":{"self":[{"href":"https:\/\/www.24baires.com\/index.php?rest_route=\/wp\/v2\/posts\/119491","targetHints":{"allow":["GET"]}}],"collection":[{"href":"https:\/\/www.24baires.com\/index.php?rest_route=\/wp\/v2\/posts"}],"about":[{"href":"https:\/\/www.24baires.com\/index.php?rest_route=\/wp\/v2\/types\/post"}],"author":[{"embeddable":true,"href":"https:\/\/www.24baires.com\/index.php?rest_route=\/wp\/v2\/users\/4"}],"replies":[{"embeddable":true,"href":"https:\/\/www.24baires.com\/index.php?rest_route=%2Fwp%2Fv2%2Fcomments&post=119491"}],"version-history":[{"count":1,"href":"https:\/\/www.24baires.com\/index.php?rest_route=\/wp\/v2\/posts\/119491\/revisions"}],"predecessor-version":[{"id":119492,"href":"https:\/\/www.24baires.com\/index.php?rest_route=\/wp\/v2\/posts\/119491\/revisions\/119492"}],"wp:attachment":[{"href":"https:\/\/www.24baires.com\/index.php?rest_route=%2Fwp%2Fv2%2Fmedia&parent=119491"}],"wp:term":[{"taxonomy":"category","embeddable":true,"href":"https:\/\/www.24baires.com\/index.php?rest_route=%2Fwp%2Fv2%2Fcategories&post=119491"},{"taxonomy":"post_tag","embeddable":true,"href":"https:\/\/www.24baires.com\/index.php?rest_route=%2Fwp%2Fv2%2Ftags&post=119491"}],"curies":[{"name":"wp","href":"https:\/\/api.w.org\/{rel}","templated":true}]}}