{"id":119473,"date":"2022-10-25T19:56:51","date_gmt":"2022-10-25T22:56:51","guid":{"rendered":"http:\/\/www.24baires.com\/?p=119473"},"modified":"2022-10-25T19:56:51","modified_gmt":"2022-10-25T22:56:51","slug":"diputados-debate-el-presupuesto-2023-en-una-sesion-maratonica","status":"publish","type":"post","link":"https:\/\/www.24baires.com\/?p=119473","title":{"rendered":"Diputados debate el Presupuesto 2023 en una sesi\u00f3n marat\u00f3nica"},"content":{"rendered":"<p><img data-recalc-dims=\"1\" loading=\"lazy\" decoding=\"async\" class=\"aligncenter wp-image-119474\" src=\"https:\/\/i0.wp.com\/www.24baires.com\/wp-content\/uploads\/2022\/10\/diputados.jpg?resize=720%2C405\" alt=\"\" width=\"720\" height=\"405\" srcset=\"https:\/\/i0.wp.com\/www.24baires.com\/wp-content\/uploads\/2022\/10\/diputados.jpg?w=1200&amp;ssl=1 1200w, https:\/\/i0.wp.com\/www.24baires.com\/wp-content\/uploads\/2022\/10\/diputados.jpg?resize=300%2C169&amp;ssl=1 300w, https:\/\/i0.wp.com\/www.24baires.com\/wp-content\/uploads\/2022\/10\/diputados.jpg?resize=1024%2C576&amp;ssl=1 1024w, https:\/\/i0.wp.com\/www.24baires.com\/wp-content\/uploads\/2022\/10\/diputados.jpg?resize=768%2C432&amp;ssl=1 768w\" sizes=\"auto, (max-width: 720px) 100vw, 720px\" \/>El tratamiento de la ley se da en medio de un fuerte debate por la inclusi\u00f3n de un art\u00edculo que elimina la exenci\u00f3n en el pago del impuesto a las Ganancias que gozan los miembros del Poder Judicial.<!--more--><\/p>\n<p>La C\u00e1mara de Diputados inici\u00f3 esta tarde la sesi\u00f3n especial para debatir el proyecto de Presupuesto 2023, que proyecta un crecimiento del Producto Bruto Interno (PBI) del 2%, una inflaci\u00f3n del 60%, un d\u00e9ficit del 1,9 por ciento y que destinar\u00e1 m\u00e1s del 70% de los recursos a gastos sociales.<\/p>\n<p>Impulsada por el Frente de Todos, la sesi\u00f3n comenz\u00f3 a las 13.45 y podr\u00eda extenderse por espacio de 20 horas, con lo cual la votaci\u00f3n en general se producir\u00eda cerca de las 3 de la madrugada, para luego avanzar con los art\u00edculos en particular.<\/p>\n<p>La sesi\u00f3n comenz\u00f3 con la presencia de 130 legisladores en el recinto pertenecientes al Frente de Todos, Provincias Unidas, Evoluci\u00f3n Radical y la UCR.<\/p>\n<p>El debate<br \/>\nEl diputado del Frente de Todos Carlos Heller afirm\u00f3 que el proyecto de gastos y recursos impulsado por el oficialismo para 2023 \u00abno es un presupuesto de ajuste\u00bb y rechaz\u00f3 que hayan disminuido las partidas destinadas a gastos sociales, al se\u00f1alar que suman m\u00e1s de 300.000 millones de pesos.<\/p>\n<p>Al exponer como miembro informante de la mayor\u00eda, en el inicio de la sesi\u00f3n, Heller asegur\u00f3 que el Presupuesto 2023 \u00abest\u00e1 orientado a la inversi\u00f3n en infraestructura que ocupar\u00e1 un rol preocupante, a fortalecer el sistema de salud, la educaci\u00f3n en todos los niveles, la extensi\u00f3n de las becas, la ciencia e innovaci\u00f3n y el fomento del empleo\u00bb.<\/p>\n<p>\u00abHemos visto algunos informes period\u00edsticos que se han centrado en el presupuesto del Ministerio de Educaci\u00f3n pero eso es solo una parcialidad del gasto asignado a este concepto. Lo l\u00f3gico es analizar los gastos por finalidad y funci\u00f3n en los cuales se integran los gastos que proceden de diferentes fuentes. Por ejemplo hay partidas que est\u00e1n en el Ministerio de Obras y que tiene que ver con la realizaci\u00f3n de edificios para las escuelas pero que forman parte de los gastos destinados a la Educaci\u00f3n\u00bb, dijo el legislador.<\/p>\n<p>En ese contexto, se\u00f1al\u00f3 que se han incrementado partidas sociales por un monto de 322 mil millones de pesos, con lo cual \u00abno es un presupuesto de ajuste\u00bb.<\/p>\n<p>Tambi\u00e9n se refiri\u00f3 al proceso inflacionario que existe en el pa\u00eds y en ese sentido se\u00f1al\u00f3 que \u00abla b\u00fasqueda de un descenso gradual sin recurrir a un shock antiinflacionario es lo aconsejable porque conocemos los argentinos las consecuencias que tienen los shocks antiinflacionarias y devaluatorios\u00bb.<\/p>\n","protected":false},"excerpt":{"rendered":"<p>El tratamiento de la ley se da en medio de un fuerte debate por la inclusi\u00f3n de un art\u00edculo que elimina la exenci\u00f3n en el pago del impuesto a las Ganancias que gozan los miembros del Poder Judicial.<\/p>\n","protected":false},"author":4,"featured_media":0,"comment_status":"closed","ping_status":"closed","sticky":false,"template":"","format":"standard","meta":{"_jetpack_newsletter_access":"","_jetpack_dont_email_post_to_subs":false,"_jetpack_newsletter_tier_id":0,"_jetpack_memberships_contains_paywalled_content":false,"_jetpack_memberships_contains_paid_content":false,"footnotes":""},"categories":[45],"tags":[],"class_list":["post-119473","post","type-post","status-publish","format-standard","hentry","category-economia"],"jetpack_featured_media_url":"","jetpack_shortlink":"https:\/\/wp.me\/p2JWE0-v4Z","jetpack-related-posts":[{"id":119476,"url":"https:\/\/www.24baires.com\/?p=119476","url_meta":{"origin":119473,"position":0},"title":"Con apoyo de la oposici\u00f3n, el oficialismo logr\u00f3 aprobar el Presupuesto 2023","author":"GB","date":"26\/10\/2022","format":false,"excerpt":"Con 180 votos afirmativos otorgados por el Frente de Todos, la UCR, Evoluci\u00f3n, el interbloque Federal y Provincias Unidas el proyecto obtuvo media sanci\u00f3n en la C\u00e1mara de Diputados. Tras una marat\u00f3nica sesi\u00f3n, la C\u00e1mara de Diputados aprob\u00f3 este mi\u00e9rcoles a la madrugada el proyecto de ley de Presupuesto 2023.\u2026","rel":"","context":"En \u00abPol\u00edtica\u00bb","block_context":{"text":"Pol\u00edtica","link":"https:\/\/www.24baires.com\/?cat=51"},"img":{"alt_text":"","src":"https:\/\/i0.wp.com\/www.24baires.com\/wp-content\/uploads\/2022\/10\/diputados.jpg?resize=350%2C200","width":350,"height":200,"srcset":"https:\/\/i0.wp.com\/www.24baires.com\/wp-content\/uploads\/2022\/10\/diputados.jpg?resize=350%2C200 1x, https:\/\/i0.wp.com\/www.24baires.com\/wp-content\/uploads\/2022\/10\/diputados.jpg?resize=525%2C300 1.5x, https:\/\/i0.wp.com\/www.24baires.com\/wp-content\/uploads\/2022\/10\/diputados.jpg?resize=700%2C400 2x"},"classes":[]},{"id":105083,"url":"https:\/\/www.24baires.com\/?p=105083","url_meta":{"origin":119473,"position":1},"title":"Hay qu\u00f3rum y ya se debate el Presupuesto en Diputados","author":"GB","date":"24\/10\/2018","format":false,"excerpt":"El oficialismo consigui\u00f3 este mi\u00e9rcoles que se inicie la sesi\u00f3n especial en la que se tratar\u00e1 la \"ley de leyes\". Los alrededores del Congreso est\u00e1n vallados para impedir el avance de los manifestantes. En medio de una escandalosa sesi\u00f3n en la Comisi\u00f3n de Presupuesto de Diputados, el oficialismo consigui\u00f3 las\u2026","rel":"","context":"En \u00abPol\u00edtica\u00bb","block_context":{"text":"Pol\u00edtica","link":"https:\/\/www.24baires.com\/?cat=51"},"img":{"alt_text":"","src":"https:\/\/i0.wp.com\/www.24baires.com\/wp-content\/uploads\/2017\/02\/diputados.jpg?resize=350%2C200","width":350,"height":200,"srcset":"https:\/\/i0.wp.com\/www.24baires.com\/wp-content\/uploads\/2017\/02\/diputados.jpg?resize=350%2C200 1x, https:\/\/i0.wp.com\/www.24baires.com\/wp-content\/uploads\/2017\/02\/diputados.jpg?resize=525%2C300 1.5x"},"classes":[]},{"id":105352,"url":"https:\/\/www.24baires.com\/?p=105352","url_meta":{"origin":119473,"position":2},"title":"Senadores dieron ingreso al Presupuesto provincial","author":"AF","date":"08\/11\/2018","format":false,"excerpt":"El Senado bonaerense inici\u00f3 hoy formalmente el debate por el Presupuesto y la Ley Impositiva 2019, al dar estado parlamentario a los proyectos enviados por el Ejecutivo. En tanto, la c\u00e1mara alta se autoconvoc\u00f3 a sesiones extraordinarias, lo que marca las expectativas del oficialismo de que el debate se va\u2026","rel":"","context":"En \u00abProvincia\u00bb","block_context":{"text":"Provincia","link":"https:\/\/www.24baires.com\/?cat=40"},"img":{"alt_text":"","src":"https:\/\/i0.wp.com\/www.24baires.com\/wp-content\/uploads\/2017\/07\/senado.jpg?resize=350%2C200","width":350,"height":200,"srcset":"https:\/\/i0.wp.com\/www.24baires.com\/wp-content\/uploads\/2017\/07\/senado.jpg?resize=350%2C200 1x, https:\/\/i0.wp.com\/www.24baires.com\/wp-content\/uploads\/2017\/07\/senado.jpg?resize=525%2C300 1.5x"},"classes":[]},{"id":53415,"url":"https:\/\/www.24baires.com\/?p=53415","url_meta":{"origin":119473,"position":3},"title":"Contin\u00faa el debate en Diputados por el pago de la deuda","author":"Grupo Sierra","date":"10\/09\/2014","format":false,"excerpt":"La C\u00e1mara baja comenz\u00f3 a sesionar pasadas las 12 para debatir el proyecto que podr\u00eda ser convertido en ley en horas de la madrugada. Durante la sesi\u00f3n especial, que se inici\u00f3 con la presencia de 138 diputados, se debate el proyecto del Poder Ejecutivo que ayer recibi\u00f3 dictamen favorable tras\u2026","rel":"","context":"En \u00abEconom\u00eda\u00bb","block_context":{"text":"Econom\u00eda","link":"https:\/\/www.24baires.com\/?cat=45"},"img":{"alt_text":"diputados6","src":"https:\/\/i0.wp.com\/www.24baires.com\/wp-content\/uploads\/2013\/06\/diputados6.jpg?resize=350%2C200","width":350,"height":200,"srcset":"https:\/\/i0.wp.com\/www.24baires.com\/wp-content\/uploads\/2013\/06\/diputados6.jpg?resize=350%2C200 1x, https:\/\/i0.wp.com\/www.24baires.com\/wp-content\/uploads\/2013\/06\/diputados6.jpg?resize=525%2C300 1.5x"},"classes":[]},{"id":119459,"url":"https:\/\/www.24baires.com\/?p=119459","url_meta":{"origin":119473,"position":4},"title":"\u00abQue los jueces no paguen Ganancias es un privilegio inaceptable\u00bb","author":"AF","date":"21\/10\/2022","format":false,"excerpt":"Luego de que el Frente de Todos consiguiera emitir dictamen de mayor\u00eda para tratar la ley de leyes en la C\u00e1mara Baja, el legislador nacional Marcelo Casaretto se refiri\u00f3 en AM750 a la inclusi\u00f3n del art\u00edculo que busca eliminar la exenci\u00f3n al impuesto a las Ganancias para miembros del Poder\u2026","rel":"","context":"En \u00abJUDICIALES\u00bb","block_context":{"text":"JUDICIALES","link":"https:\/\/www.24baires.com\/?cat=68"},"img":{"alt_text":"","src":"https:\/\/i0.wp.com\/www.24baires.com\/wp-content\/uploads\/2022\/10\/662157-justicia-0.jpg?resize=350%2C200","width":350,"height":200,"srcset":"https:\/\/i0.wp.com\/www.24baires.com\/wp-content\/uploads\/2022\/10\/662157-justicia-0.jpg?resize=350%2C200 1x, https:\/\/i0.wp.com\/www.24baires.com\/wp-content\/uploads\/2022\/10\/662157-justicia-0.jpg?resize=525%2C300 1.5x, https:\/\/i0.wp.com\/www.24baires.com\/wp-content\/uploads\/2022\/10\/662157-justicia-0.jpg?resize=700%2C400 2x"},"classes":[]},{"id":116561,"url":"https:\/\/www.24baires.com\/?p=116561","url_meta":{"origin":119473,"position":5},"title":"Diputados busca darle media sanci\u00f3n al Presupuesto 2021","author":"GB","date":"28\/10\/2020","format":false,"excerpt":"Contempla una inflaci\u00f3n de 29%, un crecimiento de 5,5% y un d\u00e9ficit fiscal de 4,5% y un d\u00f3lar a $102,40. Se estima que el presupuesto se votar\u00e1 durante la madrugada. La C\u00e1mara de Diputados sesionar\u00e1 este mi\u00e9rcoles desde el mediod\u00eda para debatir el primer presupuesto del Gobierno de Alberto Fern\u00e1ndez,\u2026","rel":"","context":"En \u00abPol\u00edtica\u00bb","block_context":{"text":"Pol\u00edtica","link":"https:\/\/www.24baires.com\/?cat=51"},"img":{"alt_text":"","src":"https:\/\/i0.wp.com\/www.24baires.com\/wp-content\/uploads\/2020\/05\/diputados-virtual.jpg?resize=350%2C200","width":350,"height":200,"srcset":"https:\/\/i0.wp.com\/www.24baires.com\/wp-content\/uploads\/2020\/05\/diputados-virtual.jpg?resize=350%2C200 1x, https:\/\/i0.wp.com\/www.24baires.com\/wp-content\/uploads\/2020\/05\/diputados-virtual.jpg?resize=525%2C300 1.5x"},"classes":[]}],"jetpack_sharing_enabled":true,"jetpack_likes_enabled":true,"_links":{"self":[{"href":"https:\/\/www.24baires.com\/index.php?rest_route=\/wp\/v2\/posts\/119473","targetHints":{"allow":["GET"]}}],"collection":[{"href":"https:\/\/www.24baires.com\/index.php?rest_route=\/wp\/v2\/posts"}],"about":[{"href":"https:\/\/www.24baires.com\/index.php?rest_route=\/wp\/v2\/types\/post"}],"author":[{"embeddable":true,"href":"https:\/\/www.24baires.com\/index.php?rest_route=\/wp\/v2\/users\/4"}],"replies":[{"embeddable":true,"href":"https:\/\/www.24baires.com\/index.php?rest_route=%2Fwp%2Fv2%2Fcomments&post=119473"}],"version-history":[{"count":1,"href":"https:\/\/www.24baires.com\/index.php?rest_route=\/wp\/v2\/posts\/119473\/revisions"}],"predecessor-version":[{"id":119475,"href":"https:\/\/www.24baires.com\/index.php?rest_route=\/wp\/v2\/posts\/119473\/revisions\/119475"}],"wp:attachment":[{"href":"https:\/\/www.24baires.com\/index.php?rest_route=%2Fwp%2Fv2%2Fmedia&parent=119473"}],"wp:term":[{"taxonomy":"category","embeddable":true,"href":"https:\/\/www.24baires.com\/index.php?rest_route=%2Fwp%2Fv2%2Fcategories&post=119473"},{"taxonomy":"post_tag","embeddable":true,"href":"https:\/\/www.24baires.com\/index.php?rest_route=%2Fwp%2Fv2%2Ftags&post=119473"}],"curies":[{"name":"wp","href":"https:\/\/api.w.org\/{rel}","templated":true}]}}