{"id":119435,"date":"2022-10-13T19:33:41","date_gmt":"2022-10-13T22:33:41","guid":{"rendered":"http:\/\/www.24baires.com\/?p=119435"},"modified":"2022-10-13T19:33:41","modified_gmt":"2022-10-13T22:33:41","slug":"massa-avanzo-con-las-negociaciones-por-la-deuda-de-2400-millones","status":"publish","type":"post","link":"https:\/\/www.24baires.com\/?p=119435","title":{"rendered":"Massa avanz\u00f3 con las negociaciones por la deuda de 2400 millones"},"content":{"rendered":"<p><img data-recalc-dims=\"1\" loading=\"lazy\" decoding=\"async\" class=\"aligncenter wp-image-119407\" src=\"https:\/\/i0.wp.com\/www.24baires.com\/wp-content\/uploads\/2022\/09\/massa..jpg?resize=720%2C405\" alt=\"\" width=\"720\" height=\"405\" srcset=\"https:\/\/i0.wp.com\/www.24baires.com\/wp-content\/uploads\/2022\/09\/massa..jpg?w=900&amp;ssl=1 900w, https:\/\/i0.wp.com\/www.24baires.com\/wp-content\/uploads\/2022\/09\/massa..jpg?resize=300%2C169&amp;ssl=1 300w, https:\/\/i0.wp.com\/www.24baires.com\/wp-content\/uploads\/2022\/09\/massa..jpg?resize=768%2C432&amp;ssl=1 768w\" sizes=\"auto, (max-width: 720px) 100vw, 720px\" \/>Se reuni\u00f3 con Moulin, secretario del organismo. Preparan viaje a Francia para lograr la r\u00fabrica a fines de este mes. La cena con el G20 y los dichos de Georgieva. <!--more--><\/p>\n<p>El ministro de Econom\u00eda, Sergio Massa, avanz\u00f3 en las \u00faltimas horas en las negociaciones con el Club de Par\u00eds, durante un encuentro que mantuvo con su secretario general, Emmanuel Moulin, tambi\u00e9n secretario del Tesoro de Francia, lo que le permitir\u00e1 renegociar la deuda por 2.400 millones de d\u00f3lares. \u00abEl acuerdo est\u00e1 casi cerrado; hay muy buenas perspectivas\u00bb, expresaron desde el equipo econ\u00f3mico.<\/p>\n<p>La misma fuente precis\u00f3 que se est\u00e1 programando \u00abun viaje a Francia para el 27 y 28 de octubre\u00bb y remarc\u00f3 que \u00abhay muy buenas perspectiva para cerrar el acuerdo\u00bb con condiciones que plantea la Argentina. La Argentina negocia una refinanciaci\u00f3n de la deuda, a trav\u00e9s de la cual intentar\u00e1 extender plazos y reducir las tasa de inter\u00e9s, que actualmente es del 9 por ciento. Esa tasa de inter\u00e9s de 9 por ciento anual que hoy paga la Argentina al Club, incluye una penalidad por la demora en los pagos de los \u00faltimos a\u00f1os, la que podr\u00eda ser rebajada para cuando se selle el acuerdo en octubre.<\/p>\n<p>El encuentro se realiz\u00f3 en las instalaciones del FMI, y Massa estuvo acompa\u00f1ado por el viceministro de Econom\u00eda, Gabriel Rubinstein, el responsable de las negociaciones con los organismos y quien lleva la letra chica del acuerdo; el titular del Indec, Marco Lavagna; el jefe de asesores Leonardo Madcur y el director del Banco Central, Lisandro Cleri. Tambi\u00e9n se lo vio al director argentino ante el FMI, Sergio Chodos, acompa\u00f1ando la delegaci\u00f3n.<\/p>\n<p>En este contexto, result\u00f3 clave para avanzar en las negociaciones la aprobaci\u00f3n de la segunda revisi\u00f3n del programa vigente con el FMI, ya que para el Club de Par\u00eds es una condici\u00f3n de base (no escrita), para evaluar el desempe\u00f1o y las pol\u00edticas para la refinanciaci\u00f3n de la deuda de la Argentina con dicho organismo multilateral.<\/p>\n<p>El FMI juega<br \/>\nMientras el ministro de Econom\u00eda y el gabinete negocian y buscan respaldos en la gira por Estados Unidos que culmina este viernes, la titular del FMI, Kristalina Georgieva, destac\u00f3 el compromiso del gobierno argentino de cumplir con el programa acordado con el organismo multilateral al se\u00f1alar que el ministro de Econom\u00eda, Sergio Massa, \u00abse ha tomado muy en serio el compromiso de cumplir\u00bb con lo establecido en ese entendimiento.<\/p>\n<p>Durante la conferencia de presentaci\u00f3n de la Asamblea Anual el FMI y del Banco Mundial que tiene lugar en la ciudad de Washington, Georgieva subray\u00f3 adem\u00e1s la importancia de que el Gobierno \u00abse tome muy en serio la necesidad de controlar la inflaci\u00f3n\u00bb, algo que, consider\u00f3, es \u00ablo que espera el pueblo argentino\u00bb.<\/p>\n<p>Por su parte, otro alto directivo del Fondo que se reuni\u00f3 con Massa, el jefe del Departamento Occidental, Ihlan Goldfajn, consider\u00f3 que \u00absi la Argentina contin\u00faa implementando el programa acordado con el FMI con apoyo pol\u00edtico y se hace en forma sostenida, gradualmente permitir\u00e1 conducir al pa\u00eds hacia la senda correcta\u00bb para bajar la inflaci\u00f3n.<\/p>\n<p>Cena con el G20 en Washington<\/p>\n<p>Massa plante\u00f3 el mi\u00e9rcoles por la noche en Washington que \u201cla Argentina no es ajena a la enorme tensi\u00f3n global que vivimos\u201d, y pregunt\u00f3 a los funcionarios all\u00ed presentes si \u201ctiene sentido que haya pa\u00edses con enormes recursos energ\u00e9ticos que por falta de capacidad de inversi\u00f3n intensiva no puedan vend\u00e9rselos al mundo, mientras hay una guerra\u201d.<\/p>\n<p>Durante su discurso en la cena de bienvenida de la Cumbre de Ministros de Finanzas del G20, Massa remarc\u00f3 que \u201cla Argentina no es ajena a una situaci\u00f3n global y a una situaci\u00f3n individual de enorme tensi\u00f3n, por los diferentes shocks que se fueron planteando en los \u00faltimos a\u00f1os, pandemia y guerra\u201d.<\/p>\n<p>El titular del Palacio de Hacienda subray\u00f3 que la Argentina se encuentra en un proceso de \u201cacumular reservas a partir de tener una pol\u00edtica exportadora m\u00e1s agresiva y una de cuidado de los ingresos en d\u00f3lares\u201d. \u201cNos corresponde hacer algunas de las preguntas que yo voy a dejar, porque tienen que ver con mi responsabilidad, pero tambi\u00e9n con la importancia que tiene este \u00e1mbito. \u00bfTiene sentido que entre los multilaterales tengamos competencia a la hora de calificar inversiones versus gasto en los pa\u00edses en v\u00edas de desarrollo?\u201d, sostuvo.<\/p>\n<p>Tambi\u00e9n les pregunt\u00f3 a los presentes si \u201ctiene sentido que tengamos pa\u00edses con enormes recursos energ\u00e9ticos que por falta de capacidad de inversi\u00f3n intensiva no tengan recursos para vender al mundo mientras se debate con una guerra\u201d.<\/p>\n<p>\u201c\u00bfTiene sentido que hablemos de los procesos de cambio clim\u00e1tico sin reconocer que hay pa\u00edses que son acreedores desde lo ambiental y deudores desde lo financiero?\u201d, plante\u00f3 Massa, quien durante la cena se encontr\u00f3 con la directora gerente del Fondo Monetario Internacional (FMI), Kristalina Georgieva, y con la secretaria del Tesoro de Estados Unidos, Yanet Yellen.<\/p>\n<p>&nbsp;<\/p>\n<p>&nbsp;<\/p>\n<p>FUENTE: P\u00e1gina 12<\/p>\n","protected":false},"excerpt":{"rendered":"<p>Se reuni\u00f3 con Moulin, secretario del organismo. Preparan viaje a Francia para lograr la r\u00fabrica a fines de este mes. La cena con el G20 y los dichos de Georgieva.<\/p>\n","protected":false},"author":4,"featured_media":0,"comment_status":"closed","ping_status":"closed","sticky":false,"template":"","format":"standard","meta":{"_jetpack_newsletter_access":"","_jetpack_dont_email_post_to_subs":false,"_jetpack_newsletter_tier_id":0,"_jetpack_memberships_contains_paywalled_content":false,"_jetpack_memberships_contains_paid_content":false,"footnotes":""},"categories":[45],"tags":[],"class_list":["post-119435","post","type-post","status-publish","format-standard","hentry","category-economia"],"jetpack_featured_media_url":"","jetpack_shortlink":"https:\/\/wp.me\/p2JWE0-v4n","jetpack-related-posts":[{"id":120179,"url":"https:\/\/www.24baires.com\/?p=120179","url_meta":{"origin":119435,"position":0},"title":"Massa contin\u00faa la negociaci\u00f3n con el FMI con el eje en el \u00abda\u00f1o\u00bb por la sequ\u00eda","author":"AF","date":"13\/06\/2023","format":false,"excerpt":"En un acto en la f\u00e1brica automotriz Ford en Pacheco el ministro cont\u00f3 que lac conversaciones con el organismo de cr\u00e9dito se desarrollan de modo virtual y luego ir\u00e1 una misi\u00f3n a Washington para cerrar el acuerdo. El ministro de Econom\u00eda, Sergio Massa, confirm\u00f3 este martes que contin\u00faan las negociaciones\u2026","rel":"","context":"En \u00abEconom\u00eda\u00bb","block_context":{"text":"Econom\u00eda","link":"https:\/\/www.24baires.com\/?cat=45"},"img":{"alt_text":"","src":"https:\/\/i0.wp.com\/www.24baires.com\/wp-content\/uploads\/2023\/05\/massa-scaled.jpg?resize=350%2C200","width":350,"height":200,"srcset":"https:\/\/i0.wp.com\/www.24baires.com\/wp-content\/uploads\/2023\/05\/massa-scaled.jpg?resize=350%2C200 1x, https:\/\/i0.wp.com\/www.24baires.com\/wp-content\/uploads\/2023\/05\/massa-scaled.jpg?resize=525%2C300 1.5x, https:\/\/i0.wp.com\/www.24baires.com\/wp-content\/uploads\/2023\/05\/massa-scaled.jpg?resize=700%2C400 2x"},"classes":[]},{"id":119172,"url":"https:\/\/www.24baires.com\/?p=119172","url_meta":{"origin":119435,"position":1},"title":"Cristina se reuni\u00f3 con el nuevo \u00absuperministro\u00bb","author":"AF","date":"01\/08\/2022","format":false,"excerpt":"El encuentro se produjo horas despu\u00e9s de que Massa anunciara los primeros nombres que lo acompa\u00f1ar\u00e1n en el Palacio de Hacienda. Qu\u00e9 se sabe hasta ahora de las futuras medidas que tomar\u00e1 el nuevo ministro y los viajes que tiene previsto. La vicepresidenta Cristina Kirchner recibi\u00f3 este lunes al presidente\u2026","rel":"","context":"En \u00abPol\u00edtica\u00bb","block_context":{"text":"Pol\u00edtica","link":"https:\/\/www.24baires.com\/?cat=51"},"img":{"alt_text":"","src":"https:\/\/i0.wp.com\/www.24baires.com\/wp-content\/uploads\/2022\/08\/cristina-massa.jpg?resize=350%2C200","width":350,"height":200,"srcset":"https:\/\/i0.wp.com\/www.24baires.com\/wp-content\/uploads\/2022\/08\/cristina-massa.jpg?resize=350%2C200 1x, https:\/\/i0.wp.com\/www.24baires.com\/wp-content\/uploads\/2022\/08\/cristina-massa.jpg?resize=525%2C300 1.5x, https:\/\/i0.wp.com\/www.24baires.com\/wp-content\/uploads\/2022\/08\/cristina-massa.jpg?resize=700%2C400 2x"},"classes":[]},{"id":120294,"url":"https:\/\/www.24baires.com\/?p=120294","url_meta":{"origin":119435,"position":2},"title":"Argentina inici\u00f3 las negociaciones con el FMI para cerrar el acuerdo","author":"AF","date":"18\/07\/2023","format":false,"excerpt":"Funcionarios del Ministerio de Econom\u00eda ya iniciaron las reuniones con el equipo t\u00e9cnico del Fondo Monetario Internacional para acordar los detalles finales del entendimiento. Massa viajar\u00eda esta semana. El secretario de Pol\u00edtica Econ\u00f3mica, Gabriel Rubinstein; el jefe de asesores del Ministerio de Econom\u00eda, Leonardo Madcur; y el vicepresidente del Banco\u2026","rel":"","context":"En \u00abEconom\u00eda\u00bb","block_context":{"text":"Econom\u00eda","link":"https:\/\/www.24baires.com\/?cat=45"},"img":{"alt_text":"","src":"https:\/\/i0.wp.com\/www.24baires.com\/wp-content\/uploads\/2023\/06\/fmi.jpeg?resize=350%2C200","width":350,"height":200,"srcset":"https:\/\/i0.wp.com\/www.24baires.com\/wp-content\/uploads\/2023\/06\/fmi.jpeg?resize=350%2C200 1x, https:\/\/i0.wp.com\/www.24baires.com\/wp-content\/uploads\/2023\/06\/fmi.jpeg?resize=525%2C300 1.5x, https:\/\/i0.wp.com\/www.24baires.com\/wp-content\/uploads\/2023\/06\/fmi.jpeg?resize=700%2C400 2x"},"classes":[]},{"id":120299,"url":"https:\/\/www.24baires.com\/?p=120299","url_meta":{"origin":119435,"position":3},"title":"Massa volvi\u00f3 a hablar con Georgieva y se aceleran las negociaciones con el FMI","author":"AF","date":"20\/07\/2023","format":false,"excerpt":"La conversaci\u00f3n entre el ministro de Econom\u00eda y la titular del Fondo se extendi\u00f3 durante una hora y luego, se sumaron dos nuevos funcionarios a la delegaci\u00f3n argentina. El precandidato debe definir si viaja a Washington para cerrar el entendimiento con el organismo. El ministro de Econom\u00eda, Sergio Massa, volvi\u00f3\u2026","rel":"","context":"En \u00abEconom\u00eda\u00bb","block_context":{"text":"Econom\u00eda","link":"https:\/\/www.24baires.com\/?cat=45"},"img":{"alt_text":"","src":"https:\/\/i0.wp.com\/www.24baires.com\/wp-content\/uploads\/2023\/07\/massa.jpg?resize=350%2C200","width":350,"height":200,"srcset":"https:\/\/i0.wp.com\/www.24baires.com\/wp-content\/uploads\/2023\/07\/massa.jpg?resize=350%2C200 1x, https:\/\/i0.wp.com\/www.24baires.com\/wp-content\/uploads\/2023\/07\/massa.jpg?resize=525%2C300 1.5x, https:\/\/i0.wp.com\/www.24baires.com\/wp-content\/uploads\/2023\/07\/massa.jpg?resize=700%2C400 2x"},"classes":[]},{"id":46803,"url":"https:\/\/www.24baires.com\/?p=46803","url_meta":{"origin":119435,"position":4},"title":"Kicillof viaja a Francia para una reuni\u00f3n fundamental con el Club de Par\u00eds","author":"Grupo Sierra","date":"26\/05\/2014","format":false,"excerpt":"El ministro de Econom\u00eda se refiri\u00f3 al encuentro que mantendr\u00e1 el pr\u00f3ximo mi\u00e9rcoles con el Club de Par\u00eds, con quienes comenzar\u00e1 de manera formal las negociaciones destinadas a regularizar la deuda en situaci\u00f3n del default que el pa\u00eds tiene con los pa\u00edses que integran ese foro. El ministro de Econom\u00eda,\u2026","rel":"","context":"En \u00abEconom\u00eda\u00bb","block_context":{"text":"Econom\u00eda","link":"https:\/\/www.24baires.com\/?cat=45"},"img":{"alt_text":"kicillof club de paris","src":"https:\/\/i0.wp.com\/www.24baires.com\/wp-content\/uploads\/2014\/01\/kicillof-club-de-paris.jpg?resize=350%2C200","width":350,"height":200,"srcset":"https:\/\/i0.wp.com\/www.24baires.com\/wp-content\/uploads\/2014\/01\/kicillof-club-de-paris.jpg?resize=350%2C200 1x, https:\/\/i0.wp.com\/www.24baires.com\/wp-content\/uploads\/2014\/01\/kicillof-club-de-paris.jpg?resize=525%2C300 1.5x"},"classes":[]},{"id":38709,"url":"https:\/\/www.24baires.com\/?p=38709","url_meta":{"origin":119435,"position":5},"title":"Kicillof ir\u00e1 a Francia a renegociar la deuda con el \u00abClub de Par\u00eds\u00bb","author":"GB","date":"17\/01\/2014","format":false,"excerpt":"El ministro de Econom\u00eda, Axel Kicillof, viajar\u00e1 este domingo a Francia para mantener reuniones con los representantes del \u201cClub de Par\u00eds\", tendientes a renegociar la deuda de 9.500 millones de d\u00f3lares que el pa\u00eds mantiene con ese organismo multinacional de cr\u00e9dito. As\u00ed lo adelantaron fuentes oficiales, que precisaron que el\u2026","rel":"","context":"En \u00abEconom\u00eda\u00bb","block_context":{"text":"Econom\u00eda","link":"https:\/\/www.24baires.com\/?cat=45"},"img":{"alt_text":"kicillof1","src":"https:\/\/i0.wp.com\/www.24baires.com\/wp-content\/uploads\/2014\/01\/kicillof1.jpg?resize=350%2C200","width":350,"height":200,"srcset":"https:\/\/i0.wp.com\/www.24baires.com\/wp-content\/uploads\/2014\/01\/kicillof1.jpg?resize=350%2C200 1x, https:\/\/i0.wp.com\/www.24baires.com\/wp-content\/uploads\/2014\/01\/kicillof1.jpg?resize=525%2C300 1.5x"},"classes":[]}],"jetpack_sharing_enabled":true,"jetpack_likes_enabled":true,"_links":{"self":[{"href":"https:\/\/www.24baires.com\/index.php?rest_route=\/wp\/v2\/posts\/119435","targetHints":{"allow":["GET"]}}],"collection":[{"href":"https:\/\/www.24baires.com\/index.php?rest_route=\/wp\/v2\/posts"}],"about":[{"href":"https:\/\/www.24baires.com\/index.php?rest_route=\/wp\/v2\/types\/post"}],"author":[{"embeddable":true,"href":"https:\/\/www.24baires.com\/index.php?rest_route=\/wp\/v2\/users\/4"}],"replies":[{"embeddable":true,"href":"https:\/\/www.24baires.com\/index.php?rest_route=%2Fwp%2Fv2%2Fcomments&post=119435"}],"version-history":[{"count":1,"href":"https:\/\/www.24baires.com\/index.php?rest_route=\/wp\/v2\/posts\/119435\/revisions"}],"predecessor-version":[{"id":119436,"href":"https:\/\/www.24baires.com\/index.php?rest_route=\/wp\/v2\/posts\/119435\/revisions\/119436"}],"wp:attachment":[{"href":"https:\/\/www.24baires.com\/index.php?rest_route=%2Fwp%2Fv2%2Fmedia&parent=119435"}],"wp:term":[{"taxonomy":"category","embeddable":true,"href":"https:\/\/www.24baires.com\/index.php?rest_route=%2Fwp%2Fv2%2Fcategories&post=119435"},{"taxonomy":"post_tag","embeddable":true,"href":"https:\/\/www.24baires.com\/index.php?rest_route=%2Fwp%2Fv2%2Ftags&post=119435"}],"curies":[{"name":"wp","href":"https:\/\/api.w.org\/{rel}","templated":true}]}}