{"id":119422,"date":"2022-10-06T22:04:08","date_gmt":"2022-10-07T01:04:08","guid":{"rendered":"http:\/\/www.24baires.com\/?p=119422"},"modified":"2022-10-06T22:04:08","modified_gmt":"2022-10-07T01:04:08","slug":"la-actividad-industrial-crecio-76-durante-agosto-y-la-construccion-73","status":"publish","type":"post","link":"https:\/\/www.24baires.com\/?p=119422","title":{"rendered":"La actividad industrial creci\u00f3 7,6% durante agosto y la construcci\u00f3n, 7,3%"},"content":{"rendered":"<p><img data-recalc-dims=\"1\" loading=\"lazy\" decoding=\"async\" class=\"aligncenter wp-image-15897\" src=\"https:\/\/i0.wp.com\/www.24baires.com\/wp-content\/uploads\/2013\/02\/indec.jpg?resize=720%2C540\" alt=\"\" width=\"720\" height=\"540\" srcset=\"https:\/\/i0.wp.com\/www.24baires.com\/wp-content\/uploads\/2013\/02\/indec.jpg?w=500&amp;ssl=1 500w, https:\/\/i0.wp.com\/www.24baires.com\/wp-content\/uploads\/2013\/02\/indec.jpg?resize=300%2C225&amp;ssl=1 300w\" sizes=\"auto, (max-width: 720px) 100vw, 720px\" \/>El dato del Instituto Nacional de Estad\u00edstica y Censos corresponde a la comparaci\u00f3n de los indicadores en relaci\u00f3n a igual mes de 2021. <!--more--><\/p>\n<p>La actividad industrial creci\u00f3 7,6% durante agosto en relaci\u00f3n a igual mes de 2021, y registr\u00f3 un alza de 0,4% en comparaci\u00f3n con julio pasado, inform\u00f3 el Instituto Nacional de Estad\u00edstica y Censos (Indec).<\/p>\n<p>En tanto, el sector de la construcci\u00f3n present\u00f3 en agosto un avance de 7,3% en t\u00e9rminos interanuales, pero registr\u00f3 una merma del 2,1% en relaci\u00f3n a julio, de acuerdo a los indicadores de coyuntura de la actividad que confecciona el organismo.<\/p>\n<p>De esta manera, en los primeros ocho meses del a\u00f1o el sector fabril acumul\u00f3 un alza de 6,1%.<\/p>\n<p>La construcci\u00f3n, por su parte, registr\u00f3 un incremento de 6,4% entre enero y agosto.<\/p>\n<p>En agosto, 15 de las 16 divisiones de la industria manufacturera presentaron subas interanuales, precis\u00f3 el Indec.<\/p>\n<p>En orden a su incidencia en el nivel general, se registraron incrementos de 5,7% en \u201cAlimentos y bebidas\u201d; 24,2% en \u201cVeh\u00edculos automotores, carrocer\u00edas y autopartes\u201d; 6,2% en \u201cQu\u00edmicos\u201d; 12,6% en \u201cMaquinaria y equipo\u201d; 11,6% en \u201cPrendas de vestir, cuero y calzado\u201d.<\/p>\n","protected":false},"excerpt":{"rendered":"<p>El dato del Instituto Nacional de Estad\u00edstica y Censos corresponde a la comparaci\u00f3n de los indicadores en relaci\u00f3n a igual mes de 2021.<\/p>\n","protected":false},"author":4,"featured_media":0,"comment_status":"closed","ping_status":"closed","sticky":false,"template":"","format":"standard","meta":{"_jetpack_newsletter_access":"","_jetpack_dont_email_post_to_subs":false,"_jetpack_newsletter_tier_id":0,"_jetpack_memberships_contains_paywalled_content":false,"_jetpack_memberships_contains_paid_content":false,"footnotes":""},"categories":[45],"tags":[],"class_list":["post-119422","post","type-post","status-publish","format-standard","hentry","category-economia"],"jetpack_featured_media_url":"","jetpack_shortlink":"https:\/\/wp.me\/p2JWE0-v4a","jetpack-related-posts":[{"id":72651,"url":"https:\/\/www.24baires.com\/?p=72651","url_meta":{"origin":119422,"position":0},"title":"La actividad industrial creci\u00f3 1,1% en agosto","author":"GB","date":"24\/09\/2015","format":false,"excerpt":"Seg\u00fan el Instituto Nacional de Estad\u00edstica y Censos (INDEC), el incremento, en comparaci\u00f3n al mismo mes de 2014, fue sustentado por la recuperaci\u00f3n en el sector automotriz. La dependencia oficial precis\u00f3 adem\u00e1s que el Estimador Mensual Industrial (EMI) mostr\u00f3 en agosto un leve retroceso de 0,1% en relaci\u00f3n a julio,\u2026","rel":"","context":"En \u00abEconom\u00eda\u00bb","block_context":{"text":"Econom\u00eda","link":"https:\/\/www.24baires.com\/?cat=45"},"img":{"alt_text":"industria","src":"https:\/\/i0.wp.com\/www.24baires.com\/wp-content\/uploads\/2015\/09\/industria.jpg?resize=350%2C200","width":350,"height":200,"srcset":"https:\/\/i0.wp.com\/www.24baires.com\/wp-content\/uploads\/2015\/09\/industria.jpg?resize=350%2C200 1x, https:\/\/i0.wp.com\/www.24baires.com\/wp-content\/uploads\/2015\/09\/industria.jpg?resize=525%2C300 1.5x"},"classes":[]},{"id":119251,"url":"https:\/\/www.24baires.com\/?p=119251","url_meta":{"origin":119422,"position":1},"title":"La actividad econ\u00f3mica creci\u00f3 un 6,4% durante junio","author":"AF","date":"23\/08\/2022","format":false,"excerpt":"La actividad econ\u00f3mica creci\u00f3 durante junio 6,4% en t\u00e9rminos interanuales, y 1,1% en comparaci\u00f3n a mayo, inform\u00f3 este martes el Instituto Nacional de Estad\u00edstica y Censos (Indec). El informe del Instituto Nacional de Estad\u00edstica y Censos se\u00f1ala adem\u00e1s que en referencia al mes anterior la suba fue del 1,1%. El\u2026","rel":"","context":"En \u00abEconom\u00eda\u00bb","block_context":{"text":"Econom\u00eda","link":"https:\/\/www.24baires.com\/?cat=45"},"img":{"alt_text":"","src":"https:\/\/i0.wp.com\/www.24baires.com\/wp-content\/uploads\/2022\/04\/industria-soldador.jpg?resize=350%2C200","width":350,"height":200,"srcset":"https:\/\/i0.wp.com\/www.24baires.com\/wp-content\/uploads\/2022\/04\/industria-soldador.jpg?resize=350%2C200 1x, https:\/\/i0.wp.com\/www.24baires.com\/wp-content\/uploads\/2022\/04\/industria-soldador.jpg?resize=525%2C300 1.5x, https:\/\/i0.wp.com\/www.24baires.com\/wp-content\/uploads\/2022\/04\/industria-soldador.jpg?resize=700%2C400 2x"},"classes":[]},{"id":31091,"url":"https:\/\/www.24baires.com\/?p=31091","url_meta":{"origin":119422,"position":2},"title":"El INDEC asegura que la construcci\u00f3n aument\u00f3 2,9% durante julio","author":"AF","date":"31\/08\/2013","format":false,"excerpt":"El INDEC inform\u00f3 que registr\u00f3 durante julio un retroceso del 1,2% en relaci\u00f3n a junio, y acumul\u00f3 en lo que va del a\u00f1o un 3,3%, siempre en t\u00e9rminos desestacionalizados. La actividad de la construcci\u00f3n creci\u00f3 durante julio el 2,9% en relaci\u00f3n a igual mes del a\u00f1o pasado, y con buenas\u2026","rel":"","context":"En \u00abEconom\u00eda\u00bb","block_context":{"text":"Econom\u00eda","link":"https:\/\/www.24baires.com\/?cat=45"},"img":{"alt_text":"","src":"","width":0,"height":0},"classes":[]},{"id":27132,"url":"https:\/\/www.24baires.com\/?p=27132","url_meta":{"origin":119422,"position":3},"title":"La construcci\u00f3n creci\u00f3 un 7,7% en mayo","author":"Grupo Sierra","date":"28\/06\/2013","format":false,"excerpt":"El nivel de actividad de la construcci\u00f3n creci\u00f3 durante mayo 7,7 % en comparaci\u00f3n a igual mes del a\u00f1o pasado, inform\u00f3 el Instituto Nacional de Estad\u00edstica y Censos (Indec). El organismo precis\u00f3 adem\u00e1s, que el Indicador Sint\u00e9tico de la Actividad de la Construcci\u00f3n (Isac) registr\u00f3 durante mayo un avance del\u2026","rel":"","context":"En \u00abEconom\u00eda\u00bb","block_context":{"text":"Econom\u00eda","link":"https:\/\/www.24baires.com\/?cat=45"},"img":{"alt_text":"","src":"","width":0,"height":0},"classes":[]},{"id":32593,"url":"https:\/\/www.24baires.com\/?p=32593","url_meta":{"origin":119422,"position":4},"title":"Seg\u00fan el INDEC, la econom\u00eda creci\u00f3 5,1 % en julio","author":"AF","date":"27\/09\/2013","format":false,"excerpt":"El alza es respecto a igual mes del a\u00f1o pasado. Las claves volvieron a estar en la vigorosa producci\u00f3n automotriz (alza interanual del 8,2 %) y la mayor cosecha de soja. La actividad econ\u00f3mica creci\u00f3 durante julio 5,7 % en relaci\u00f3n a igual mes del 2012, merced al buen desempe\u00f1o\u2026","rel":"","context":"En \u00abEconom\u00eda\u00bb","block_context":{"text":"Econom\u00eda","link":"https:\/\/www.24baires.com\/?cat=45"},"img":{"alt_text":"parque industrial","src":"https:\/\/i0.wp.com\/www.24baires.com\/wp-content\/uploads\/2013\/01\/parque-industrial-300x225.jpg?resize=350%2C200","width":350,"height":200},"classes":[]},{"id":90999,"url":"https:\/\/www.24baires.com\/?p=90999","url_meta":{"origin":119422,"position":5},"title":"El PBI volvi\u00f3 a caer en el tercer trimestre seg\u00fan inform\u00f3 el INDEC","author":"GB","date":"22\/12\/2016","format":false,"excerpt":"En la comparaci\u00f3n interanual con el mismo periodo del a\u00f1o anterior, el producto bruto interno presenta una ca\u00edda del 3,8%. La industria y la construcci\u00f3n son las actividades m\u00e1s perjudicadas. Lejos de los augurios del Gobierno nacional, el segundo semestre sigue mostrando un fuerte declive de la econom\u00eda y el\u2026","rel":"","context":"En \u00abEconom\u00eda\u00bb","block_context":{"text":"Econom\u00eda","link":"https:\/\/www.24baires.com\/?cat=45"},"img":{"alt_text":"","src":"https:\/\/i0.wp.com\/www.24baires.com\/wp-content\/uploads\/2016\/07\/industria.jpg?resize=350%2C200","width":350,"height":200},"classes":[]}],"jetpack_sharing_enabled":true,"jetpack_likes_enabled":true,"_links":{"self":[{"href":"https:\/\/www.24baires.com\/index.php?rest_route=\/wp\/v2\/posts\/119422","targetHints":{"allow":["GET"]}}],"collection":[{"href":"https:\/\/www.24baires.com\/index.php?rest_route=\/wp\/v2\/posts"}],"about":[{"href":"https:\/\/www.24baires.com\/index.php?rest_route=\/wp\/v2\/types\/post"}],"author":[{"embeddable":true,"href":"https:\/\/www.24baires.com\/index.php?rest_route=\/wp\/v2\/users\/4"}],"replies":[{"embeddable":true,"href":"https:\/\/www.24baires.com\/index.php?rest_route=%2Fwp%2Fv2%2Fcomments&post=119422"}],"version-history":[{"count":1,"href":"https:\/\/www.24baires.com\/index.php?rest_route=\/wp\/v2\/posts\/119422\/revisions"}],"predecessor-version":[{"id":119423,"href":"https:\/\/www.24baires.com\/index.php?rest_route=\/wp\/v2\/posts\/119422\/revisions\/119423"}],"wp:attachment":[{"href":"https:\/\/www.24baires.com\/index.php?rest_route=%2Fwp%2Fv2%2Fmedia&parent=119422"}],"wp:term":[{"taxonomy":"category","embeddable":true,"href":"https:\/\/www.24baires.com\/index.php?rest_route=%2Fwp%2Fv2%2Fcategories&post=119422"},{"taxonomy":"post_tag","embeddable":true,"href":"https:\/\/www.24baires.com\/index.php?rest_route=%2Fwp%2Fv2%2Ftags&post=119422"}],"curies":[{"name":"wp","href":"https:\/\/api.w.org\/{rel}","templated":true}]}}