{"id":119406,"date":"2022-09-30T19:56:24","date_gmt":"2022-09-30T22:56:24","guid":{"rendered":"http:\/\/www.24baires.com\/?p=119406"},"modified":"2022-09-30T20:23:42","modified_gmt":"2022-09-30T23:23:42","slug":"habra-medidas-para-sectores-vulnerables-a-partir-de-los-resultados-del-dolar-soja","status":"publish","type":"post","link":"https:\/\/www.24baires.com\/?p=119406","title":{"rendered":"Habr\u00e1 medidas para sectores vulnerables a partir de los resultados del d\u00f3lar soja"},"content":{"rendered":"<p><img data-recalc-dims=\"1\" loading=\"lazy\" decoding=\"async\" class=\"aligncenter wp-image-119407\" src=\"https:\/\/i0.wp.com\/www.24baires.com\/wp-content\/uploads\/2022\/09\/massa..jpg?resize=720%2C405\" alt=\"\" width=\"720\" height=\"405\" srcset=\"https:\/\/i0.wp.com\/www.24baires.com\/wp-content\/uploads\/2022\/09\/massa..jpg?w=900&amp;ssl=1 900w, https:\/\/i0.wp.com\/www.24baires.com\/wp-content\/uploads\/2022\/09\/massa..jpg?resize=300%2C169&amp;ssl=1 300w, https:\/\/i0.wp.com\/www.24baires.com\/wp-content\/uploads\/2022\/09\/massa..jpg?resize=768%2C432&amp;ssl=1 768w\" sizes=\"auto, (max-width: 720px) 100vw, 720px\" \/>El ministro de Econom\u00eda encabez\u00f3 en el Palacio de Hacienda la presentaci\u00f3n de los resultados del r\u00e9gimen de fomento a las exportaciones agroindustriales y el programa de fortalecimiento de peque\u00f1os y medianos productores.<!--more--><\/p>\n<p>El ministro de Econom\u00eda, Sergio Massa, destac\u00f3 que el Programa de Incremento Exportador (PIE), conocido como \u00abd\u00f3lar soja\u00bb, permiti\u00f3 alcanzar \u00abresultados m\u00e1s que satisfactorios que entusiasman y permiten mostrar resultados de una contundencia que constituyen un r\u00e9cord en t\u00e9rminos de liquidaciones y exportaciones de la Rep\u00fablica Argentina\u00bb.<\/p>\n<p>Massa encabez\u00f3 en el Palacio de Hacienda la presentaci\u00f3n de los resultados del r\u00e9gimen de fomento a las exportaciones agroindustriales y el programa de fortalecimiento de peque\u00f1os y medianos productores.<\/p>\n<p>El ministro de Econom\u00eda inform\u00f3 que se registraron ventas al exterior por US$ 8.123 millones y que a la fecha se declar\u00f3 un ingreso de divisas por US$ 7.646 millones.<\/p>\n<p>Adem\u00e1s, Massa detall\u00f3 que del Programa participaron 44.622 productores y personas jur\u00eddicas y que se comercializaron 13.725.198 toneladas de soja desde el 5 al 30 de septiembre.<\/p>\n<p>Lanzan programa para peque\u00f1os productores que incrementar\u00e1 siembra en m\u00e1s de 300 mil hect\u00e1reas<\/p>\n<p>Massa anunci\u00f3 un programa para peque\u00f1os y medianos productores de ma\u00edz y soja con el objetivo de incrementar la siembra en m\u00e1s de 300 mil hect\u00e1reas, al presentar en el Palacio de Hacienda los resultados del Programa de Incremento Exportador (PIE), que estableci\u00f3 un tipo de cambio de $ 200 por d\u00f3lar para las exportaciones de soja con vigencia hasta el d\u00eda de este viernes.<\/p>\n<p>\u00abA partir del lunes empieza a funcionar un programa para aquellos peque\u00f1os productores que hayan vendido mas del 85% previo al inicio del programa de incremento exportador, que va a permitir financiar la mitad de las semillas y los fertilizantes de los productores de ma\u00edz y soja de menos de 200 hect\u00e1reas\u00bb, anunci\u00f3 el ministro.<\/p>\n<p>Massa: \u00abVamos a anunciar medidas para que caigan los beneficios de quienes hicieron trampa\u00bb<\/p>\n<p>El funcionario anticip\u00f3 que la semana pr\u00f3xima se anunciar\u00e1n medidas para incrementar las exportaciones y un nuevo sistema para quitar beneficios a quienes \u00abhicieron trampas\u00bb con las importaciones.<\/p>\n<p>\u00abLa semana que viene vamos a anunciar medidas para incrementar el volumen de exportaciones; y un nuevo sistema para que aquellos que hicieron trampa y consiguieron que jueces habiliten importaciones vean ca\u00eddo ese beneficio\u00bb, afirm\u00f3 Massa en el Palacio de Hacienda.<\/p>\n<p>Habr\u00e1 medidas para sectores vulnerables a partir de los resultados del d\u00f3lar soja<\/p>\n<p>Massa subray\u00f3 que a partir de los resultados del Programa de Incremento Exportador (PIE), conocido como \u00abd\u00f3lar soja\u00bb, se podr\u00e1 avanzar con medidas dirigidas a los sectores vulnerables de la poblaci\u00f3n, cuyos detalles se conocer\u00e1n la pr\u00f3xima semana.<\/p>\n<p>\u00abEntendemos que es muy importante que el productor sienta que lo que pag\u00f3 adicionalmente y lo que el Estado puso de m\u00e1s en t\u00e9rmino de valores impl\u00edcitos vuelva a nuestras comunidades agropecuarias pero tambi\u00e9n vuelva para proteger a los sectores mas vulnerables\u00bb, dijo.<\/p>\n","protected":false},"excerpt":{"rendered":"<p>El ministro de Econom\u00eda encabez\u00f3 en el Palacio de Hacienda la presentaci\u00f3n de los resultados del r\u00e9gimen de fomento a las exportaciones agroindustriales y el programa de fortalecimiento de peque\u00f1os y medianos productores.<\/p>\n","protected":false},"author":4,"featured_media":0,"comment_status":"closed","ping_status":"closed","sticky":false,"template":"","format":"standard","meta":{"_jetpack_newsletter_access":"","_jetpack_dont_email_post_to_subs":false,"_jetpack_newsletter_tier_id":0,"_jetpack_memberships_contains_paywalled_content":false,"_jetpack_memberships_contains_paid_content":false,"footnotes":""},"categories":[45],"tags":[],"class_list":["post-119406","post","type-post","status-publish","format-standard","hentry","category-economia"],"jetpack_featured_media_url":"","jetpack_shortlink":"https:\/\/wp.me\/p2JWE0-v3U","jetpack-related-posts":[{"id":119291,"url":"https:\/\/www.24baires.com\/?p=119291","url_meta":{"origin":119406,"position":0},"title":"El Gobierno nacional anunci\u00f3 un nuevo \u00abd\u00f3lar soja\u00bb","author":"GB","date":"05\/09\/2022","format":false,"excerpt":"El ministro de Econom\u00eda anunci\u00f3 la implementaci\u00f3n de un d\u00f3lar a 200 pesos destinado a la liquidaci\u00f3n de la cosecha de soja. Gobierno de la naci\u00f3n anunci\u00f3 un nuevo tipo de cambio de 200 pesos por d\u00f3lar destinado a las transacciones internacionales de soja. Esta medida con la que se\u2026","rel":"","context":"En \u00abEconom\u00eda\u00bb","block_context":{"text":"Econom\u00eda","link":"https:\/\/www.24baires.com\/?cat=45"},"img":{"alt_text":"","src":"https:\/\/i0.wp.com\/www.24baires.com\/wp-content\/uploads\/2022\/09\/massa-dolar-sojapng.png?resize=350%2C200","width":350,"height":200,"srcset":"https:\/\/i0.wp.com\/www.24baires.com\/wp-content\/uploads\/2022\/09\/massa-dolar-sojapng.png?resize=350%2C200 1x, https:\/\/i0.wp.com\/www.24baires.com\/wp-content\/uploads\/2022\/09\/massa-dolar-sojapng.png?resize=525%2C300 1.5x, https:\/\/i0.wp.com\/www.24baires.com\/wp-content\/uploads\/2022\/09\/massa-dolar-sojapng.png?resize=700%2C400 2x"},"classes":[]},{"id":119985,"url":"https:\/\/www.24baires.com\/?p=119985","url_meta":{"origin":119406,"position":1},"title":"Massa anunci\u00f3 el d\u00f3lar agro a $300","author":"AF","date":"05\/04\/2023","format":false,"excerpt":"El ministro de Econom\u00eda present\u00f3 el Programa de Incremento Exportador a trav\u00e9s de tres decretos que establecen, entre otras cosas, un tipo de cambio diferencial. El plan se extender\u00e1 desde el 8 de abril hasta el 31 de mayo para la cadena sojera, y entre el 8 de abril y\u2026","rel":"","context":"En \u00abEconom\u00eda\u00bb","block_context":{"text":"Econom\u00eda","link":"https:\/\/www.24baires.com\/?cat=45"},"img":{"alt_text":"","src":"https:\/\/i0.wp.com\/www.24baires.com\/wp-content\/uploads\/2023\/04\/massa.jpeg?resize=350%2C200","width":350,"height":200,"srcset":"https:\/\/i0.wp.com\/www.24baires.com\/wp-content\/uploads\/2023\/04\/massa.jpeg?resize=350%2C200 1x, https:\/\/i0.wp.com\/www.24baires.com\/wp-content\/uploads\/2023\/04\/massa.jpeg?resize=525%2C300 1.5x, https:\/\/i0.wp.com\/www.24baires.com\/wp-content\/uploads\/2023\/04\/massa.jpeg?resize=700%2C400 2x"},"classes":[]},{"id":119325,"url":"https:\/\/www.24baires.com\/?p=119325","url_meta":{"origin":119406,"position":2},"title":"Massa asegur\u00f3 que en los \u00abpr\u00f3ximos d\u00edas\u00bb estar\u00e1 lista la segunda revisi\u00f3n del FMI","author":"AF","date":"12\/09\/2022","format":false,"excerpt":"As\u00ed lo precis\u00f3 el Ministro de Econom\u00eda en una rueda de prensa que ofreci\u00f3 en la sede de la Embajada Argentina en Washington, tras su encuentro con Kristalina Georgieva. El ministro de Econom\u00eda, Sergio Massa, afirm\u00f3 que en los \"pr\u00f3ximos d\u00edas\" estar\u00e1 finalizada la segunda revisi\u00f3n del acuerdo acuerdo alcanzado\u2026","rel":"","context":"En \u00abEconom\u00eda\u00bb","block_context":{"text":"Econom\u00eda","link":"https:\/\/www.24baires.com\/?cat=45"},"img":{"alt_text":"","src":"https:\/\/i0.wp.com\/www.24baires.com\/wp-content\/uploads\/2022\/09\/631f941e6cf2d_900.jpg?resize=350%2C200","width":350,"height":200,"srcset":"https:\/\/i0.wp.com\/www.24baires.com\/wp-content\/uploads\/2022\/09\/631f941e6cf2d_900.jpg?resize=350%2C200 1x, https:\/\/i0.wp.com\/www.24baires.com\/wp-content\/uploads\/2022\/09\/631f941e6cf2d_900.jpg?resize=525%2C300 1.5x, https:\/\/i0.wp.com\/www.24baires.com\/wp-content\/uploads\/2022\/09\/631f941e6cf2d_900.jpg?resize=700%2C400 2x"},"classes":[]},{"id":120305,"url":"https:\/\/www.24baires.com\/?p=120305","url_meta":{"origin":119406,"position":3},"title":"Massa anunci\u00f3 el fin de las retenciones para econom\u00edas regionales","author":"AF","date":"24\/07\/2023","format":false,"excerpt":"El ministro de Econom\u00eda y candidato presidencial de UxP critic\u00f3 a los dirigentes de la oposici\u00f3n que hab\u00edan asegurado que se aplicar\u00edan retenciones a \"200 econom\u00edas regionales\". \"Las consignas f\u00e1ciles y lindas para repetir en la tele, son pan para hoy y hambre para ma\u00f1ana\", afirm\u00f3. El ministro de Econom\u00eda\u2026","rel":"","context":"En \u00abPol\u00edtica\u00bb","block_context":{"text":"Pol\u00edtica","link":"https:\/\/www.24baires.com\/?cat=51"},"img":{"alt_text":"","src":"https:\/\/i0.wp.com\/www.24baires.com\/wp-content\/uploads\/2023\/07\/WhatsApp-Image-2023-07-24-at-19.44.07.jpeg?resize=350%2C200","width":350,"height":200,"srcset":"https:\/\/i0.wp.com\/www.24baires.com\/wp-content\/uploads\/2023\/07\/WhatsApp-Image-2023-07-24-at-19.44.07.jpeg?resize=350%2C200 1x, https:\/\/i0.wp.com\/www.24baires.com\/wp-content\/uploads\/2023\/07\/WhatsApp-Image-2023-07-24-at-19.44.07.jpeg?resize=525%2C300 1.5x, https:\/\/i0.wp.com\/www.24baires.com\/wp-content\/uploads\/2023\/07\/WhatsApp-Image-2023-07-24-at-19.44.07.jpeg?resize=700%2C400 2x"},"classes":[]},{"id":119226,"url":"https:\/\/www.24baires.com\/?p=119226","url_meta":{"origin":119406,"position":4},"title":"Entraron los primeros d\u00f3lares de los 5000 millones que prometi\u00f3 Massa","author":"AF","date":"17\/08\/2022","format":false,"excerpt":"Fue en el primer d\u00eda de las cuentas especiales de prefinancianci\u00f3n y anticipo de exportaci\u00f3n, un beneficio que otorg\u00f3 el BCRA. En unos d\u00edas se completar\u00e1n 1000 millones y en septiembre, s\u00f3lo con liquidaci\u00f3n de exportaciones, se cumple la meta del ministro. El deseo del ministro de Econom\u00eda, Sergio Massa,\u2026","rel":"","context":"En \u00abEconom\u00eda\u00bb","block_context":{"text":"Econom\u00eda","link":"https:\/\/www.24baires.com\/?cat=45"},"img":{"alt_text":"","src":"https:\/\/i0.wp.com\/www.24baires.com\/wp-content\/uploads\/2019\/08\/d%C3%B3lar.jpg?resize=350%2C200","width":350,"height":200,"srcset":"https:\/\/i0.wp.com\/www.24baires.com\/wp-content\/uploads\/2019\/08\/d%C3%B3lar.jpg?resize=350%2C200 1x, https:\/\/i0.wp.com\/www.24baires.com\/wp-content\/uploads\/2019\/08\/d%C3%B3lar.jpg?resize=525%2C300 1.5x, https:\/\/i0.wp.com\/www.24baires.com\/wp-content\/uploads\/2019\/08\/d%C3%B3lar.jpg?resize=700%2C400 2x"},"classes":[]},{"id":118081,"url":"https:\/\/www.24baires.com\/?p=118081","url_meta":{"origin":119406,"position":5},"title":"Fern\u00e1ndez: \u00abEstamos dando un paso para ponerle fin a una disputa de a\u00f1os\u00bb","author":"AF","date":"30\/09\/2021","format":false,"excerpt":"El Presidente encabez\u00f3 la presentaci\u00f3n del proyecto agroindustrial en Casa Rosada junto a la vicepresidenta, Cristina Fern\u00e1ndez de Kirchner; el jefe de Gabinete, Juan Manzur, y el ministro de Agricultura, Juli\u00e1n Dom\u00ednguez. El presidente Alberto Fern\u00e1ndez asegur\u00f3 hoy que se est\u00e1 dando \"un paso para ponerle fin a una disputa\u2026","rel":"","context":"En \u00abPol\u00edtica\u00bb","block_context":{"text":"Pol\u00edtica","link":"https:\/\/www.24baires.com\/?cat=51"},"img":{"alt_text":"","src":"https:\/\/i0.wp.com\/www.24baires.com\/wp-content\/uploads\/2021\/09\/alberto-fernandez-cristina-kirchner-1jpg.jpg?resize=350%2C200","width":350,"height":200,"srcset":"https:\/\/i0.wp.com\/www.24baires.com\/wp-content\/uploads\/2021\/09\/alberto-fernandez-cristina-kirchner-1jpg.jpg?resize=350%2C200 1x, https:\/\/i0.wp.com\/www.24baires.com\/wp-content\/uploads\/2021\/09\/alberto-fernandez-cristina-kirchner-1jpg.jpg?resize=525%2C300 1.5x"},"classes":[]}],"jetpack_sharing_enabled":true,"jetpack_likes_enabled":true,"_links":{"self":[{"href":"https:\/\/www.24baires.com\/index.php?rest_route=\/wp\/v2\/posts\/119406","targetHints":{"allow":["GET"]}}],"collection":[{"href":"https:\/\/www.24baires.com\/index.php?rest_route=\/wp\/v2\/posts"}],"about":[{"href":"https:\/\/www.24baires.com\/index.php?rest_route=\/wp\/v2\/types\/post"}],"author":[{"embeddable":true,"href":"https:\/\/www.24baires.com\/index.php?rest_route=\/wp\/v2\/users\/4"}],"replies":[{"embeddable":true,"href":"https:\/\/www.24baires.com\/index.php?rest_route=%2Fwp%2Fv2%2Fcomments&post=119406"}],"version-history":[{"count":1,"href":"https:\/\/www.24baires.com\/index.php?rest_route=\/wp\/v2\/posts\/119406\/revisions"}],"predecessor-version":[{"id":119408,"href":"https:\/\/www.24baires.com\/index.php?rest_route=\/wp\/v2\/posts\/119406\/revisions\/119408"}],"wp:attachment":[{"href":"https:\/\/www.24baires.com\/index.php?rest_route=%2Fwp%2Fv2%2Fmedia&parent=119406"}],"wp:term":[{"taxonomy":"category","embeddable":true,"href":"https:\/\/www.24baires.com\/index.php?rest_route=%2Fwp%2Fv2%2Fcategories&post=119406"},{"taxonomy":"post_tag","embeddable":true,"href":"https:\/\/www.24baires.com\/index.php?rest_route=%2Fwp%2Fv2%2Ftags&post=119406"}],"curies":[{"name":"wp","href":"https:\/\/api.w.org\/{rel}","templated":true}]}}