{"id":11940,"date":"2013-01-12T14:10:42","date_gmt":"2013-01-12T17:10:42","guid":{"rendered":"http:\/\/www.24baires.com\/?p=11940"},"modified":"2013-01-13T11:58:58","modified_gmt":"2013-01-13T14:58:58","slug":"cristina-parte-hacia-asia-luego-de-estar-en-cuba-con-fidel-y-hugo-chavez","status":"publish","type":"post","link":"https:\/\/www.24baires.com\/?p=11940","title":{"rendered":"Cristina parte hacia Asia luego de estar en Cuba con Fidel y Hugo Ch\u00e1vez"},"content":{"rendered":"<p><a href=\"http:\/\/www.24baires.com\/sociedad\/11940-cristina-parte-hacia-asia-luego-de-estar-en-cuba-con-fidel-y-hugo-chavez\/attachment\/fidel-y-cristina\/\" rel=\"attachment wp-att-11941\"><img data-recalc-dims=\"1\" loading=\"lazy\" decoding=\"async\" class=\"alignleft size-medium wp-image-11941\" alt=\"fidel y cristina\" src=\"https:\/\/i0.wp.com\/www.24baires.com\/wp-content\/uploads\/2013\/01\/fidel-y-cristina.jpg?resize=300%2C199\" width=\"300\" height=\"199\" srcset=\"https:\/\/i0.wp.com\/www.24baires.com\/wp-content\/uploads\/2013\/01\/fidel-y-cristina.jpg?resize=300%2C199&amp;ssl=1 300w, https:\/\/i0.wp.com\/www.24baires.com\/wp-content\/uploads\/2013\/01\/fidel-y-cristina.jpg?w=515&amp;ssl=1 515w\" sizes=\"auto, (max-width: 300px) 100vw, 300px\" \/><\/a>La Presidenta parti\u00f3 en el mediod\u00eda de este s\u00e1bado desde el aeropuerto Jos\u00e9 Mart\u00ed de La Habana tras visitar al mandatario venezolano Hugo Ch\u00e1vez y reunirse con el l\u00edder de la revoluci\u00f3n cubana y el titular del gobierno de la isla, Fidel Castro.<!--more--><br \/>\nLa Presidenta, quien arrib\u00f3 ayer por la ma\u00f1ana, comparti\u00f3 un almuerzo con Fidel Castro y su hermano Ra\u00fal y luego visit\u00f3 el centro de salud en el que se encuentra internado el mandatario venezolano recuper\u00e1ndose de una operaci\u00f3n de c\u00e1ncer a la que fue sometido el pasado 11 de diciembre.<\/p>\n<p>Al partir hacia ese encuentro, Cristina dialog\u00f3 con la prensa en la puerta del hotel Nacional donde se aloj\u00f3 y asegur\u00f3 que pasaba por Cuba antes de emprender su gira por pa\u00edses de Asia para visitar al presidente Ch\u00e1vez, a quien defini\u00f3 como \u00abun amigo\u00bb de nuestro pa\u00eds.<\/p>\n<p>La mandataria aclar\u00f3 a los periodistas que su visita no era \u00abpara hacer comentarios y entrevistas, sino simplemente de solidaridad y acompa\u00f1amiento con quien es mi amigo, un compa\u00f1ero que ayud\u00f3 tanto a la Rep\u00fablica Argentina cuando nadie la ayudaba\u00bb.<\/p>\n<p>Tras su visita a Cuba, la Presidenta partir\u00e1 desde La Habana para continuar su gira de 11 d\u00edas por el continente asi\u00e1tico, donde se reunir\u00e1 con sus pares de Emiratos Arabes, Indonesia y Vietnam, y con los directivos de las principales empresas de esos pa\u00edses.<\/p>\n<p>&nbsp;<\/p>\n<p>&nbsp;<\/p>\n<p>&nbsp;<\/p>\n<p>&nbsp;<\/p>\n<p>&nbsp;<\/p>\n<p>&nbsp;<\/p>\n<p>&nbsp;<\/p>\n<p>&nbsp;<\/p>\n<p>&nbsp;<\/p>\n<p>&nbsp;<\/p>\n<p>&nbsp;<\/p>\n<p>&nbsp;<\/p>\n<p>&nbsp;<\/p>\n<p>&nbsp;<\/p>\n<p>&nbsp;<\/p>\n<p>&nbsp;<\/p>\n<p>&nbsp;<\/p>\n<p>&nbsp;<\/p>\n<p>&nbsp;<\/p>\n<p>&nbsp;<\/p>\n","protected":false},"excerpt":{"rendered":"<p>La Presidenta parti\u00f3 en el mediod\u00eda de este s\u00e1bado desde el aeropuerto Jos\u00e9 Mart\u00ed de La Habana tras visitar al mandatario venezolano Hugo Ch\u00e1vez y reunirse con el l\u00edder de la revoluci\u00f3n cubana y el titular del gobierno de la isla, Fidel Castro.<\/p>\n","protected":false},"author":4,"featured_media":0,"comment_status":"open","ping_status":"open","sticky":false,"template":"","format":"standard","meta":{"_jetpack_newsletter_access":"","_jetpack_dont_email_post_to_subs":false,"_jetpack_newsletter_tier_id":0,"_jetpack_memberships_contains_paywalled_content":false,"_jetpack_memberships_contains_paid_content":false,"footnotes":""},"categories":[1],"tags":[],"class_list":["post-11940","post","type-post","status-publish","format-standard","hentry","category-sociedad"],"jetpack_featured_media_url":"","jetpack_shortlink":"https:\/\/wp.me\/p2JWE0-36A","jetpack-related-posts":[{"id":39321,"url":"https:\/\/www.24baires.com\/?p=39321","url_meta":{"origin":11940,"position":0},"title":"Cristina cont\u00f3 acerca de su encuentro con Fidel Castro y Dilma Rousseff","author":"GB","date":"27\/01\/2014","format":false,"excerpt":"La presidenta Cristina Fern\u00e1ndez de Kirchner cont\u00f3 hoy, a trav\u00e9s de su cuenta de Twitter, detalles sobre sus encuentros con el l\u00edder cubano Fidel Castro y su par del Brasil, Dilma Rousseff, en La Habana, en donde se encuentra la primera mandataria argentina para participar de la cumbre de la\u2026","rel":"","context":"En \u00abPol\u00edtica\u00bb","block_context":{"text":"Pol\u00edtica","link":"https:\/\/www.24baires.com\/?cat=51"},"img":{"alt_text":"Cristinacon Fidel","src":"https:\/\/i0.wp.com\/www.24baires.com\/wp-content\/uploads\/2014\/01\/Cristinacon-Fidel.jpg?resize=350%2C200","width":350,"height":200,"srcset":"https:\/\/i0.wp.com\/www.24baires.com\/wp-content\/uploads\/2014\/01\/Cristinacon-Fidel.jpg?resize=350%2C200 1x, https:\/\/i0.wp.com\/www.24baires.com\/wp-content\/uploads\/2014\/01\/Cristinacon-Fidel.jpg?resize=525%2C300 1.5x"},"classes":[]},{"id":11832,"url":"https:\/\/www.24baires.com\/?p=11832","url_meta":{"origin":11940,"position":1},"title":"La Presidenta ya est\u00e1 en Cuba para visitar a Hugo Ch\u00e1vez","author":"AF","date":"11\/01\/2013","format":false,"excerpt":"Cristina arrib\u00f3 en la ma\u00f1ana de este viernes al aeropuerto Jos\u00e9 Mart\u00ed, donde se interiorizar\u00e1 sobre la salud del mandatario venezolano, quien se encuentra internado en esa ciudad desde el 11 de diciembre. La Presidenta, que lleg\u00f3 a las 9 (7 hora local), fue recibida por el canciller cubano Bruno\u2026","rel":"","context":"En \u00abPol\u00edtica\u00bb","block_context":{"text":"Pol\u00edtica","link":"https:\/\/www.24baires.com\/?cat=51"},"img":{"alt_text":"cristina en la habana","src":"https:\/\/i0.wp.com\/www.24baires.com\/wp-content\/uploads\/2013\/01\/cristina-en-la-habana.jpg?resize=350%2C200","width":350,"height":200},"classes":[]},{"id":13424,"url":"https:\/\/www.24baires.com\/?p=13424","url_meta":{"origin":11940,"position":2},"title":"Un periodista italiano se adjudic\u00f3 el env\u00edo de la falsa foto de Ch\u00e1vez internado","author":"AF","date":"24\/01\/2013","format":false,"excerpt":"El periodista Tommasso Debenedetti revel\u00f3 que al enviar la imagen a las agencias de noticias se hizo pasar por el ministro venezolano de Cultura, Pedro Calzadilla. Pese a su confesi\u00f3n dijo que la foto por \u201cextra\u00f1as circunstancias\u201d apareci\u00f3 en la primera plana de \u201cun diario tan importante como El Pa\u00eds\u201d.\u2026","rel":"","context":"En \u00abSociedad\u00bb","block_context":{"text":"Sociedad","link":"https:\/\/www.24baires.com\/?cat=1"},"img":{"alt_text":"tommasso debenedetti","src":"https:\/\/i0.wp.com\/www.24baires.com\/wp-content\/uploads\/2013\/01\/tommasso-debenedetti-300x199.jpg?resize=350%2C200","width":350,"height":200},"classes":[]},{"id":39265,"url":"https:\/\/www.24baires.com\/?p=39265","url_meta":{"origin":11940,"position":3},"title":"Cristina almorz\u00f3 con Fidel y se reuni\u00f3 con Dilma","author":"Grupo Sierra","date":"26\/01\/2014","format":false,"excerpt":"La presidenta Cristina Fern\u00e1ndez de Kirchner regres\u00f3 al hotel Nacional de La Habana a las 17.30 (hora argentina) tras el almuerzo que mantuvo con el l\u00edder de la revoluci\u00f3n cubana, Fidel Castro. Al ingresar al hotel y ante la pregunta de los periodistas sobre c\u00f3mo fue el encuentro, la Presidenta\u2026","rel":"","context":"En \u00abPol\u00edtica\u00bb","block_context":{"text":"Pol\u00edtica","link":"https:\/\/www.24baires.com\/?cat=51"},"img":{"alt_text":"cristina fidel","src":"https:\/\/i0.wp.com\/www.24baires.com\/wp-content\/uploads\/2014\/01\/cristina-fidel.jpg?resize=350%2C200","width":350,"height":200,"srcset":"https:\/\/i0.wp.com\/www.24baires.com\/wp-content\/uploads\/2014\/01\/cristina-fidel.jpg?resize=350%2C200 1x, https:\/\/i0.wp.com\/www.24baires.com\/wp-content\/uploads\/2014\/01\/cristina-fidel.jpg?resize=525%2C300 1.5x"},"classes":[]},{"id":17762,"url":"https:\/\/www.24baires.com\/?p=17762","url_meta":{"origin":11940,"position":4},"title":"Cristina regresa a la Argentina desde Caracas","author":"Grupo Sierra","date":"07\/03\/2013","format":false,"excerpt":"La Presidenta Cristina Fern\u00e1ndez de Kirchner, emprendi\u00f3 esta tarde el regreso a la Argentina y estar\u00eda llegando a Buenos Aires a las 22 horas. Pasado el mediod\u00eda concurri\u00f3 a la capilla ardiente en la que son velados los restos del presidente venezolano. \u00a0 \u00a0 Cristina concurri\u00f3 pasado el mediod\u00eda a\u2026","rel":"","context":"En \u00abPol\u00edtica\u00bb","block_context":{"text":"Pol\u00edtica","link":"https:\/\/www.24baires.com\/?cat=51"},"img":{"alt_text":"cristina avion","src":"https:\/\/i0.wp.com\/www.24baires.com\/wp-content\/uploads\/2013\/03\/cristina-avion-300x200.jpg?resize=350%2C200","width":350,"height":200},"classes":[]},{"id":80647,"url":"https:\/\/www.24baires.com\/?p=80647","url_meta":{"origin":11940,"position":5},"title":"Fuertes declaraciones de Fidel Castro contra Obama y \u00abel Imperio\u00bb","author":"AF","date":"28\/03\/2016","format":false,"excerpt":"El expresidente cubano public\u00f3 un art\u00edculo en Cuba Debate donde cuestiona con dureza al Jefe de Estado norteamericano. Qu\u00e9 dijo. \"Vine aqu\u00ed para dejar atr\u00e1s los \u00faltimos vestigios de la guerra fr\u00eda en las Am\u00e9ricas. Vine aqu\u00ed extendiendo la mano de amistad al pueblo cubano\", fueron las palabras de Obama\u2026","rel":"","context":"En \u00abInternacionales\u00bb","block_context":{"text":"Internacionales","link":"https:\/\/www.24baires.com\/?cat=73"},"img":{"alt_text":"fidel castro","src":"https:\/\/i0.wp.com\/www.24baires.com\/wp-content\/uploads\/2016\/03\/fidel-castro.jpg?resize=350%2C200","width":350,"height":200,"srcset":"https:\/\/i0.wp.com\/www.24baires.com\/wp-content\/uploads\/2016\/03\/fidel-castro.jpg?resize=350%2C200 1x, https:\/\/i0.wp.com\/www.24baires.com\/wp-content\/uploads\/2016\/03\/fidel-castro.jpg?resize=525%2C300 1.5x"},"classes":[]}],"jetpack_sharing_enabled":true,"jetpack_likes_enabled":true,"_links":{"self":[{"href":"https:\/\/www.24baires.com\/index.php?rest_route=\/wp\/v2\/posts\/11940","targetHints":{"allow":["GET"]}}],"collection":[{"href":"https:\/\/www.24baires.com\/index.php?rest_route=\/wp\/v2\/posts"}],"about":[{"href":"https:\/\/www.24baires.com\/index.php?rest_route=\/wp\/v2\/types\/post"}],"author":[{"embeddable":true,"href":"https:\/\/www.24baires.com\/index.php?rest_route=\/wp\/v2\/users\/4"}],"replies":[{"embeddable":true,"href":"https:\/\/www.24baires.com\/index.php?rest_route=%2Fwp%2Fv2%2Fcomments&post=11940"}],"version-history":[{"count":3,"href":"https:\/\/www.24baires.com\/index.php?rest_route=\/wp\/v2\/posts\/11940\/revisions"}],"predecessor-version":[{"id":11944,"href":"https:\/\/www.24baires.com\/index.php?rest_route=\/wp\/v2\/posts\/11940\/revisions\/11944"}],"wp:attachment":[{"href":"https:\/\/www.24baires.com\/index.php?rest_route=%2Fwp%2Fv2%2Fmedia&parent=11940"}],"wp:term":[{"taxonomy":"category","embeddable":true,"href":"https:\/\/www.24baires.com\/index.php?rest_route=%2Fwp%2Fv2%2Fcategories&post=11940"},{"taxonomy":"post_tag","embeddable":true,"href":"https:\/\/www.24baires.com\/index.php?rest_route=%2Fwp%2Fv2%2Ftags&post=11940"}],"curies":[{"name":"wp","href":"https:\/\/api.w.org\/{rel}","templated":true}]}}