{"id":119399,"date":"2022-09-29T19:46:29","date_gmt":"2022-09-29T22:46:29","guid":{"rendered":"http:\/\/www.24baires.com\/?p=119399"},"modified":"2022-09-29T20:03:51","modified_gmt":"2022-09-29T23:03:51","slug":"los-salarios-subieron-55-pero-siguen-perdiendo-ante-la-inflacion","status":"publish","type":"post","link":"https:\/\/www.24baires.com\/?p=119399","title":{"rendered":"Los salarios subieron 5,5% pero siguen perdiendo ante la inflaci\u00f3n"},"content":{"rendered":"<p><img data-recalc-dims=\"1\" loading=\"lazy\" decoding=\"async\" class=\"aligncenter wp-image-119400\" src=\"https:\/\/i0.wp.com\/www.24baires.com\/wp-content\/uploads\/2022\/09\/Captura-desde-2022-09-29-19-44-40.png?resize=720%2C476\" alt=\"\" width=\"720\" height=\"476\" srcset=\"https:\/\/i0.wp.com\/www.24baires.com\/wp-content\/uploads\/2022\/09\/Captura-desde-2022-09-29-19-44-40.png?w=655&amp;ssl=1 655w, https:\/\/i0.wp.com\/www.24baires.com\/wp-content\/uploads\/2022\/09\/Captura-desde-2022-09-29-19-44-40.png?resize=300%2C198&amp;ssl=1 300w\" sizes=\"auto, (max-width: 720px) 100vw, 720px\" \/>De esta manera, quedaron debajo del \u00cdndice de Precios al Consumidor (IPC) del s\u00e9ptimo mes del a\u00f1o, que alcanz\u00f3 el 7,4%. En julio de 2022, el \u00cdndice de salarios se increment\u00f3 5,5% mensual y 68,7% interanual. En tanto, el crecimiento mensual se debi\u00f3 a subas de 5,4% en el sector privado registrado, 7,3% en el sector p\u00fablico y 3% en el sector privado no registrado.<!--more--><\/p>\n<p>El \u00cdndice de salarios se increment\u00f3 5,5% mensual en julio y 68,7% interanual, seg\u00fan inform\u00f3 este jueves 29 de septiembre el Instituto Nacional de Estad\u00edsticas y Censos (INDEC). De esta manera, los salarios volvieron a quedar debajo de la inflaci\u00f3n de dicho mes, que fue de 7,4%, de acuerdo al organismo oficial. Asimismo, el indicador acumula una suba del 41,8% respecto de diciembre previo.<\/p>\n<p>El crecimiento mensual se debi\u00f3 a subas de 5,4% en el sector privado registrado, 7,3% en el sector p\u00fablico y 3% en el sector privado no registrado.<\/p>\n<p>En ese marco, el INDEC se\u00f1al\u00f3 que en t\u00e9rminos interanuales, el \u00cdndice de salarios mostr\u00f3 una suba de 68,7%, como consecuencia de incrementos del 68,7% en el sector privado registrado, 74,7% en el sector p\u00fablico y 58,9% en el sector privado no registrado.<\/p>\n<p>Agreg\u00f3 que a julio de 2022 el \u00cdndice de salarios acumula una suba de 41,8% respecto de diciembre del a\u00f1o previo, debido a subas de 43,3% en el sector privado registrado, 45,1% en el sector p\u00fablico y 31,7% en el sector privado no registrado.<\/p>\n<p>De esta manera, los trabajadores p\u00fablicos lograron incrementar con un margen importante el poder adquisitivo del salario y quedaron cerca de la inflaci\u00f3n, los empleados privados quedaron casi dos puntos porcentuales por debajo de la suba de precios de ese per\u00edodo y los trabajadores en negro fueron los m\u00e1s perjudicados, ya que el valor de sus remuneraciones qued\u00f3 muy lejos del aumento inflacionario en el \u00faltimo a\u00f1o.<\/p>\n<p>Cabe recordar que la inflaci\u00f3n se aceler\u00f3 en julio hasta el 7,4% respecto de junio y toc\u00f3 el nivel m\u00e1s alto desde 2002 cuando alcanz\u00f3 el 10,4%. En tanto, en los \u00faltimos 12 meses acumul\u00f3 un incremento del 71%, el m\u00e1s alto en tres d\u00e9cadas, seg\u00fan el Instituto Nacional de Estad\u00edstica y Censos (INDEC).<\/p>\n<p>La portavoz de la Presidencia, Gabriela Cerruti, ratific\u00f3 hoy el \u00abcompromiso y trabajo permanente de todo el Gobierno para que los salarios crezcan\u00bb y remarc\u00f3 la \u00abnecesidad imperiosa del fortalecimiento del poder adquisitivo\u00bb de los sueldos.<\/p>\n<p>En rueda de prensa en Casa de Gobierno, la portavoz dijo que tanto el presidente Alberto Fern\u00e1ndez, como la vicepresidenta Cristina Fern\u00e1ndez de Kirchner y el ministro de Econom\u00eda, Sergio Massa, \u00abhablan permanentemente de estos temas y todos acordamos con ese diagn\u00f3stico\u00bb.<\/p>\n<p>En tanto, el ministro de Econom\u00eda, Sergio Massa, asegur\u00f3 el mi\u00e9rcoles que uno de sus objetivos es el de \u00abtrabajar para la recomposici\u00f3n del ingreso en Argentina\u00bb, tras advertir que \u00abla ca\u00edda de los ingresos en \u00faltimos seis a\u00f1os han sido muy importante\u00bb.<\/p>\n<p>\u00abLas pandemias y las guerras, el primer fen\u00f3meno que generan es la acumulaci\u00f3n de renta\u00bb, indic\u00f3 el funcionario en el marco de la presentaci\u00f3n del proyecto de Presupuesto 2023 en la C\u00e1mara de Diputados.<\/p>\n<p>FUENTE: Mariano Fuchile \/ \u00c1mbito Financiero<\/p>\n","protected":false},"excerpt":{"rendered":"<p>De esta manera, quedaron debajo del \u00cdndice de Precios al Consumidor (IPC) del s\u00e9ptimo mes del a\u00f1o, que alcanz\u00f3 el 7,4%. En julio de 2022, el \u00cdndice de salarios se increment\u00f3 5,5% mensual y 68,7% interanual. En tanto, el crecimiento mensual se debi\u00f3 a subas de 5,4% en el sector privado registrado, 7,3% en el sector p\u00fablico y 3% en [&#8230;]<\/p>\n","protected":false},"author":4,"featured_media":0,"comment_status":"closed","ping_status":"closed","sticky":false,"template":"","format":"standard","meta":{"_jetpack_newsletter_access":"","_jetpack_dont_email_post_to_subs":false,"_jetpack_newsletter_tier_id":0,"_jetpack_memberships_contains_paywalled_content":false,"_jetpack_memberships_contains_paid_content":false,"footnotes":""},"categories":[45],"tags":[],"class_list":["post-119399","post","type-post","status-publish","format-standard","hentry","category-economia"],"jetpack_featured_media_url":"","jetpack_shortlink":"https:\/\/wp.me\/p2JWE0-v3N","jetpack-related-posts":[{"id":119192,"url":"https:\/\/www.24baires.com\/?p=119192","url_meta":{"origin":119399,"position":0},"title":"La econom\u00eda sigui\u00f3 creando puestos de trabajo formales en el sector privado","author":"AF","date":"05\/08\/2022","format":false,"excerpt":"Desde enero 2021 hasta mayo de 2022, 300.000 personas accedieron a un puesto de trabajo formal en empresas privadas, de acuerdo a la Encuesta de Indicadores Laborales. El empleo asalariado registrado privado creci\u00f3 en mayo 0,4% mensual, seg\u00fan el Sistema Integrado Previsional Argentino (SIPA), porcentaje que se replica en junio,\u2026","rel":"","context":"En \u00abEconom\u00eda\u00bb","block_context":{"text":"Econom\u00eda","link":"https:\/\/www.24baires.com\/?cat=45"},"img":{"alt_text":"","src":"https:\/\/i0.wp.com\/www.24baires.com\/wp-content\/uploads\/2022\/08\/62ed1fd37c0a8_900.jpg?resize=350%2C200","width":350,"height":200,"srcset":"https:\/\/i0.wp.com\/www.24baires.com\/wp-content\/uploads\/2022\/08\/62ed1fd37c0a8_900.jpg?resize=350%2C200 1x, https:\/\/i0.wp.com\/www.24baires.com\/wp-content\/uploads\/2022\/08\/62ed1fd37c0a8_900.jpg?resize=525%2C300 1.5x, https:\/\/i0.wp.com\/www.24baires.com\/wp-content\/uploads\/2022\/08\/62ed1fd37c0a8_900.jpg?resize=700%2C400 2x"},"classes":[]},{"id":112300,"url":"https:\/\/www.24baires.com\/?p=112300","url_meta":{"origin":119399,"position":1},"title":"Se perdieron 106.400 puestos registrados en tan solo un a\u00f1o","author":"AF","date":"30\/09\/2019","format":false,"excerpt":"La cantidad de puestos laborales baj\u00f3 en julio 0,9% respecto de igual mes de 2018, inform\u00f3 el Ministerio de Producci\u00f3n. En julio de este a\u00f1o, se destruyeron 106.400 empleos, un 0,9% menos que en el mismo per\u00edodo de 2018, aunque frente a junio pasado la variaci\u00f3n result\u00f3 neutra, inform\u00f3 el\u2026","rel":"","context":"En \u00abSociedad\u00bb","block_context":{"text":"Sociedad","link":"https:\/\/www.24baires.com\/?cat=1"},"img":{"alt_text":"","src":"https:\/\/i0.wp.com\/www.24baires.com\/wp-content\/uploads\/2018\/06\/jovenes-desempleados.jpg?resize=350%2C200","width":350,"height":200,"srcset":"https:\/\/i0.wp.com\/www.24baires.com\/wp-content\/uploads\/2018\/06\/jovenes-desempleados.jpg?resize=350%2C200 1x, https:\/\/i0.wp.com\/www.24baires.com\/wp-content\/uploads\/2018\/06\/jovenes-desempleados.jpg?resize=525%2C300 1.5x"},"classes":[]},{"id":106632,"url":"https:\/\/www.24baires.com\/?p=106632","url_meta":{"origin":119399,"position":2},"title":"En 11 meses los salarios perdieron 17 puntos contra la inflaci\u00f3n","author":"AF","date":"31\/01\/2019","format":false,"excerpt":"El \u00edndice de salarios aument\u00f3 2,9% en noviembre del a\u00f1o pasado respecto del mes previo y acumul\u00f3 una suba de 26,6% en los \u00faltimos once meses, inform\u00f3 el INDEC. Mientras la inflaci\u00f3n en los primeros 11 meses de 2018 acumul\u00f3 un 43,9 por ciento, los salarios aumentaron en el mismo\u2026","rel":"","context":"En \u00abEconom\u00eda\u00bb","block_context":{"text":"Econom\u00eda","link":"https:\/\/www.24baires.com\/?cat=45"},"img":{"alt_text":"","src":"https:\/\/i0.wp.com\/www.24baires.com\/wp-content\/uploads\/2014\/04\/supermercado-chino.jpg?resize=350%2C200","width":350,"height":200,"srcset":"https:\/\/i0.wp.com\/www.24baires.com\/wp-content\/uploads\/2014\/04\/supermercado-chino.jpg?resize=350%2C200 1x, https:\/\/i0.wp.com\/www.24baires.com\/wp-content\/uploads\/2014\/04\/supermercado-chino.jpg?resize=525%2C300 1.5x"},"classes":[]},{"id":102478,"url":"https:\/\/www.24baires.com\/?p=102478","url_meta":{"origin":119399,"position":3},"title":"Seg\u00fan el Indec, los salarios van por detr\u00e1s de la inflaci\u00f3n","author":"GB","date":"01\/06\/2018","format":false,"excerpt":"El Instituto Nacional de Estad\u00edstica y Censos dio a conocer que los sueldos pierden terreno con respecto a la evoluci\u00f3n de los precios minoristas en el primer trimestre del a\u00f1o. El \u00cdndice de Salarios elaborado por el Indec registr\u00f3 en marzo \u00faltimo una suba del 1,9% en comparaci\u00f3n con el\u2026","rel":"","context":"En \u00abEconom\u00eda\u00bb","block_context":{"text":"Econom\u00eda","link":"https:\/\/www.24baires.com\/?cat=45"},"img":{"alt_text":"","src":"https:\/\/i0.wp.com\/www.24baires.com\/wp-content\/uploads\/2013\/02\/indec-300x225.jpg?resize=350%2C200","width":350,"height":200},"classes":[]},{"id":117179,"url":"https:\/\/www.24baires.com\/?p=117179","url_meta":{"origin":119399,"position":4},"title":"El \u00cdndice de Precios al Consumidor subi\u00f3 4% en enero","author":"AF","date":"11\/02\/2021","format":false,"excerpt":"El Instituto Nacional de Estad\u00edstica y Censos (Indec) inform\u00f3 que el rubro Alimentos y Bebidas subi\u00f3 4,8%, Comunicaci\u00f3n 15% y Restaurantes y Hoteles 5,4%. El \u00cdndice de Precios al Consumidor (IPC-Costo de Vida) aument\u00f3 4% durante enero, debido a las subas del 15,1% en el sector de comunicaciones, del 5,4%\u2026","rel":"","context":"En \u00abEconom\u00eda\u00bb","block_context":{"text":"Econom\u00eda","link":"https:\/\/www.24baires.com\/?cat=45"},"img":{"alt_text":"","src":"https:\/\/i0.wp.com\/www.24baires.com\/wp-content\/uploads\/2018\/08\/supermercado.jpg?resize=350%2C200","width":350,"height":200,"srcset":"https:\/\/i0.wp.com\/www.24baires.com\/wp-content\/uploads\/2018\/08\/supermercado.jpg?resize=350%2C200 1x, https:\/\/i0.wp.com\/www.24baires.com\/wp-content\/uploads\/2018\/08\/supermercado.jpg?resize=525%2C300 1.5x"},"classes":[]},{"id":104933,"url":"https:\/\/www.24baires.com\/?p=104933","url_meta":{"origin":119399,"position":5},"title":"Seg\u00fan proyecciones privadas, la inflaci\u00f3n de septiembre oscilar\u00e1 entre 5,5% y 7,7%","author":"GB","date":"15\/10\/2018","format":false,"excerpt":"El pr\u00f3ximo mi\u00e9rcoles se difundir\u00e1 el \u00edndice elaborado por el Instituto Nacional de Estad\u00edsticas y Censos, pero como es habitual la consultoras privadas anticiparon el incremento para el mes de septiembre. La inflaci\u00f3n m\u00e1s alta de los \u00faltimos 2 a\u00f1os fue la registrada en el mes de agosto pasado cuando\u2026","rel":"","context":"En \u00abEconom\u00eda\u00bb","block_context":{"text":"Econom\u00eda","link":"https:\/\/www.24baires.com\/?cat=45"},"img":{"alt_text":"","src":"https:\/\/i0.wp.com\/www.24baires.com\/wp-content\/uploads\/2018\/08\/supermercado.jpg?resize=350%2C200","width":350,"height":200,"srcset":"https:\/\/i0.wp.com\/www.24baires.com\/wp-content\/uploads\/2018\/08\/supermercado.jpg?resize=350%2C200 1x, https:\/\/i0.wp.com\/www.24baires.com\/wp-content\/uploads\/2018\/08\/supermercado.jpg?resize=525%2C300 1.5x"},"classes":[]}],"jetpack_sharing_enabled":true,"jetpack_likes_enabled":true,"_links":{"self":[{"href":"https:\/\/www.24baires.com\/index.php?rest_route=\/wp\/v2\/posts\/119399","targetHints":{"allow":["GET"]}}],"collection":[{"href":"https:\/\/www.24baires.com\/index.php?rest_route=\/wp\/v2\/posts"}],"about":[{"href":"https:\/\/www.24baires.com\/index.php?rest_route=\/wp\/v2\/types\/post"}],"author":[{"embeddable":true,"href":"https:\/\/www.24baires.com\/index.php?rest_route=\/wp\/v2\/users\/4"}],"replies":[{"embeddable":true,"href":"https:\/\/www.24baires.com\/index.php?rest_route=%2Fwp%2Fv2%2Fcomments&post=119399"}],"version-history":[{"count":2,"href":"https:\/\/www.24baires.com\/index.php?rest_route=\/wp\/v2\/posts\/119399\/revisions"}],"predecessor-version":[{"id":119402,"href":"https:\/\/www.24baires.com\/index.php?rest_route=\/wp\/v2\/posts\/119399\/revisions\/119402"}],"wp:attachment":[{"href":"https:\/\/www.24baires.com\/index.php?rest_route=%2Fwp%2Fv2%2Fmedia&parent=119399"}],"wp:term":[{"taxonomy":"category","embeddable":true,"href":"https:\/\/www.24baires.com\/index.php?rest_route=%2Fwp%2Fv2%2Fcategories&post=119399"},{"taxonomy":"post_tag","embeddable":true,"href":"https:\/\/www.24baires.com\/index.php?rest_route=%2Fwp%2Fv2%2Ftags&post=119399"}],"curies":[{"name":"wp","href":"https:\/\/api.w.org\/{rel}","templated":true}]}}