{"id":119397,"date":"2022-09-28T23:38:10","date_gmt":"2022-09-29T02:38:10","guid":{"rendered":"http:\/\/www.24baires.com\/?p=119397"},"modified":"2022-09-28T23:38:10","modified_gmt":"2022-09-29T02:38:10","slug":"massa-pidio-un-acuerdo-politico-para-sancionar-el-presupuesto-2023","status":"publish","type":"post","link":"https:\/\/www.24baires.com\/?p=119397","title":{"rendered":"Massa pidi\u00f3 un acuerdo pol\u00edtico para sancionar el Presupuesto 2023"},"content":{"rendered":"<p><img data-recalc-dims=\"1\" loading=\"lazy\" decoding=\"async\" class=\"aligncenter wp-image-119209\" src=\"https:\/\/i0.wp.com\/www.24baires.com\/wp-content\/uploads\/2022\/08\/sergio-massa-neuquen.jpg?resize=720%2C512\" alt=\"\" width=\"720\" height=\"512\" srcset=\"https:\/\/i0.wp.com\/www.24baires.com\/wp-content\/uploads\/2022\/08\/sergio-massa-neuquen.jpg?w=610&amp;ssl=1 610w, https:\/\/i0.wp.com\/www.24baires.com\/wp-content\/uploads\/2022\/08\/sergio-massa-neuquen.jpg?resize=300%2C213&amp;ssl=1 300w\" sizes=\"auto, (max-width: 720px) 100vw, 720px\" \/>El Ministro explic\u00f3 los datos centrales del proyecto, que contempla un gasto total de casi 29 billones de pesos, un crecimiento de la econom\u00eda del 2 por ciento, una inflaci\u00f3n promedio del 60%, y reducir el d\u00e9ficit fiscal del 2,5 al 1,9%. Adem\u00e1s, cuestion\u00f3 a la oposici\u00f3n por no aprobar la ley en 2021.<!--more--><\/p>\n<p>El ministro de Econom\u00eda, Sergio Massa, llam\u00f3 a la b\u00fasqueda de un acuerdo pol\u00edtico para sancionar el Presupuesto 2023 y contar \u00abcon una hoja de ruta\u00bb como \u00abse merece la Argentina\u00bb, y se\u00f1al\u00f3 que el proyecto de gastos y recursos es \u00abprudente y realista\u00bb y que la pauta inflacionaria proyectada del 60% \u00abes conservadora\u00bb .<\/p>\n<p>Massa explic\u00f3 por espacio de tres horas los detalles del presupuesto enviado el pasado 15 de septiembre, que contempla las variables macroecon\u00f3micas proyectadas por el Gobierno de un aumento del 2% del crecimiento del Producto Bruto Interno (PBI), un d\u00e9ficit del 1,9% y una inflaci\u00f3n promedio del 60%.<\/p>\n<p>Sobre la pauta inflacionaria y al responder una pregunta de la diputada de JXC Margarita Stolbizer, Massa se\u00f1al\u00f3 que \u00abno hay una medida que baje la inflaci\u00f3n. No soy mago ni pretendo serlo, ni voy a mentirle a la gente\u00bb.<\/p>\n<p>\u00abEn los pasitos finales de mi vida pol\u00edtica, quiero hacer esto bien. Las metas macro est\u00e1n planteadas sobre la base de diferentes pol\u00edticas, la combinaci\u00f3n de la pol\u00edtica monetaria, fiscal, de acumulaci\u00f3n de reservas, inversi\u00f3n p\u00fablica y privada son las que permiten construir en el desarrollo de las proyecciones macro ese escenario\u00bb, expres\u00f3.<\/p>\n<p>En la misma l\u00ednea, el ministro asegur\u00f3 que \u00abla propuesta del 60% es conservadora, si lo hacemos entre todos podemos bajar a\u00fan m\u00e1s la inflaci\u00f3n\u00bb.<\/p>\n<p>Flanqueado por la presidenta de la C\u00e1mara de Diputados, Cecilia Moreau, y el presidente de la comisi\u00f3n de Presupuesto, Carlos Heller; y junto a su equipo econ\u00f3mico y a la portavoz presidencial, Gabriela Cerrutti, Massa explic\u00f3 los detalles del Presupuesto 2023 en una reuni\u00f3n que se celebr\u00f3 en el Sal\u00f3n de Pasos Perdidos.<\/p>\n<p>Asistieron al Congreso el viceministro Gabriel Rubinstein, y los secretarios de Hacienda, Raul Rigo; de Finanzas, Eduardo Setti; de Producci\u00f3n, Jos\u00e9 de Mendiguren; de Energ\u00eda, Flavia Royon; y de Agricultura, Jos\u00e9 Bahillo.<\/p>\n<p>La audiencia cont\u00f3 con la presencia de los jefes de los bloques del Frente de Todos, Germ\u00e1n Mart\u00ednez; la UCR, Mario Negri; del PRO, Cristian Ritondo; de Encuentro Federal, Margarita Stolbizer; de Evoluci\u00f3n Radical, Rodrigo de Loredo; del Interbloque Federal, Alejandro Topo Rodr\u00edguez; de Juntos por Rio Negro, Luis Di Gi\u00e1como; de Republicanos Unidos, Ricardo L\u00f3pez Murphy; de Avanza Libertad, Jos\u00e9 Luis Espert; y de la izquierda, Romina del Pla y Myriam Bregman, entre otros.<\/p>\n","protected":false},"excerpt":{"rendered":"<p>El Ministro explic\u00f3 los datos centrales del proyecto, que contempla un gasto total de casi 29 billones de pesos, un crecimiento de la econom\u00eda del 2 por ciento, una inflaci\u00f3n promedio del 60%, y reducir el d\u00e9ficit fiscal del 2,5 al 1,9%. Adem\u00e1s, cuestion\u00f3 a la oposici\u00f3n por no aprobar la ley en 2021.<\/p>\n","protected":false},"author":4,"featured_media":0,"comment_status":"closed","ping_status":"closed","sticky":false,"template":"","format":"standard","meta":{"_jetpack_newsletter_access":"","_jetpack_dont_email_post_to_subs":false,"_jetpack_newsletter_tier_id":0,"_jetpack_memberships_contains_paywalled_content":false,"_jetpack_memberships_contains_paid_content":false,"footnotes":""},"categories":[45],"tags":[],"class_list":["post-119397","post","type-post","status-publish","format-standard","hentry","category-economia"],"jetpack_featured_media_url":"","jetpack_shortlink":"https:\/\/wp.me\/p2JWE0-v3L","jetpack-related-posts":[{"id":119476,"url":"https:\/\/www.24baires.com\/?p=119476","url_meta":{"origin":119397,"position":0},"title":"Con apoyo de la oposici\u00f3n, el oficialismo logr\u00f3 aprobar el Presupuesto 2023","author":"GB","date":"26\/10\/2022","format":false,"excerpt":"Con 180 votos afirmativos otorgados por el Frente de Todos, la UCR, Evoluci\u00f3n, el interbloque Federal y Provincias Unidas el proyecto obtuvo media sanci\u00f3n en la C\u00e1mara de Diputados. Tras una marat\u00f3nica sesi\u00f3n, la C\u00e1mara de Diputados aprob\u00f3 este mi\u00e9rcoles a la madrugada el proyecto de ley de Presupuesto 2023.\u2026","rel":"","context":"En \u00abPol\u00edtica\u00bb","block_context":{"text":"Pol\u00edtica","link":"https:\/\/www.24baires.com\/?cat=51"},"img":{"alt_text":"","src":"https:\/\/i0.wp.com\/www.24baires.com\/wp-content\/uploads\/2022\/10\/diputados.jpg?resize=350%2C200","width":350,"height":200,"srcset":"https:\/\/i0.wp.com\/www.24baires.com\/wp-content\/uploads\/2022\/10\/diputados.jpg?resize=350%2C200 1x, https:\/\/i0.wp.com\/www.24baires.com\/wp-content\/uploads\/2022\/10\/diputados.jpg?resize=525%2C300 1.5x, https:\/\/i0.wp.com\/www.24baires.com\/wp-content\/uploads\/2022\/10\/diputados.jpg?resize=700%2C400 2x"},"classes":[]},{"id":105277,"url":"https:\/\/www.24baires.com\/?p=105277","url_meta":{"origin":119397,"position":1},"title":"Vidal env\u00eda el Presupuesto 2019 a la Legislatura","author":"GB","date":"05\/11\/2018","format":false,"excerpt":"Contempla gastos por 850 mil millones de pesos y un endeudamiento de 100 mil millones. El Gobierno tambi\u00e9n girar\u00e1 la ley impositiva Mar\u00eda Eugenia Vidal podr\u00eda enviar hoy al Senado el proyecto de Presupuesto 2019. La iniciativa prev\u00e9 gastos por 850 mil millones de pesos y un endeudamiento cercano a\u2026","rel":"","context":"En \u00abEconom\u00eda\u00bb","block_context":{"text":"Econom\u00eda","link":"https:\/\/www.24baires.com\/?cat=45"},"img":{"alt_text":"","src":"https:\/\/i0.wp.com\/www.24baires.com\/wp-content\/uploads\/2018\/03\/vidal.jpg?resize=350%2C200","width":350,"height":200,"srcset":"https:\/\/i0.wp.com\/www.24baires.com\/wp-content\/uploads\/2018\/03\/vidal.jpg?resize=350%2C200 1x, https:\/\/i0.wp.com\/www.24baires.com\/wp-content\/uploads\/2018\/03\/vidal.jpg?resize=525%2C300 1.5x"},"classes":[]},{"id":119459,"url":"https:\/\/www.24baires.com\/?p=119459","url_meta":{"origin":119397,"position":2},"title":"\u00abQue los jueces no paguen Ganancias es un privilegio inaceptable\u00bb","author":"AF","date":"21\/10\/2022","format":false,"excerpt":"Luego de que el Frente de Todos consiguiera emitir dictamen de mayor\u00eda para tratar la ley de leyes en la C\u00e1mara Baja, el legislador nacional Marcelo Casaretto se refiri\u00f3 en AM750 a la inclusi\u00f3n del art\u00edculo que busca eliminar la exenci\u00f3n al impuesto a las Ganancias para miembros del Poder\u2026","rel":"","context":"En \u00abJUDICIALES\u00bb","block_context":{"text":"JUDICIALES","link":"https:\/\/www.24baires.com\/?cat=68"},"img":{"alt_text":"","src":"https:\/\/i0.wp.com\/www.24baires.com\/wp-content\/uploads\/2022\/10\/662157-justicia-0.jpg?resize=350%2C200","width":350,"height":200,"srcset":"https:\/\/i0.wp.com\/www.24baires.com\/wp-content\/uploads\/2022\/10\/662157-justicia-0.jpg?resize=350%2C200 1x, https:\/\/i0.wp.com\/www.24baires.com\/wp-content\/uploads\/2022\/10\/662157-justicia-0.jpg?resize=525%2C300 1.5x, https:\/\/i0.wp.com\/www.24baires.com\/wp-content\/uploads\/2022\/10\/662157-justicia-0.jpg?resize=700%2C400 2x"},"classes":[]},{"id":120702,"url":"https:\/\/www.24baires.com\/?p=120702","url_meta":{"origin":119397,"position":3},"title":"Massa garantiz\u00f3 los fondos a las provincias para el pago de sueldos y aguinaldos","author":"AF","date":"29\/11\/2023","format":false,"excerpt":"La cita fue la continuidad de la convocatoria que el funcionario hiciera el martes con mandatarios de Uni\u00f3n por la Patria. El ministro se comprometi\u00f3 con la asistencia de las arcas nacionales para hacer frente a esos compromisos. El ministro de Econom\u00eda, Sergio Massa, afirm\u00f3 que est\u00e1n garantizados los fondos\u2026","rel":"","context":"En \u00abPol\u00edtica\u00bb","block_context":{"text":"Pol\u00edtica","link":"https:\/\/www.24baires.com\/?cat=51"},"img":{"alt_text":"","src":"https:\/\/i0.wp.com\/www.24baires.com\/wp-content\/uploads\/2023\/11\/a.jpg?resize=350%2C200","width":350,"height":200,"srcset":"https:\/\/i0.wp.com\/www.24baires.com\/wp-content\/uploads\/2023\/11\/a.jpg?resize=350%2C200 1x, https:\/\/i0.wp.com\/www.24baires.com\/wp-content\/uploads\/2023\/11\/a.jpg?resize=525%2C300 1.5x, https:\/\/i0.wp.com\/www.24baires.com\/wp-content\/uploads\/2023\/11\/a.jpg?resize=700%2C400 2x"},"classes":[]},{"id":35893,"url":"https:\/\/www.24baires.com\/?p=35893","url_meta":{"origin":119397,"position":4},"title":"El Senado bonaerense aprob\u00f3 el Presupuesto 2014","author":"GB","date":"28\/11\/2013","format":false,"excerpt":"La C\u00e1mara Alta aprob\u00f3 el proyecto que prev\u00e9 gastos por m\u00e1s de 180.000 millones para el pr\u00f3ximo a\u00f1os, tras lograr un acuerdo entre el oficialismo y el Frente Renovador. Ahora, la iniciativa fue girada a Diputados, que tiene previsto sancionarla esta noche. La C\u00e1mara de Senadores bonaerense aprob\u00f3 esta tarde\u2026","rel":"","context":"En \u00abPol\u00edtica\u00bb","block_context":{"text":"Pol\u00edtica","link":"https:\/\/www.24baires.com\/?cat=51"},"img":{"alt_text":"","src":"","width":0,"height":0},"classes":[]},{"id":98396,"url":"https:\/\/www.24baires.com\/?p=98396","url_meta":{"origin":119397,"position":5},"title":"El martes comenzar\u00e1 a debatirse en Diputados el Presupuesto 2018","author":"AF","date":"27\/10\/2017","format":false,"excerpt":"El Ejecutivo bonaerense ingres\u00f3 oficialmente a la C\u00e1mara de Diputados los proyectos de Presupuesto y Ley Impositiva 2018, que contemplan gastos por 629.962 millones de pesos con un d\u00e9ficit de 30 mil millones y pedidos de endeudamiento por casi 60 mil millones de pesos. Fuentes legislativas confirmaron a DIB que\u2026","rel":"","context":"En \u00abPol\u00edtica\u00bb","block_context":{"text":"Pol\u00edtica","link":"https:\/\/www.24baires.com\/?cat=51"},"img":{"alt_text":"","src":"https:\/\/i0.wp.com\/www.24baires.com\/wp-content\/uploads\/2017\/05\/vidal-1.jpg?resize=350%2C200","width":350,"height":200,"srcset":"https:\/\/i0.wp.com\/www.24baires.com\/wp-content\/uploads\/2017\/05\/vidal-1.jpg?resize=350%2C200 1x, https:\/\/i0.wp.com\/www.24baires.com\/wp-content\/uploads\/2017\/05\/vidal-1.jpg?resize=525%2C300 1.5x"},"classes":[]}],"jetpack_sharing_enabled":true,"jetpack_likes_enabled":true,"_links":{"self":[{"href":"https:\/\/www.24baires.com\/index.php?rest_route=\/wp\/v2\/posts\/119397","targetHints":{"allow":["GET"]}}],"collection":[{"href":"https:\/\/www.24baires.com\/index.php?rest_route=\/wp\/v2\/posts"}],"about":[{"href":"https:\/\/www.24baires.com\/index.php?rest_route=\/wp\/v2\/types\/post"}],"author":[{"embeddable":true,"href":"https:\/\/www.24baires.com\/index.php?rest_route=\/wp\/v2\/users\/4"}],"replies":[{"embeddable":true,"href":"https:\/\/www.24baires.com\/index.php?rest_route=%2Fwp%2Fv2%2Fcomments&post=119397"}],"version-history":[{"count":1,"href":"https:\/\/www.24baires.com\/index.php?rest_route=\/wp\/v2\/posts\/119397\/revisions"}],"predecessor-version":[{"id":119398,"href":"https:\/\/www.24baires.com\/index.php?rest_route=\/wp\/v2\/posts\/119397\/revisions\/119398"}],"wp:attachment":[{"href":"https:\/\/www.24baires.com\/index.php?rest_route=%2Fwp%2Fv2%2Fmedia&parent=119397"}],"wp:term":[{"taxonomy":"category","embeddable":true,"href":"https:\/\/www.24baires.com\/index.php?rest_route=%2Fwp%2Fv2%2Fcategories&post=119397"},{"taxonomy":"post_tag","embeddable":true,"href":"https:\/\/www.24baires.com\/index.php?rest_route=%2Fwp%2Fv2%2Ftags&post=119397"}],"curies":[{"name":"wp","href":"https:\/\/api.w.org\/{rel}","templated":true}]}}