{"id":119374,"date":"2022-09-21T20:29:23","date_gmt":"2022-09-21T23:29:23","guid":{"rendered":"http:\/\/www.24baires.com\/?p=119374"},"modified":"2022-09-21T20:29:23","modified_gmt":"2022-09-21T23:29:23","slug":"segun-el-indec-el-desempleo-bajo-un-69","status":"publish","type":"post","link":"https:\/\/www.24baires.com\/?p=119374","title":{"rendered":"Seg\u00fan el Indec, el desempleo baj\u00f3 un 6,9%"},"content":{"rendered":"<p><img data-recalc-dims=\"1\" loading=\"lazy\" decoding=\"async\" class=\"aligncenter wp-image-117989\" src=\"https:\/\/i0.wp.com\/www.24baires.com\/wp-content\/uploads\/2021\/08\/industria-pandemia.jpg?resize=720%2C405\" alt=\"\" width=\"720\" height=\"405\" srcset=\"https:\/\/i0.wp.com\/www.24baires.com\/wp-content\/uploads\/2021\/08\/industria-pandemia.jpg?w=560&amp;ssl=1 560w, https:\/\/i0.wp.com\/www.24baires.com\/wp-content\/uploads\/2021\/08\/industria-pandemia.jpg?resize=300%2C169&amp;ssl=1 300w\" sizes=\"auto, (max-width: 720px) 100vw, 720px\" \/>Los datos relevados por el Instituto Nacional de Estad\u00edstica y Censos se\u00f1alan un descenso de 2,7% respecto al mismo per\u00edodo de 2021, y el valor se encuentra 0,1% por debajo de lo registrado en el primer trimestre.<!--more--><\/p>\n<p>La tasa de desocupaci\u00f3n en el segundo trimestre del a\u00f1o baj\u00f3 al 6,9%, frente al 9,6% de igual per\u00edodo del a\u00f1o pasado, inform\u00f3 el Instituto Nacional de Estad\u00edstica y Censos (Indec).<\/p>\n<p>Adem\u00e1s, el 6,9 % de abril-junio se ubic\u00f3 una d\u00e9cima por debajo del 7% registrado en el primer trimestre del corriente a\u00f1o.<\/p>\n<p>Esta merma en el nivel de desempleo se dio a la par de un crecimiento del Producto Bruto Interno (PBI) del 6,9% en el segundo trimestre del a\u00f1o respecto a igual per\u00edodo del 2021.<\/p>\n<p>En tanto, la baja respecto al primer trimestre se dio en medio de una mejora del PBI de 1% en los meses comprendidos por abril-mayo-junio.<\/p>\n<p>La subocupaci\u00f3n demandante tambi\u00e9n disminuy\u00f3 en el segundo trimestre de este a\u00f1o al 7,7%, contra el 8,5% de igual per\u00edodo del 2021, y algo similar ocurri\u00f3 con la subocupaci\u00f3n no demandante, que retrocedi\u00f3 al 3,5% contra el 3,9% anterior.<\/p>\n<p>De esta forma, la tasa de subocupaci\u00f3n total result\u00f3 del 11,1%, mientras que los otros ocupados demandantes y los otros ocupados no demandantes disponibles alcanzaron, en conjunto, el 10,8% de la poblaci\u00f3n econ\u00f3micamente activa.<\/p>\n<p>Consecuentemente, la presi\u00f3n sobre el mercado laboral, conformada por el universo de desocupados, subocupados, ocupados demandantes y ocupados no demandantes disponibles, alcanz\u00f3 el 28,8% de la poblaci\u00f3n econ\u00f3micamente activa.<\/p>\n<p>El informe del Indec detall\u00f3 que en el segundo trimestre de 2022 la tasa de actividad -que mide la poblaci\u00f3n econ\u00f3micamente activa sobre el total de la poblaci\u00f3n- se ubic\u00f3 en el 47,9%; la tasa de empleo -que refleja la proporci\u00f3n de personas ocupadas con relaci\u00f3n a la poblaci\u00f3n total- fue del 44,6%; y la tasa de desocupaci\u00f3n -personas que no tienen ocupaci\u00f3n, est\u00e1n disponibles para trabajar y buscan empleo activamente- fue del 6,9%.<\/p>\n<p>En la poblaci\u00f3n asalariada \u201cse observ\u00f3 un aumento de la proporci\u00f3n de quienes no cuentan con descuento jubilatorio\u201d de 6,3 puntos porcentuales, que pas\u00f3 de explicar el 31,5% de la poblaci\u00f3n econ\u00f3micamente activa en el segundo trimestre de 2021 hasta el 37,8% entre abril y junio pasado.<\/p>\n<p>Como contrapartida, la porci\u00f3n de personas asalariadas con descuento jubilatorio baj\u00f3 del 68,5% en el segundo trimestre del a\u00f1o pasado al 62,2% de abril-junio de este a\u00f1o.<\/p>\n<p>A tono con el levantamiento de las restricciones de movilidad que se tomaron en medio de la segunda ola de coronavirus, en especial en el segundo trimestre del a\u00f1o pasado, los ocupados con trabajo desde la vivienda explicaron el 9,2%, contra el 17,9% de doce meses atr\u00e1s.<\/p>\n<p>Al analizar la poblaci\u00f3n por nivel educativo, m\u00e1s de la mitad de las personas ocupadas (60,1%) cuenta con hasta secundario completo, mientras que el 39,9% posee estudio superior y universitario (completo o incompleto).<\/p>\n<p>En lo que respecta a la calificaci\u00f3n de la ocupaci\u00f3n principal, el 52,3% corresponde a un empleo operativo; el 17,8% a un nivel t\u00e9cnico; el 18,8% son no calificados; y el 10,0% a la categor\u00eda profesional.<\/p>\n<p>En cuanto al tiempo de b\u00fasqueda de las personas desempleadas, el 59,4% lleva buscando trabajo entre 1 y 12 meses, mientras que el 40,4% est\u00e1 desocupado desde hace m\u00e1s de un a\u00f1o.<\/p>\n<p>Al interior de la tasa de actividad, se distinguen los aumentos para las mujeres y varones de 30 a 64 a\u00f1os de 2,1 puntos porcentuales (p.p.) y 2,2 p.p., respectivamente.<\/p>\n<p>En el trimestre previo, dichas tasas resultaron de 69,2% y 89,7%, mientras que en segundo trimestre se posicionaron en 71,3% y 91,9%.<\/p>\n<p>Dentro de la tasa de empleo, se destacan los incrementos de 2,4 p.p. (de 33,5% a 35,9%) para las mujeres de entre 14 y 29 a\u00f1os, y de 2,3 p.p. (de 86,1% a 88,4%) para los varones de 30 a 64 a\u00f1os.<\/p>\n<p>En lo que respecta a los principales aglomerados urbanos, con una tasa de desocupaci\u00f3n del 6,9% promedio a nivel nacional, en el segundo trimestre en C\u00f3rdoba fue del 8,7%; Mar del Plata, 8,6%; y el Gran Buenos Aires, 8,5%.<\/p>\n<p>En orden decreciente se ubicaron Neuqu\u00e9n, 7,8%; Santa Rosa, 7,4%; Santa Fe, 7,3%; Tucum\u00e1n, 7,2%; y Salta, 7%, todos por el encima de la media nacional.<\/p>\n<p>Por debajo del promedio en lo que respecta a la tasa de desempleo se colocaron el complejo Viedma-Carmen de Patagones, 0,8%; Santiago del Estero, 1,3%; Posadas, 2,6%; Formosa, 2,7%; San Juan, 3%; Gran Rosario 4,3% y Gran La Plata, 4,5%, entre otros.<\/p>\n","protected":false},"excerpt":{"rendered":"<p>Los datos relevados por el Instituto Nacional de Estad\u00edstica y Censos se\u00f1alan un descenso de 2,7% respecto al mismo per\u00edodo de 2021, y el valor se encuentra 0,1% por debajo de lo registrado en el primer trimestre.<\/p>\n","protected":false},"author":4,"featured_media":0,"comment_status":"closed","ping_status":"closed","sticky":false,"template":"","format":"standard","meta":{"_jetpack_newsletter_access":"","_jetpack_dont_email_post_to_subs":false,"_jetpack_newsletter_tier_id":0,"_jetpack_memberships_contains_paywalled_content":false,"_jetpack_memberships_contains_paid_content":false,"footnotes":""},"categories":[45],"tags":[],"class_list":["post-119374","post","type-post","status-publish","format-standard","hentry","category-economia"],"jetpack_featured_media_url":"","jetpack_shortlink":"https:\/\/wp.me\/p2JWE0-v3o","jetpack-related-posts":[{"id":120492,"url":"https:\/\/www.24baires.com\/?p=120492","url_meta":{"origin":119374,"position":0},"title":"La tasa de desocupaci\u00f3n baj\u00f3 al 6,2% en el segundo trimestre del a\u00f1o","author":"AF","date":"20\/09\/2023","format":false,"excerpt":"El informe del Instituto Nacional de Estad\u00edstica y Censos mostr\u00f3 en un retroceso del 0,7% respecto al per\u00edodo abril-junio del a\u00f1o pasado. Adem\u00e1s, la subocupaci\u00f3n demandante retrocedi\u00f3 al 7,4 % contra el 7,9 %. La tasa de Desocupaci\u00f3n baj\u00f3 al 6,2% al t\u00e9rmino del segundo trimestre de este a\u00f1o, frente\u2026","rel":"","context":"En \u00abSociedad\u00bb","block_context":{"text":"Sociedad","link":"https:\/\/www.24baires.com\/?cat=1"},"img":{"alt_text":"","src":"https:\/\/i0.wp.com\/www.24baires.com\/wp-content\/uploads\/2019\/02\/trabajador.jpg?resize=350%2C200","width":350,"height":200,"srcset":"https:\/\/i0.wp.com\/www.24baires.com\/wp-content\/uploads\/2019\/02\/trabajador.jpg?resize=350%2C200 1x, https:\/\/i0.wp.com\/www.24baires.com\/wp-content\/uploads\/2019\/02\/trabajador.jpg?resize=525%2C300 1.5x, https:\/\/i0.wp.com\/www.24baires.com\/wp-content\/uploads\/2019\/02\/trabajador.jpg?resize=700%2C400 2x"},"classes":[]},{"id":119366,"url":"https:\/\/www.24baires.com\/?p=119366","url_meta":{"origin":119374,"position":1},"title":"El PBI creci\u00f3 6,9% en el segundo trimestre","author":"AF","date":"20\/09\/2022","format":false,"excerpt":"El dato informado por el Instituto Nacional de Estad\u00edstica y Censos (Indec) corresponde a la comparaci\u00f3n en relaci\u00f3n a igual per\u00edodo del 2021. En el primer semestre acumula una suba del 6,5%. El Producto Bruto Interno (PBI) creci\u00f3 6,9% durante el segundo trimestre, en relaci\u00f3n a igual per\u00edodo de 2021,\u2026","rel":"","context":"En \u00abEconom\u00eda\u00bb","block_context":{"text":"Econom\u00eda","link":"https:\/\/www.24baires.com\/?cat=45"},"img":{"alt_text":"","src":"https:\/\/i0.wp.com\/www.24baires.com\/wp-content\/uploads\/2021\/11\/61714316e6f3e_900.jpg?resize=350%2C200","width":350,"height":200,"srcset":"https:\/\/i0.wp.com\/www.24baires.com\/wp-content\/uploads\/2021\/11\/61714316e6f3e_900.jpg?resize=350%2C200 1x, https:\/\/i0.wp.com\/www.24baires.com\/wp-content\/uploads\/2021\/11\/61714316e6f3e_900.jpg?resize=525%2C300 1.5x, https:\/\/i0.wp.com\/www.24baires.com\/wp-content\/uploads\/2021\/11\/61714316e6f3e_900.jpg?resize=700%2C400 2x"},"classes":[]},{"id":118042,"url":"https:\/\/www.24baires.com\/?p=118042","url_meta":{"origin":119374,"position":2},"title":"El \u00edndice de desocupaci\u00f3n baj\u00f3 al 9,6%","author":"AF","date":"23\/09\/2021","format":false,"excerpt":"Seg\u00fan inform\u00f3 el Instituto Nacional de Estad\u00edstica y Censos (Indec), la sub ocupaci\u00f3n demandante, que comprende a la gente que trabaja menos de 35 horas semanales, aument\u00f3 al 8,5% contra el 5% del segundo trimestre del a\u00f1o pasado. El \u00edndice de desempleo se ubic\u00f3 en el 9,6% al cierre del\u2026","rel":"","context":"En \u00abSociedad\u00bb","block_context":{"text":"Sociedad","link":"https:\/\/www.24baires.com\/?cat=1"},"img":{"alt_text":"","src":"https:\/\/i0.wp.com\/www.24baires.com\/wp-content\/uploads\/2021\/08\/industria-pandemia.jpg?resize=350%2C200","width":350,"height":200,"srcset":"https:\/\/i0.wp.com\/www.24baires.com\/wp-content\/uploads\/2021\/08\/industria-pandemia.jpg?resize=350%2C200 1x, https:\/\/i0.wp.com\/www.24baires.com\/wp-content\/uploads\/2021\/08\/industria-pandemia.jpg?resize=525%2C300 1.5x"},"classes":[]},{"id":52081,"url":"https:\/\/www.24baires.com\/?p=52081","url_meta":{"origin":119374,"position":3},"title":"La desocupaci\u00f3n subi\u00f3 a 7,5% durante el segundo trimestre","author":"GB","date":"19\/08\/2014","format":false,"excerpt":"El Instituto Nacional de Estad\u00edsticas y Censos (INDEC) inform\u00f3 que, durante ese periodo, la subocupaci\u00f3n creci\u00f3 a 9,4 por ciento. El \u00edndice de desocupaci\u00f3n registr\u00f3 un avance de tres d\u00e9cimas durante el segundo trimestre del a\u00f1o, al crecer desde el 7,2% de igual per\u00edodo de 2013 hasta el 7,5%, inform\u00f3\u2026","rel":"","context":"En \u00abEconom\u00eda\u00bb","block_context":{"text":"Econom\u00eda","link":"https:\/\/www.24baires.com\/?cat=45"},"img":{"alt_text":"","src":"","width":0,"height":0},"classes":[]},{"id":70782,"url":"https:\/\/www.24baires.com\/?p=70782","url_meta":{"origin":119374,"position":4},"title":"Mar del Plata, una vez m\u00e1s entre las tres ciudades con m\u00e1s desempleo del pa\u00eds","author":"GB","date":"18\/08\/2015","format":false,"excerpt":"El \u00edndice de desocupaci\u00f3n baj\u00f3 al 6,6% desde el 7,5% que mostraba en igual per\u00edodo de 2014, inform\u00f3 el Instituto Nacional de Estad\u00edstica y Censos (INDEC). El \u00cdndice de Desocupaci\u00f3n baj\u00f3 al 6,6 por ciento durante el segundo trimestre del a\u00f1o desde el 7,3 por ciento que midi\u00f3 en igual\u2026","rel":"","context":"En \u00abEconom\u00eda\u00bb","block_context":{"text":"Econom\u00eda","link":"https:\/\/www.24baires.com\/?cat=45"},"img":{"alt_text":"indec","src":"https:\/\/i0.wp.com\/www.24baires.com\/wp-content\/uploads\/2013\/02\/indec.jpg?resize=350%2C200","width":350,"height":200,"srcset":"https:\/\/i0.wp.com\/www.24baires.com\/wp-content\/uploads\/2013\/02\/indec.jpg?resize=350%2C200 1x, https:\/\/i0.wp.com\/www.24baires.com\/wp-content\/uploads\/2013\/02\/indec.jpg?resize=525%2C300 1.5x"},"classes":[]},{"id":97618,"url":"https:\/\/www.24baires.com\/?p=97618","url_meta":{"origin":119374,"position":5},"title":"El empleo en negro subi\u00f3 a 33,7%","author":"GB","date":"22\/09\/2017","format":false,"excerpt":"La cantidad de personas que trabajan de manera informal -sin registrar los aportes jubilatorios- se ubic\u00f3 en el 33,7% al cierre del segundo trimestre del corriente a\u00f1o, lo que represent\u00f3 una leve suba de tres d\u00e9cimas respecto al 33,4% de igual per\u00edodo de 2016, inform\u00f3 hoy el Instituto Nacional de\u2026","rel":"","context":"En \u00abPol\u00edtica\u00bb","block_context":{"text":"Pol\u00edtica","link":"https:\/\/www.24baires.com\/?cat=51"},"img":{"alt_text":"","src":"","width":0,"height":0},"classes":[]}],"jetpack_sharing_enabled":true,"jetpack_likes_enabled":true,"_links":{"self":[{"href":"https:\/\/www.24baires.com\/index.php?rest_route=\/wp\/v2\/posts\/119374","targetHints":{"allow":["GET"]}}],"collection":[{"href":"https:\/\/www.24baires.com\/index.php?rest_route=\/wp\/v2\/posts"}],"about":[{"href":"https:\/\/www.24baires.com\/index.php?rest_route=\/wp\/v2\/types\/post"}],"author":[{"embeddable":true,"href":"https:\/\/www.24baires.com\/index.php?rest_route=\/wp\/v2\/users\/4"}],"replies":[{"embeddable":true,"href":"https:\/\/www.24baires.com\/index.php?rest_route=%2Fwp%2Fv2%2Fcomments&post=119374"}],"version-history":[{"count":1,"href":"https:\/\/www.24baires.com\/index.php?rest_route=\/wp\/v2\/posts\/119374\/revisions"}],"predecessor-version":[{"id":119375,"href":"https:\/\/www.24baires.com\/index.php?rest_route=\/wp\/v2\/posts\/119374\/revisions\/119375"}],"wp:attachment":[{"href":"https:\/\/www.24baires.com\/index.php?rest_route=%2Fwp%2Fv2%2Fmedia&parent=119374"}],"wp:term":[{"taxonomy":"category","embeddable":true,"href":"https:\/\/www.24baires.com\/index.php?rest_route=%2Fwp%2Fv2%2Fcategories&post=119374"},{"taxonomy":"post_tag","embeddable":true,"href":"https:\/\/www.24baires.com\/index.php?rest_route=%2Fwp%2Fv2%2Ftags&post=119374"}],"curies":[{"name":"wp","href":"https:\/\/api.w.org\/{rel}","templated":true}]}}