{"id":11937,"date":"2013-01-12T10:29:36","date_gmt":"2013-01-12T13:29:36","guid":{"rendered":"http:\/\/www.24baires.com\/?p=11937"},"modified":"2013-01-12T13:28:12","modified_gmt":"2013-01-12T16:28:12","slug":"nuevo-recorte-en-educacion-topes-a-las-asignaciones-por-hijo","status":"publish","type":"post","link":"https:\/\/www.24baires.com\/?p=11937","title":{"rendered":"Nuevo recorte en Educaci\u00f3n: topes a las asignaciones por hijo"},"content":{"rendered":"<p>Apuntar\u00e1 a equiparar a la Provincia con la Naci\u00f3n: no podr\u00e1 cobrarla el grupo familiar que perciba m\u00e1s de 14 mil pesos mensuales o si alguno de sus integrantes tiene un salario mayor a 7 mil pesos, en todo concepto. Tambi\u00e9n alcanza a los c\u00f3nyuges, con similar modalidad. A horas del inicio de las discusiones paritarias, un nuevo conflicto asoma en el horizonte educativo. <!--more--><br \/>\nUn nuevo frente de conflicto parece avizorarse entre los trabajadores de la Direcci\u00f3n General de Cultura y Educaci\u00f3n de la provincia de Buenos Aires (DGCyE), y los funcionarios de esa cartera \u2013comandados por Nora De Luc\u00eda\u2013, ya que \u00a0a partir del 1\u00ba de marzo de este a\u00f1o 2013 se implementar\u00e1n topes en las asignaciones por hijo, de las cuales se podr\u00e1 ser beneficiario en tanto y en cuanto los ingresos del grupo familiar no sean mayores de 14 mil pesos al mes \u2013sumados madre y padre\u2013 o alguno de los integrantes del mismo no perciba m\u00e1s de 7 mil pesos mensuales, en todo concepto.<\/p>\n<p>La medida, que apunta a equiparar en Provincia lo anunciado por la presidenta Cristina Fern\u00e1ndez de Kirchner a nivel nacional, all\u00e1 por mediados de septiembre de 2012, tambi\u00e9n incluye el salario percibido por el eventual c\u00f3nyuge que, en caso de ser mayor a 7 mil pesos al mes o si, sumado al de su compa\u00f1ero\/a, supera los 14 mil mensuales, tambi\u00e9n se ver\u00e1n imposibilitados de cobrar la asignaci\u00f3n.<\/p>\n<p>Esto generar\u00e1, sin lugar a dudas, un nuevo foco de conflicto en la ya golpeada relaci\u00f3n entre los agentes de la administraci\u00f3n p\u00fablica provincial, puntualmente los trabajadores de Educaci\u00f3n, y los funcionarios que encabeza la nombrada De Luc\u00eda, quienes ante la amenaza de \u201creordenamiento\u201d de las bonificaciones \u2013ll\u00e1mese quita o reducci\u00f3n en vi\u00e1ticos y horas extras\u2013 en el transcurso del a\u00f1o pasado, mantuvieron una retenci\u00f3n de tareas y una toma ministerial que se extendi\u00f3 durante pr\u00e1cticamente dos semanas.<\/p>\n<p>El objetivo inicial era implementar estas medidas \u2013que simbolizan un claro recorte en el gasto de la DGCyE\u2013, desde el 31 de enero del corriente a\u00f1o, pero la imposibilidad t\u00e9cnica de desarrollar esta nueva modalidad \u201catras\u00f3\u201d la realizaci\u00f3n de las mismas hacia fines de febrero y, por ende, se observar\u00e1n en los recibos de sueldo del 1\u00ba de marzo.<\/p>\n<p>Esta situaci\u00f3n de recorte viene de la mano de la modificaci\u00f3n de la estructura que, de hecho, se implementa desde fines del a\u00f1o pasado en la DGCyE: se eliminaron las Subsecretar\u00edas de Recursos Humanos y de Gesti\u00f3n Educativa, encabezadas por Claudio Crissio y Nora Estrada, respectivamente, y se mantienen las de Educaci\u00f3n y Administrativa, que presiden Carlos Gianella y Walter Carbone, respectivamente.<\/p>\n<p>La Subsecretar\u00eda de RRHH ser\u00e1 absorbida por la Subsecretar\u00eda Administrativa, y su titular, Claudio Crissio, ya cumple funciones como presidente del Consejo General de la DGCyE, ocupando un cargo de virtual viceministro, mientras que la Subsecretar\u00eda de Educaci\u00f3n har\u00e1 lo propio con la de Gesti\u00f3n Educativa, y de la marplatense Nora Estrada, quien mantiene una tirante relaci\u00f3n con De Luc\u00eda, nada se sabe sobre su futuro, que es a\u00fan incierto.<\/p>\n<p>Esta reestructuraci\u00f3n ministerial \u2013cuya ampliaci\u00f3n hab\u00eda sido creada a principios de 2012, en los inicios de la eyectada gesti\u00f3n de Silvina Gvirtz\u2013 implicar\u00e1 un ahorro para la Direcci\u00f3n de Escuelas de unos 800 mil pesos mensuales, de acuerdo a c\u00e1lculos del a\u00f1o pasado, aunque en rigor de verdad la misma a\u00fan no pas\u00f3 el filtro legal necesario del Senado bonaerense, presidido por el kirchnerista Gabriel Mariotto.<\/p>\n<p>&nbsp;<\/p>\n<p>&nbsp;<\/p>\n<p>&nbsp;<\/p>\n<p>&nbsp;<\/p>\n<p>&nbsp;<\/p>\n<p>&nbsp;<\/p>\n<p>&nbsp;<\/p>\n<p>&nbsp;<\/p>\n<p>&nbsp;<\/p>\n<p>&nbsp;<\/p>\n<p>&nbsp;<\/p>\n<p>&nbsp;<\/p>\n<p>&nbsp;<\/p>\n<p>&nbsp;<\/p>\n<p>&nbsp;<\/p>\n","protected":false},"excerpt":{"rendered":"<p>Apuntar\u00e1 a equiparar a la Provincia con la Naci\u00f3n: no podr\u00e1 cobrarla el grupo familiar que perciba m\u00e1s de 14 mil pesos mensuales o si alguno de sus integrantes tiene un salario mayor a 7 mil pesos, en todo concepto. Tambi\u00e9n alcanza a los c\u00f3nyuges, con similar modalidad. A horas del inicio de las discusiones paritarias, un nuevo conflicto asoma [&#8230;]<\/p>\n","protected":false},"author":4,"featured_media":0,"comment_status":"open","ping_status":"open","sticky":false,"template":"","format":"standard","meta":{"_jetpack_newsletter_access":"","_jetpack_dont_email_post_to_subs":false,"_jetpack_newsletter_tier_id":0,"_jetpack_memberships_contains_paywalled_content":false,"_jetpack_memberships_contains_paid_content":false,"footnotes":""},"categories":[1],"tags":[],"class_list":["post-11937","post","type-post","status-publish","format-standard","hentry","category-sociedad"],"jetpack_featured_media_url":"","jetpack_shortlink":"https:\/\/wp.me\/p2JWE0-36x","jetpack-related-posts":[{"id":97524,"url":"https:\/\/www.24baires.com\/?p=97524","url_meta":{"origin":11937,"position":0},"title":"Vidal aument\u00f3 las asignaciones familiares y la jubilaci\u00f3n m\u00ednima","author":"GB","date":"19\/09\/2017","format":false,"excerpt":"Unos 7.200 trabajadores de la administraci\u00f3n p\u00fablica provincial comenzar\u00e1n a percibir asignaciones. El Gobierno bonaerense inici\u00f3 la campa\u00f1a electoral con el anuncio de una medida: aument\u00f3 las asignaciones familiares en un 20 por ciento y la jubilaci\u00f3n m\u00ednima en un 12,96 por ciento a partir de septiembre de 2017. Seg\u00fan\u2026","rel":"","context":"En \u00abProvincia\u00bb","block_context":{"text":"Provincia","link":"https:\/\/www.24baires.com\/?cat=40"},"img":{"alt_text":"","src":"https:\/\/i0.wp.com\/www.24baires.com\/wp-content\/uploads\/2017\/09\/vidal-dni.jpg?resize=350%2C200","width":350,"height":200,"srcset":"https:\/\/i0.wp.com\/www.24baires.com\/wp-content\/uploads\/2017\/09\/vidal-dni.jpg?resize=350%2C200 1x, https:\/\/i0.wp.com\/www.24baires.com\/wp-content\/uploads\/2017\/09\/vidal-dni.jpg?resize=525%2C300 1.5x"},"classes":[]},{"id":31155,"url":"https:\/\/www.24baires.com\/?p=31155","url_meta":{"origin":11937,"position":1},"title":"Suteba reclama la homologaci\u00f3n de la suba en asignaciones familiares","author":"AF","date":"02\/09\/2013","format":false,"excerpt":"El gremio docente Suteba saldr\u00e1 a reclamar este lunes que el Gobierno bonaerense homologue las modificaciones en asignaciones familiares que anunci\u00f3 Naci\u00f3n d\u00edas atr\u00e1s y que ya empezaron a regir. Para ello, el sindicato que lidera Roberto Baradel program\u00f3 una conferencia de prensa que tendr\u00e1 lugar a primera hora de\u2026","rel":"","context":"En \u00abSociedad\u00bb","block_context":{"text":"Sociedad","link":"https:\/\/www.24baires.com\/?cat=1"},"img":{"alt_text":"baradel2","src":"https:\/\/i0.wp.com\/www.24baires.com\/wp-content\/uploads\/2012\/11\/baradel2.jpg?resize=350%2C200","width":350,"height":200,"srcset":"https:\/\/i0.wp.com\/www.24baires.com\/wp-content\/uploads\/2012\/11\/baradel2.jpg?resize=350%2C200 1x, https:\/\/i0.wp.com\/www.24baires.com\/wp-content\/uploads\/2012\/11\/baradel2.jpg?resize=525%2C300 1.5x"},"classes":[]},{"id":104414,"url":"https:\/\/www.24baires.com\/?p=104414","url_meta":{"origin":11937,"position":2},"title":"Vidal presenta medidas de inversi\u00f3n social por 1.200 millones de pesos","author":"GB","date":"12\/09\/2018","format":false,"excerpt":"Las medidas incluyen aumentos del 15% en el Programa m\u00e1s Vida, el Servicio Alimentario Escolar, la Jubilaci\u00f3n M\u00ednima y las Asignaciones Familiares a partir de octubre. Durante la jornada de hoy, la gobernadora, Mar\u00eda Eugenia Vidal lanzar\u00e1 un nuevo paquete de medidas sociales para paliar el impacto de la crisis\u2026","rel":"","context":"En \u00abProvincia\u00bb","block_context":{"text":"Provincia","link":"https:\/\/www.24baires.com\/?cat=40"},"img":{"alt_text":"","src":"https:\/\/i0.wp.com\/www.24baires.com\/wp-content\/uploads\/2018\/01\/vidal-anuncios.jpg?resize=350%2C200","width":350,"height":200,"srcset":"https:\/\/i0.wp.com\/www.24baires.com\/wp-content\/uploads\/2018\/01\/vidal-anuncios.jpg?resize=350%2C200 1x, https:\/\/i0.wp.com\/www.24baires.com\/wp-content\/uploads\/2018\/01\/vidal-anuncios.jpg?resize=525%2C300 1.5x"},"classes":[]},{"id":103572,"url":"https:\/\/www.24baires.com\/?p=103572","url_meta":{"origin":11937,"position":3},"title":"Macri achic\u00f3 topes para cobrar asignaciones y elimin\u00f3 otros beneficios en ocho provincias","author":"AF","date":"27\/07\/2018","format":false,"excerpt":"El Poder Ejecutivo modific\u00f3 el monto m\u00e1ximo de ingresos que los trabajadores registrados deben percibir para cobrar la asignaci\u00f3n. Adem\u00e1s, quit\u00f3 un plus para los empleados en zonas desfavorables del Interior, que implica un recorte del 53%. La medida comienza a regir en septiembre. El Gobierno dispuso este viernes por\u2026","rel":"","context":"En \u00abSociedad\u00bb","block_context":{"text":"Sociedad","link":"https:\/\/www.24baires.com\/?cat=1"},"img":{"alt_text":"","src":"https:\/\/i0.wp.com\/www.24baires.com\/wp-content\/uploads\/2018\/02\/macri.jpg?resize=350%2C200","width":350,"height":200,"srcset":"https:\/\/i0.wp.com\/www.24baires.com\/wp-content\/uploads\/2018\/02\/macri.jpg?resize=350%2C200 1x, https:\/\/i0.wp.com\/www.24baires.com\/wp-content\/uploads\/2018\/02\/macri.jpg?resize=525%2C300 1.5x"},"classes":[]},{"id":119967,"url":"https:\/\/www.24baires.com\/?p=119967","url_meta":{"origin":11937,"position":4},"title":"Provincia present\u00f3 el programa Municipios a la Obra","author":"GB","date":"31\/03\/2023","format":false,"excerpt":"El Gobierno de la Provincia oficializ\u00f3 la puesta en marcha del programa Municipios a la Obra, por el cual asignar\u00e1n m\u00e1s de 45 mil millones de pesos para llevar a cabo obras de Infraestructura en los 135 municipios. Este jueves, el gobierno de la Provincia oficializ\u00f3 la puesta en marcha\u2026","rel":"","context":"En \u00abProvincia\u00bb","block_context":{"text":"Provincia","link":"https:\/\/www.24baires.com\/?cat=40"},"img":{"alt_text":"","src":"https:\/\/i0.wp.com\/www.24baires.com\/wp-content\/uploads\/2023\/03\/WhatsApp-Image-2023-03-30-at-11.56.36-1024x671-1.webp?resize=350%2C200","width":350,"height":200,"srcset":"https:\/\/i0.wp.com\/www.24baires.com\/wp-content\/uploads\/2023\/03\/WhatsApp-Image-2023-03-30-at-11.56.36-1024x671-1.webp?resize=350%2C200 1x, https:\/\/i0.wp.com\/www.24baires.com\/wp-content\/uploads\/2023\/03\/WhatsApp-Image-2023-03-30-at-11.56.36-1024x671-1.webp?resize=525%2C300 1.5x, https:\/\/i0.wp.com\/www.24baires.com\/wp-content\/uploads\/2023\/03\/WhatsApp-Image-2023-03-30-at-11.56.36-1024x671-1.webp?resize=700%2C400 2x"},"classes":[]},{"id":46873,"url":"https:\/\/www.24baires.com\/?p=46873","url_meta":{"origin":11937,"position":5},"title":"Anuncian aumento de asignaciones familiares para empleados p\u00fablicos bonaerenses","author":"AF","date":"28\/05\/2014","format":false,"excerpt":"El gobernador Daniel Scioli anunci\u00f3 este martes que el Gobierno provincial incrementar\u00e1 a partir del mes de junio pr\u00f3ximo el monto de m\u00e1s de 140 mil Asignaciones Familiares para los empleados p\u00fablicos de la Provincia, a partir de una inversi\u00f3n social que asciende a los 144 millones de pesos para\u2026","rel":"","context":"En \u00abEconom\u00eda\u00bb","block_context":{"text":"Econom\u00eda","link":"https:\/\/www.24baires.com\/?cat=45"},"img":{"alt_text":"Silvina-Batakis","src":"https:\/\/i0.wp.com\/www.24baires.com\/wp-content\/uploads\/2014\/01\/Silvina-Batakis.jpg?resize=350%2C200","width":350,"height":200,"srcset":"https:\/\/i0.wp.com\/www.24baires.com\/wp-content\/uploads\/2014\/01\/Silvina-Batakis.jpg?resize=350%2C200 1x, https:\/\/i0.wp.com\/www.24baires.com\/wp-content\/uploads\/2014\/01\/Silvina-Batakis.jpg?resize=525%2C300 1.5x"},"classes":[]}],"jetpack_sharing_enabled":true,"jetpack_likes_enabled":true,"_links":{"self":[{"href":"https:\/\/www.24baires.com\/index.php?rest_route=\/wp\/v2\/posts\/11937","targetHints":{"allow":["GET"]}}],"collection":[{"href":"https:\/\/www.24baires.com\/index.php?rest_route=\/wp\/v2\/posts"}],"about":[{"href":"https:\/\/www.24baires.com\/index.php?rest_route=\/wp\/v2\/types\/post"}],"author":[{"embeddable":true,"href":"https:\/\/www.24baires.com\/index.php?rest_route=\/wp\/v2\/users\/4"}],"replies":[{"embeddable":true,"href":"https:\/\/www.24baires.com\/index.php?rest_route=%2Fwp%2Fv2%2Fcomments&post=11937"}],"version-history":[{"count":2,"href":"https:\/\/www.24baires.com\/index.php?rest_route=\/wp\/v2\/posts\/11937\/revisions"}],"predecessor-version":[{"id":11939,"href":"https:\/\/www.24baires.com\/index.php?rest_route=\/wp\/v2\/posts\/11937\/revisions\/11939"}],"wp:attachment":[{"href":"https:\/\/www.24baires.com\/index.php?rest_route=%2Fwp%2Fv2%2Fmedia&parent=11937"}],"wp:term":[{"taxonomy":"category","embeddable":true,"href":"https:\/\/www.24baires.com\/index.php?rest_route=%2Fwp%2Fv2%2Fcategories&post=11937"},{"taxonomy":"post_tag","embeddable":true,"href":"https:\/\/www.24baires.com\/index.php?rest_route=%2Fwp%2Fv2%2Ftags&post=11937"}],"curies":[{"name":"wp","href":"https:\/\/api.w.org\/{rel}","templated":true}]}}