{"id":119366,"date":"2022-09-20T18:37:00","date_gmt":"2022-09-20T21:37:00","guid":{"rendered":"http:\/\/www.24baires.com\/?p=119366"},"modified":"2022-09-20T20:39:48","modified_gmt":"2022-09-20T23:39:48","slug":"el-pbi-crecio-69-en-el-segundo-trimestre","status":"publish","type":"post","link":"https:\/\/www.24baires.com\/?p=119366","title":{"rendered":"El PBI creci\u00f3 6,9% en el segundo trimestre"},"content":{"rendered":"<p><img data-recalc-dims=\"1\" loading=\"lazy\" decoding=\"async\" class=\"aligncenter wp-image-118247\" src=\"https:\/\/i0.wp.com\/www.24baires.com\/wp-content\/uploads\/2021\/11\/61714316e6f3e_900.jpg?resize=720%2C404\" alt=\"\" width=\"720\" height=\"404\" srcset=\"https:\/\/i0.wp.com\/www.24baires.com\/wp-content\/uploads\/2021\/11\/61714316e6f3e_900.jpg?w=560&amp;ssl=1 560w, https:\/\/i0.wp.com\/www.24baires.com\/wp-content\/uploads\/2021\/11\/61714316e6f3e_900.jpg?resize=300%2C168&amp;ssl=1 300w\" sizes=\"auto, (max-width: 720px) 100vw, 720px\" \/>El dato informado por el Instituto Nacional de Estad\u00edstica y Censos (Indec) corresponde a la comparaci\u00f3n en relaci\u00f3n a igual per\u00edodo del 2021. En el primer semestre acumula una suba del 6,5%.<!--more--><\/p>\n<p>El Producto Bruto Interno (PBI) creci\u00f3 6,9% durante el segundo trimestre, en relaci\u00f3n a igual per\u00edodo de 2021, y alcanz\u00f3 as\u00ed su sexta suba consecutiva, inform\u00f3 el Instituto Nacional de Estad\u00edstica y Censos (Indec).<\/p>\n<p>Adem\u00e1s, la actividad econ\u00f3mica entre abril y junio de este a\u00f1o estuvo 1% por sobre la del trimestre anterior (enero-marzo) y acumul\u00f3 un crecimiento de 6,5% en los primeros seis meses del a\u00f1o, precis\u00f3 el Indec.<\/p>\n<p>En el Ministerio de Econom\u00eda estimaron que el PBI crecer\u00e1 4% este a\u00f1o, para aumentar 2% el a\u00f1o pr\u00f3ximo, seg\u00fan consta en el proyecto de Ley de Presupuesto para el 2023 enviado al Congreso nacional.<\/p>\n<p>El Indec se\u00f1al\u00f3 que la evoluci\u00f3n macroecon\u00f3mica del segundo trimestre determin\u00f3, de acuerdo con las estimaciones preliminares, una variaci\u00f3n en la oferta global, medida a precios constantes de 2004, de 9,9% con relaci\u00f3n a abril-junio de 2021.<\/p>\n<p>En la demanda global se observ\u00f3 un incremento de 18,8% en la formaci\u00f3n bruta de capital fijo, el consumo privado creci\u00f3 10,7%, las exportaciones de bienes y servicios reales registraron una suba de 9,3% y el consumo p\u00fablico 5,3%.<\/p>\n<p>La suba de 18,8% en la formaci\u00f3n bruta de capital fijo se debi\u00f3 a un crecimiento de 10,1% de la inversi\u00f3n en construcciones, a un aumento de 15% de \u00abotras construcciones\u00bb, vinculadas a la miner\u00eda y el petr\u00f3leo, a un crecimiento de 27,4% en maquinaria y equipo y de 14,1% en equipo de transporte.<\/p>\n<p>Dentro de maquinaria y equipo, el componente nacional ascendi\u00f3 19,3% y el importado, 33,7%; en equipo de transporte, esa suba -seg\u00fan el origen- fue de 14,1% y 14,2%, respectivamente.<\/p>\n<p>Medida por sectores, el valor agregado del sector agricultura y ganader\u00eda, descendi\u00f3 5,2% en el segundo trimestre con respecto abril-junio del 2021.<\/p>\n<p>En tanto, el sector pesca mostr\u00f3 un incremento interanual de 24,1%.<\/p>\n<p>El rubro Explotaci\u00f3n de minas y canteras ascendi\u00f3 15,5%, fuertemente influenciada por la mayor producci\u00f3n de petr\u00f3leo.<\/p>\n<p>La industria manufacturera registr\u00f3 un aumento en el nivel de actividad de 7,7%, al tiempo que la actividad de la Construcci\u00f3n tuvo un crecimiento de 9,9% en el segundo trimestre.<\/p>\n<p>La distribuci\u00f3n de electricidad, gas y agua creci\u00f3 4,9% en t\u00e9rminos interanuales, mientras que el Comercio mayorista, minorista y reparaciones tuvo una suba de 9,7%.<\/p>\n<p>El sector hoteles y restaurantes registr\u00f3 un aumento de 53,9%, encabezando el nivel de incrementos a nivel nominal, mientras que Transporte, almacenamiento y comunicaciones subi\u00f3 11,5%.<\/p>\n<p>En el transcurso del segundo trimestre de 2022, la actividad de Intermediaci\u00f3n financiera tuvo un incremento de 2% respecto al mismo per\u00edodo del a\u00f1o anterior.<\/p>\n<p>El sector Actividades inmobiliarias, empresariales y de alquiler ascendi\u00f3 6,4%.<\/p>\n<p>En tanto, el sector administraci\u00f3n p\u00fablica y defensa; planes de seguridad social de afiliaci\u00f3n obligatoria present\u00f3 un crecimiento de 10,2%.<\/p>\n<p>Por su parte, el sector de ense\u00f1anza mostr\u00f3 un aumento de 6,1% y los Servicios sociales y de salud tuvieron un ascenso de 1 %.<\/p>\n<p>Finalmente, el sector Otras actividades de servicios comunitarias, sociales y personales creci\u00f3 8,6%, mientras que Hogares privados con servicio dom\u00e9stico registr\u00f3 una suba de 9,9%<\/p>\n<p>En t\u00e9rminos desestacionalizados, con respecto al primer trimestre de 2022, las importaciones crecieron 2,9%, el consumo privado registr\u00f3 un incremento de 1,8%, el p\u00fablico 0,2%, las exportaciones crecieron 3,5% y la formaci\u00f3n bruta de capital fijo tuvo un aumento de 7,8%.<\/p>\n","protected":false},"excerpt":{"rendered":"<p>El dato informado por el Instituto Nacional de Estad\u00edstica y Censos (Indec) corresponde a la comparaci\u00f3n en relaci\u00f3n a igual per\u00edodo del 2021. En el primer semestre acumula una suba del 6,5%.<\/p>\n","protected":false},"author":4,"featured_media":0,"comment_status":"closed","ping_status":"closed","sticky":false,"template":"","format":"standard","meta":{"_jetpack_newsletter_access":"","_jetpack_dont_email_post_to_subs":false,"_jetpack_newsletter_tier_id":0,"_jetpack_memberships_contains_paywalled_content":false,"_jetpack_memberships_contains_paid_content":false,"footnotes":""},"categories":[45],"tags":[],"class_list":["post-119366","post","type-post","status-publish","format-standard","hentry","category-economia"],"jetpack_featured_media_url":"","jetpack_shortlink":"https:\/\/wp.me\/p2JWE0-v3g","jetpack-related-posts":[{"id":118350,"url":"https:\/\/www.24baires.com\/?p=118350","url_meta":{"origin":119366,"position":0},"title":"El PBI creci\u00f3 11,9% al t\u00e9rmino del tercer trimestre","author":"AF","date":"16\/12\/2021","format":false,"excerpt":"El Producto Bruto Interno creci\u00f3 al t\u00e9rmino del tercer trimestre 11,9% respecto a igual per\u00edodo del 2020, inform\u00f3 este jueves el Instituto Nacional de Estad\u00edstica y Censos (Indec). Adem\u00e1s, el PBI en el tercer trimestre se ubic\u00f3 4,1% por encima del segundo trimestre, cuando se registraron algunos cierres parciales de\u2026","rel":"","context":"En \u00abLocales\u00bb","block_context":{"text":"Locales","link":"https:\/\/www.24baires.com\/?cat=38"},"img":{"alt_text":"","src":"https:\/\/i0.wp.com\/www.24baires.com\/wp-content\/uploads\/2021\/11\/61714316e6f3e_900.jpg?resize=350%2C200","width":350,"height":200,"srcset":"https:\/\/i0.wp.com\/www.24baires.com\/wp-content\/uploads\/2021\/11\/61714316e6f3e_900.jpg?resize=350%2C200 1x, https:\/\/i0.wp.com\/www.24baires.com\/wp-content\/uploads\/2021\/11\/61714316e6f3e_900.jpg?resize=525%2C300 1.5x"},"classes":[]},{"id":93226,"url":"https:\/\/www.24baires.com\/?p=93226","url_meta":{"origin":119366,"position":1},"title":"La econom\u00eda cay\u00f3 un 2,3% durante el 2016","author":"GB","date":"21\/03\/2017","format":false,"excerpt":"El Producto Bruto Interno (PBI) retrocedi\u00f3 por la menor producci\u00f3n industrial y la retracci\u00f3n y ca\u00edda del consumo, seg\u00fan datos del Indec. El Producto Bruto Interno (PBI) retrocedi\u00f3 2,3% durante 2016 por la menor producci\u00f3n industrial y la retracci\u00f3n y ca\u00edda del consumo, luego de que el cuarto trimestre cerrara\u2026","rel":"","context":"En \u00abEconom\u00eda\u00bb","block_context":{"text":"Econom\u00eda","link":"https:\/\/www.24baires.com\/?cat=45"},"img":{"alt_text":"","src":"https:\/\/i0.wp.com\/www.24baires.com\/wp-content\/uploads\/2015\/09\/industria.jpg?resize=350%2C200","width":350,"height":200,"srcset":"https:\/\/i0.wp.com\/www.24baires.com\/wp-content\/uploads\/2015\/09\/industria.jpg?resize=350%2C200 1x, https:\/\/i0.wp.com\/www.24baires.com\/wp-content\/uploads\/2015\/09\/industria.jpg?resize=525%2C300 1.5x"},"classes":[]},{"id":118042,"url":"https:\/\/www.24baires.com\/?p=118042","url_meta":{"origin":119366,"position":2},"title":"El \u00edndice de desocupaci\u00f3n baj\u00f3 al 9,6%","author":"AF","date":"23\/09\/2021","format":false,"excerpt":"Seg\u00fan inform\u00f3 el Instituto Nacional de Estad\u00edstica y Censos (Indec), la sub ocupaci\u00f3n demandante, que comprende a la gente que trabaja menos de 35 horas semanales, aument\u00f3 al 8,5% contra el 5% del segundo trimestre del a\u00f1o pasado. El \u00edndice de desempleo se ubic\u00f3 en el 9,6% al cierre del\u2026","rel":"","context":"En \u00abSociedad\u00bb","block_context":{"text":"Sociedad","link":"https:\/\/www.24baires.com\/?cat=1"},"img":{"alt_text":"","src":"https:\/\/i0.wp.com\/www.24baires.com\/wp-content\/uploads\/2021\/08\/industria-pandemia.jpg?resize=350%2C200","width":350,"height":200,"srcset":"https:\/\/i0.wp.com\/www.24baires.com\/wp-content\/uploads\/2021\/08\/industria-pandemia.jpg?resize=350%2C200 1x, https:\/\/i0.wp.com\/www.24baires.com\/wp-content\/uploads\/2021\/08\/industria-pandemia.jpg?resize=525%2C300 1.5x"},"classes":[]},{"id":119374,"url":"https:\/\/www.24baires.com\/?p=119374","url_meta":{"origin":119366,"position":3},"title":"Seg\u00fan el Indec, el desempleo baj\u00f3 un 6,9%","author":"AF","date":"21\/09\/2022","format":false,"excerpt":"Los datos relevados por el Instituto Nacional de Estad\u00edstica y Censos se\u00f1alan un descenso de 2,7% respecto al mismo per\u00edodo de 2021, y el valor se encuentra 0,1% por debajo de lo registrado en el primer trimestre. La tasa de desocupaci\u00f3n en el segundo trimestre del a\u00f1o baj\u00f3 al 6,9%,\u2026","rel":"","context":"En \u00abEconom\u00eda\u00bb","block_context":{"text":"Econom\u00eda","link":"https:\/\/www.24baires.com\/?cat=45"},"img":{"alt_text":"","src":"https:\/\/i0.wp.com\/www.24baires.com\/wp-content\/uploads\/2021\/08\/industria-pandemia.jpg?resize=350%2C200","width":350,"height":200,"srcset":"https:\/\/i0.wp.com\/www.24baires.com\/wp-content\/uploads\/2021\/08\/industria-pandemia.jpg?resize=350%2C200 1x, https:\/\/i0.wp.com\/www.24baires.com\/wp-content\/uploads\/2021\/08\/industria-pandemia.jpg?resize=525%2C300 1.5x, https:\/\/i0.wp.com\/www.24baires.com\/wp-content\/uploads\/2021\/08\/industria-pandemia.jpg?resize=700%2C400 2x"},"classes":[]},{"id":90999,"url":"https:\/\/www.24baires.com\/?p=90999","url_meta":{"origin":119366,"position":4},"title":"El PBI volvi\u00f3 a caer en el tercer trimestre seg\u00fan inform\u00f3 el INDEC","author":"GB","date":"22\/12\/2016","format":false,"excerpt":"En la comparaci\u00f3n interanual con el mismo periodo del a\u00f1o anterior, el producto bruto interno presenta una ca\u00edda del 3,8%. La industria y la construcci\u00f3n son las actividades m\u00e1s perjudicadas. Lejos de los augurios del Gobierno nacional, el segundo semestre sigue mostrando un fuerte declive de la econom\u00eda y el\u2026","rel":"","context":"En \u00abEconom\u00eda\u00bb","block_context":{"text":"Econom\u00eda","link":"https:\/\/www.24baires.com\/?cat=45"},"img":{"alt_text":"","src":"https:\/\/i0.wp.com\/www.24baires.com\/wp-content\/uploads\/2016\/07\/industria.jpg?resize=350%2C200","width":350,"height":200},"classes":[]},{"id":120492,"url":"https:\/\/www.24baires.com\/?p=120492","url_meta":{"origin":119366,"position":5},"title":"La tasa de desocupaci\u00f3n baj\u00f3 al 6,2% en el segundo trimestre del a\u00f1o","author":"AF","date":"20\/09\/2023","format":false,"excerpt":"El informe del Instituto Nacional de Estad\u00edstica y Censos mostr\u00f3 en un retroceso del 0,7% respecto al per\u00edodo abril-junio del a\u00f1o pasado. Adem\u00e1s, la subocupaci\u00f3n demandante retrocedi\u00f3 al 7,4 % contra el 7,9 %. La tasa de Desocupaci\u00f3n baj\u00f3 al 6,2% al t\u00e9rmino del segundo trimestre de este a\u00f1o, frente\u2026","rel":"","context":"En \u00abSociedad\u00bb","block_context":{"text":"Sociedad","link":"https:\/\/www.24baires.com\/?cat=1"},"img":{"alt_text":"","src":"https:\/\/i0.wp.com\/www.24baires.com\/wp-content\/uploads\/2019\/02\/trabajador.jpg?resize=350%2C200","width":350,"height":200,"srcset":"https:\/\/i0.wp.com\/www.24baires.com\/wp-content\/uploads\/2019\/02\/trabajador.jpg?resize=350%2C200 1x, https:\/\/i0.wp.com\/www.24baires.com\/wp-content\/uploads\/2019\/02\/trabajador.jpg?resize=525%2C300 1.5x, https:\/\/i0.wp.com\/www.24baires.com\/wp-content\/uploads\/2019\/02\/trabajador.jpg?resize=700%2C400 2x"},"classes":[]}],"jetpack_sharing_enabled":true,"jetpack_likes_enabled":true,"_links":{"self":[{"href":"https:\/\/www.24baires.com\/index.php?rest_route=\/wp\/v2\/posts\/119366","targetHints":{"allow":["GET"]}}],"collection":[{"href":"https:\/\/www.24baires.com\/index.php?rest_route=\/wp\/v2\/posts"}],"about":[{"href":"https:\/\/www.24baires.com\/index.php?rest_route=\/wp\/v2\/types\/post"}],"author":[{"embeddable":true,"href":"https:\/\/www.24baires.com\/index.php?rest_route=\/wp\/v2\/users\/4"}],"replies":[{"embeddable":true,"href":"https:\/\/www.24baires.com\/index.php?rest_route=%2Fwp%2Fv2%2Fcomments&post=119366"}],"version-history":[{"count":1,"href":"https:\/\/www.24baires.com\/index.php?rest_route=\/wp\/v2\/posts\/119366\/revisions"}],"predecessor-version":[{"id":119367,"href":"https:\/\/www.24baires.com\/index.php?rest_route=\/wp\/v2\/posts\/119366\/revisions\/119367"}],"wp:attachment":[{"href":"https:\/\/www.24baires.com\/index.php?rest_route=%2Fwp%2Fv2%2Fmedia&parent=119366"}],"wp:term":[{"taxonomy":"category","embeddable":true,"href":"https:\/\/www.24baires.com\/index.php?rest_route=%2Fwp%2Fv2%2Fcategories&post=119366"},{"taxonomy":"post_tag","embeddable":true,"href":"https:\/\/www.24baires.com\/index.php?rest_route=%2Fwp%2Fv2%2Ftags&post=119366"}],"curies":[{"name":"wp","href":"https:\/\/api.w.org\/{rel}","templated":true}]}}