{"id":119325,"date":"2022-09-12T21:37:37","date_gmt":"2022-09-13T00:37:37","guid":{"rendered":"http:\/\/www.24baires.com\/?p=119325"},"modified":"2022-09-12T21:37:37","modified_gmt":"2022-09-13T00:37:37","slug":"massa-aseguro-que-en-los-proximos-dias-estara-lista-la-segunda-revision-del-fmi","status":"publish","type":"post","link":"https:\/\/www.24baires.com\/?p=119325","title":{"rendered":"Massa asegur\u00f3 que en los \u00abpr\u00f3ximos d\u00edas\u00bb estar\u00e1 lista la segunda revisi\u00f3n del FMI"},"content":{"rendered":"<p><img data-recalc-dims=\"1\" loading=\"lazy\" decoding=\"async\" class=\"aligncenter wp-image-119326\" src=\"https:\/\/i0.wp.com\/www.24baires.com\/wp-content\/uploads\/2022\/09\/631f941e6cf2d_900.jpg?resize=720%2C405\" alt=\"\" width=\"720\" height=\"405\" srcset=\"https:\/\/i0.wp.com\/www.24baires.com\/wp-content\/uploads\/2022\/09\/631f941e6cf2d_900.jpg?w=900&amp;ssl=1 900w, https:\/\/i0.wp.com\/www.24baires.com\/wp-content\/uploads\/2022\/09\/631f941e6cf2d_900.jpg?resize=300%2C169&amp;ssl=1 300w, https:\/\/i0.wp.com\/www.24baires.com\/wp-content\/uploads\/2022\/09\/631f941e6cf2d_900.jpg?resize=768%2C432&amp;ssl=1 768w\" sizes=\"auto, (max-width: 720px) 100vw, 720px\" \/>As\u00ed lo precis\u00f3 el Ministro de Econom\u00eda en una rueda de prensa que ofreci\u00f3 en la sede de la Embajada Argentina en Washington, tras su encuentro con Kristalina Georgieva. <!--more--><\/p>\n<p>El ministro de Econom\u00eda, Sergio Massa, afirm\u00f3 que en los \u00abpr\u00f3ximos d\u00edas\u00bb estar\u00e1 finalizada la segunda revisi\u00f3n del acuerdo acuerdo alcanzado con el Fondo Monetario Internacional (FMI), que ser\u00e1 elevado al board del organismo para su aprobaci\u00f3n, luego de la presentaci\u00f3n del Presupuesto nacional en el Congreso, previsto para el jueves.<\/p>\n<p>\u00abLa idea es que en las pr\u00f3ximas horas o d\u00edas est\u00e9 elevado\u00bb el entendimiento al board dijo esta tarde el titular del Palacio de Hacienda en una rueda de prensa que ofreci\u00f3 en la sede de la Embajada Argentina en Washington, tras la reuni\u00f3n que mantuvo con la titular del FMI, Kristalina Georgieva,<\/p>\n<p>Massa adelant\u00f3 adem\u00e1s que la aprobaci\u00f3n del board del Fondo Monetario Internacional (FMI) de la segunda revisi\u00f3n \u00abva a disparar la confirmaci\u00f3n del cierre del acuerdo con el Club de Par\u00eds\u00bb.<\/p>\n<p>\u00abLa Argentina no solamente ha tenido una buena semana, sino que en las pr\u00f3ximas horas tendr\u00e1 a\u00fan otras buenas noticias\u00bb, anticip\u00f3 tambi\u00e9n.<\/p>\n<p>El titular del Palacio de Hacienda prometi\u00f3 que la Argentina va a \u00abcumplir con el programa\u00bb acordado con el Fondo Monetario Internacional (FMI), y asegur\u00f3 que \u00abla protecci\u00f3n de los sectores m\u00e1s vulnerables es una tarea irrenunciable\u00bb para el Gobierno nacional. Al mismo tiempo precis\u00f3 que la continuidad de las metas habilitar\u00e1 a \u00abavanzar tanto en el programa de desembolsos como en el programa de reembolsos\u00bb.<\/p>\n<p>El ministro agradeci\u00f3 \u00aba todo el sector agroindustrial argentino\u00bb por el acompa\u00f1amiento al Programa de Incremento Exportador de soja y otros productos derivados, ya que, asegur\u00f3, \u00abestamos batiendo r\u00e9cords de comercializaci\u00f3n\u00bb de granos.<\/p>\n<p>\u00abQuiero agradecer el trabajo de las bolsas de cereales, acopiadores, cerealeras y la decisi\u00f3n de los productores. Es una tranquilidad para nosotros porque significa que la medida fue acertada\u00bb, dijo.<\/p>\n","protected":false},"excerpt":{"rendered":"<p>As\u00ed lo precis\u00f3 el Ministro de Econom\u00eda en una rueda de prensa que ofreci\u00f3 en la sede de la Embajada Argentina en Washington, tras su encuentro con Kristalina Georgieva.<\/p>\n","protected":false},"author":4,"featured_media":0,"comment_status":"closed","ping_status":"closed","sticky":false,"template":"","format":"standard","meta":{"_jetpack_newsletter_access":"","_jetpack_dont_email_post_to_subs":false,"_jetpack_newsletter_tier_id":0,"_jetpack_memberships_contains_paywalled_content":false,"_jetpack_memberships_contains_paid_content":false,"footnotes":""},"categories":[45],"tags":[],"class_list":["post-119325","post","type-post","status-publish","format-standard","hentry","category-economia"],"jetpack_featured_media_url":"","jetpack_shortlink":"https:\/\/wp.me\/p2JWE0-v2B","jetpack-related-posts":[{"id":120299,"url":"https:\/\/www.24baires.com\/?p=120299","url_meta":{"origin":119325,"position":0},"title":"Massa volvi\u00f3 a hablar con Georgieva y se aceleran las negociaciones con el FMI","author":"AF","date":"20\/07\/2023","format":false,"excerpt":"La conversaci\u00f3n entre el ministro de Econom\u00eda y la titular del Fondo se extendi\u00f3 durante una hora y luego, se sumaron dos nuevos funcionarios a la delegaci\u00f3n argentina. El precandidato debe definir si viaja a Washington para cerrar el entendimiento con el organismo. El ministro de Econom\u00eda, Sergio Massa, volvi\u00f3\u2026","rel":"","context":"En \u00abEconom\u00eda\u00bb","block_context":{"text":"Econom\u00eda","link":"https:\/\/www.24baires.com\/?cat=45"},"img":{"alt_text":"","src":"https:\/\/i0.wp.com\/www.24baires.com\/wp-content\/uploads\/2023\/07\/massa.jpg?resize=350%2C200","width":350,"height":200,"srcset":"https:\/\/i0.wp.com\/www.24baires.com\/wp-content\/uploads\/2023\/07\/massa.jpg?resize=350%2C200 1x, https:\/\/i0.wp.com\/www.24baires.com\/wp-content\/uploads\/2023\/07\/massa.jpg?resize=525%2C300 1.5x, https:\/\/i0.wp.com\/www.24baires.com\/wp-content\/uploads\/2023\/07\/massa.jpg?resize=700%2C400 2x"},"classes":[]},{"id":119132,"url":"https:\/\/www.24baires.com\/?p=119132","url_meta":{"origin":119325,"position":1},"title":"Batakis y Georgieva se reunir\u00e1n en Washington","author":"AF","date":"22\/07\/2022","format":false,"excerpt":"La ministra de Econom\u00eda tambi\u00e9n se reunir\u00e1 con altos funcionarios del Tesoro de los Estados Unidos y con ejecutivos del Banco Mundial. La ministra de Econom\u00eda, Silvina Batakis, ser\u00e1 recibida el lunes pr\u00f3ximo en Washington por la directora Gerente del Fondo Monetario Internacional (FMI), Kristalina Georgieva, adelantaron fuentes oficiales. El\u2026","rel":"","context":"En \u00abEconom\u00eda\u00bb","block_context":{"text":"Econom\u00eda","link":"https:\/\/www.24baires.com\/?cat=45"},"img":{"alt_text":"","src":"https:\/\/i0.wp.com\/www.24baires.com\/wp-content\/uploads\/2016\/04\/fmi.jpg?resize=350%2C200","width":350,"height":200,"srcset":"https:\/\/i0.wp.com\/www.24baires.com\/wp-content\/uploads\/2016\/04\/fmi.jpg?resize=350%2C200 1x, https:\/\/i0.wp.com\/www.24baires.com\/wp-content\/uploads\/2016\/04\/fmi.jpg?resize=525%2C300 1.5x, https:\/\/i0.wp.com\/www.24baires.com\/wp-content\/uploads\/2016\/04\/fmi.jpg?resize=700%2C400 2x"},"classes":[]},{"id":119435,"url":"https:\/\/www.24baires.com\/?p=119435","url_meta":{"origin":119325,"position":2},"title":"Massa avanz\u00f3 con las negociaciones por la deuda de 2400 millones","author":"AF","date":"13\/10\/2022","format":false,"excerpt":"Se reuni\u00f3 con Moulin, secretario del organismo. Preparan viaje a Francia para lograr la r\u00fabrica a fines de este mes. La cena con el G20 y los dichos de Georgieva. El ministro de Econom\u00eda, Sergio Massa, avanz\u00f3 en las \u00faltimas horas en las negociaciones con el Club de Par\u00eds, durante\u2026","rel":"","context":"En \u00abEconom\u00eda\u00bb","block_context":{"text":"Econom\u00eda","link":"https:\/\/www.24baires.com\/?cat=45"},"img":{"alt_text":"","src":"https:\/\/i0.wp.com\/www.24baires.com\/wp-content\/uploads\/2022\/09\/massa..jpg?resize=350%2C200","width":350,"height":200,"srcset":"https:\/\/i0.wp.com\/www.24baires.com\/wp-content\/uploads\/2022\/09\/massa..jpg?resize=350%2C200 1x, https:\/\/i0.wp.com\/www.24baires.com\/wp-content\/uploads\/2022\/09\/massa..jpg?resize=525%2C300 1.5x, https:\/\/i0.wp.com\/www.24baires.com\/wp-content\/uploads\/2022\/09\/massa..jpg?resize=700%2C400 2x"},"classes":[]},{"id":117347,"url":"https:\/\/www.24baires.com\/?p=117347","url_meta":{"origin":119325,"position":3},"title":"Mart\u00edn Guzm\u00e1n se reuni\u00f3 durante dos horas con Kristalina Georgieva","author":"AF","date":"23\/03\/2021","format":false,"excerpt":"El ministro de Econom\u00eda y la titular del FMI mantuvieron un encuentro en Washington. Argentina y el FMI alcanzaron un \"di\u00e1logo estrecho\" que continuar\u00e1, en el marco de las negociaciones entre el pa\u00eds y el organismo para lograr un nuevo acuerdo, afirm\u00f3 esta tarde la directora Gerente del FMI. Kristalina\u2026","rel":"","context":"En \u00abEconom\u00eda\u00bb","block_context":{"text":"Econom\u00eda","link":"https:\/\/www.24baires.com\/?cat=45"},"img":{"alt_text":"","src":"https:\/\/i0.wp.com\/www.24baires.com\/wp-content\/uploads\/2020\/05\/guzman-1.jpg?resize=350%2C200","width":350,"height":200,"srcset":"https:\/\/i0.wp.com\/www.24baires.com\/wp-content\/uploads\/2020\/05\/guzman-1.jpg?resize=350%2C200 1x, https:\/\/i0.wp.com\/www.24baires.com\/wp-content\/uploads\/2020\/05\/guzman-1.jpg?resize=525%2C300 1.5x"},"classes":[]},{"id":119545,"url":"https:\/\/www.24baires.com\/?p=119545","url_meta":{"origin":119325,"position":4},"title":"La titular del FMI respald\u00f3 el rumbo econ\u00f3mico de Argentina","author":"GB","date":"16\/11\/2022","format":false,"excerpt":"Kristalina Georgieva mantuvo una reuni\u00f3n con Alberto Fern\u00e1ndez en la cumbre del G20. La revisi\u00f3n de sobrecargos y el precio de la guerra en agenda. presidente de la Naci\u00f3n, Alberto Fern\u00e1ndez, cerr\u00f3 su participaci\u00f3n en la cumbre del G20 reuni\u00e9ndose con la titular del Fondo Monetario Internacional (FMI), Kristalina Georgieva.\u2026","rel":"","context":"En \u00abEconom\u00eda\u00bb","block_context":{"text":"Econom\u00eda","link":"https:\/\/www.24baires.com\/?cat=45"},"img":{"alt_text":"","src":"https:\/\/i0.wp.com\/www.24baires.com\/wp-content\/uploads\/2022\/11\/reunion-fmijpg.jpg?resize=350%2C200","width":350,"height":200,"srcset":"https:\/\/i0.wp.com\/www.24baires.com\/wp-content\/uploads\/2022\/11\/reunion-fmijpg.jpg?resize=350%2C200 1x, https:\/\/i0.wp.com\/www.24baires.com\/wp-content\/uploads\/2022\/11\/reunion-fmijpg.jpg?resize=525%2C300 1.5x, https:\/\/i0.wp.com\/www.24baires.com\/wp-content\/uploads\/2022\/11\/reunion-fmijpg.jpg?resize=700%2C400 2x"},"classes":[]},{"id":119137,"url":"https:\/\/www.24baires.com\/?p=119137","url_meta":{"origin":119325,"position":5},"title":"Georgieva calific\u00f3 como \u00abproductiva\u00bb la reuni\u00f3n que tuvo con Batakis","author":"AF","date":"25\/07\/2022","format":false,"excerpt":"As\u00ed lo defini\u00f3 la directora Gerente del Fondo Monetario Internacional (FMI) a trav\u00e9s de su cuenta de Twitter, donde adem\u00e1s destac\u00f3 que coincidieron \"en la importancia de la implementaci\u00f3n decisiva del programa para abordar los desaf\u00edos econ\u00f3micos y sociales de Argentina\". La directora Gerente del Fondo Monetario Internacional (FMI), Kristalina\u2026","rel":"","context":"En \u00abEconom\u00eda\u00bb","block_context":{"text":"Econom\u00eda","link":"https:\/\/www.24baires.com\/?cat=45"},"img":{"alt_text":"","src":"https:\/\/i0.wp.com\/www.24baires.com\/wp-content\/uploads\/2022\/07\/batakis-georgieva.jpg?resize=350%2C200","width":350,"height":200,"srcset":"https:\/\/i0.wp.com\/www.24baires.com\/wp-content\/uploads\/2022\/07\/batakis-georgieva.jpg?resize=350%2C200 1x, https:\/\/i0.wp.com\/www.24baires.com\/wp-content\/uploads\/2022\/07\/batakis-georgieva.jpg?resize=525%2C300 1.5x, https:\/\/i0.wp.com\/www.24baires.com\/wp-content\/uploads\/2022\/07\/batakis-georgieva.jpg?resize=700%2C400 2x"},"classes":[]}],"jetpack_sharing_enabled":true,"jetpack_likes_enabled":true,"_links":{"self":[{"href":"https:\/\/www.24baires.com\/index.php?rest_route=\/wp\/v2\/posts\/119325","targetHints":{"allow":["GET"]}}],"collection":[{"href":"https:\/\/www.24baires.com\/index.php?rest_route=\/wp\/v2\/posts"}],"about":[{"href":"https:\/\/www.24baires.com\/index.php?rest_route=\/wp\/v2\/types\/post"}],"author":[{"embeddable":true,"href":"https:\/\/www.24baires.com\/index.php?rest_route=\/wp\/v2\/users\/4"}],"replies":[{"embeddable":true,"href":"https:\/\/www.24baires.com\/index.php?rest_route=%2Fwp%2Fv2%2Fcomments&post=119325"}],"version-history":[{"count":1,"href":"https:\/\/www.24baires.com\/index.php?rest_route=\/wp\/v2\/posts\/119325\/revisions"}],"predecessor-version":[{"id":119327,"href":"https:\/\/www.24baires.com\/index.php?rest_route=\/wp\/v2\/posts\/119325\/revisions\/119327"}],"wp:attachment":[{"href":"https:\/\/www.24baires.com\/index.php?rest_route=%2Fwp%2Fv2%2Fmedia&parent=119325"}],"wp:term":[{"taxonomy":"category","embeddable":true,"href":"https:\/\/www.24baires.com\/index.php?rest_route=%2Fwp%2Fv2%2Fcategories&post=119325"},{"taxonomy":"post_tag","embeddable":true,"href":"https:\/\/www.24baires.com\/index.php?rest_route=%2Fwp%2Fv2%2Ftags&post=119325"}],"curies":[{"name":"wp","href":"https:\/\/api.w.org\/{rel}","templated":true}]}}