{"id":119316,"date":"2022-09-08T18:46:12","date_gmt":"2022-09-08T21:46:12","guid":{"rendered":"http:\/\/www.24baires.com\/?p=119316"},"modified":"2022-09-08T18:46:12","modified_gmt":"2022-09-08T21:46:12","slug":"el-banco-central-compro-us-426-millones","status":"publish","type":"post","link":"https:\/\/www.24baires.com\/?p=119316","title":{"rendered":"El Banco Central compr\u00f3 US$ 426 millones"},"content":{"rendered":"<p><img data-recalc-dims=\"1\" loading=\"lazy\" decoding=\"async\" class=\"aligncenter wp-image-111462\" src=\"https:\/\/i0.wp.com\/www.24baires.com\/wp-content\/uploads\/2019\/08\/d%C3%B3lar.jpg?resize=720%2C404\" alt=\"\" width=\"720\" height=\"404\" srcset=\"https:\/\/i0.wp.com\/www.24baires.com\/wp-content\/uploads\/2019\/08\/d%C3%B3lar.jpg?w=560&amp;ssl=1 560w, https:\/\/i0.wp.com\/www.24baires.com\/wp-content\/uploads\/2019\/08\/d%C3%B3lar.jpg?resize=300%2C168&amp;ssl=1 300w\" sizes=\"auto, (max-width: 720px) 100vw, 720px\" \/>Las compras se dan luego de que Econom\u00eda oficializara un tipo de cambio de 200 pesos por d\u00f3lar para las exportaciones de soja, una medida acordada con los principales complejos exportadores, que se comprometieron a liquidar soja y derivados por, al menos, 5.000 millones de d\u00f3lares.<!--more--><\/p>\n<p>El Banco Central (BCRA) cerr\u00f3 la rueda de este jueves con un saldo positivo de US$ 426 millones, alentado por la implementaci\u00f3n del tipo de cambio especial temporal para la exportaci\u00f3n de soja que se puso en marcha el lunes pasado.<\/p>\n<p>Las compras se dan luego de que el Ministerio de Econom\u00eda oficializara la aplicaci\u00f3n de un tipo de cambio de 200 pesos por d\u00f3lar para las exportaciones de soja hasta el 30 de septiembre pr\u00f3ximo, una medida acordada con los principales complejos exportadores, que se comprometieron a liquidar soja y derivados por, al menos, 5.000 millones de d\u00f3lares.<\/p>\n<p>\u201cEl volumen operado en el segmento de d\u00f3lar soja hoy fue de US$ 623 millones\u201d, detall\u00f3 Gustavo Quintana, analista de PR Corredores de Cambio.<\/p>\n<p>Fuentes de mercado apuntaron que desde que comenz\u00f3 la liquidaci\u00f3n de divisas, la autoridad monetaria ya lleva comprados alrededor de 866 millones de d\u00f3lares, dado que se suman los US$ 300 millones de la jornada del martes y los US$ 140 millones adquiridos en la rueda del mi\u00e9rcoles.<\/p>\n<p>En el mercado de divisas, la cotizaci\u00f3n del d\u00f3lar oficial cerr\u00f3 hoy en $148,15, con una suba de 49 centavos en relaci\u00f3n con el cierre de la v\u00edspera.<\/p>\n<p>Por su parte, en el segmento informal, el denominado d\u00f3lar \u00abblue\u00bb, anot\u00f3 un retroceso de cinco pesos, a $279 por unidad.<\/p>\n<p>En el segmento burs\u00e1til, el d\u00f3lar contado con liquidaci\u00f3n (CCL) avanza 0,6%, a $ 282,48; mientras que el MEP asciende 0,7%, a $ 273,16, en el tramo final de la rueda.<\/p>\n<p>En el segmento mayorista, la cotizaci\u00f3n de la divisa estadounidense registr\u00f3 un aumento de 35 centavos respecto al cierre previo, en un promedio de $141,15.<\/p>\n<p>As\u00ed, el d\u00f3lar con el recargo de 30% -contemplado en el impuesto PA\u00cdS-, marc\u00f3 un promedio de $192,59 por unidad, y con el anticipo a cuenta del Impuesto a las Ganancias de 35% sobre la compra de divisas, $244,45.<\/p>\n<p>En tanto, el d\u00f3lar destinado al turismo en el exterior -y que cuenta con una al\u00edcuota del 45%- se ubic\u00f3 en $259,26.<\/p>\n<p>El volumen operado en el segmento de contado fue de US$ 981 millones, en el sector de futuros del Mercado Abierto Electr\u00f3nico (MAE) se registraron operaciones por US$ 135 millones y en el mercado de futuros Rofex se transaron US$ 820 millones.<\/p>\n","protected":false},"excerpt":{"rendered":"<p>Las compras se dan luego de que Econom\u00eda oficializara un tipo de cambio de 200 pesos por d\u00f3lar para las exportaciones de soja, una medida acordada con los principales complejos exportadores, que se comprometieron a liquidar soja y derivados por, al menos, 5.000 millones de d\u00f3lares.<\/p>\n","protected":false},"author":4,"featured_media":0,"comment_status":"closed","ping_status":"closed","sticky":false,"template":"","format":"standard","meta":{"_jetpack_newsletter_access":"","_jetpack_dont_email_post_to_subs":false,"_jetpack_newsletter_tier_id":0,"_jetpack_memberships_contains_paywalled_content":false,"_jetpack_memberships_contains_paid_content":false,"footnotes":""},"categories":[45],"tags":[],"class_list":["post-119316","post","type-post","status-publish","format-standard","hentry","category-economia"],"jetpack_featured_media_url":"","jetpack_shortlink":"https:\/\/wp.me\/p2JWE0-v2s","jetpack-related-posts":[{"id":119291,"url":"https:\/\/www.24baires.com\/?p=119291","url_meta":{"origin":119316,"position":0},"title":"El Gobierno nacional anunci\u00f3 un nuevo \u00abd\u00f3lar soja\u00bb","author":"GB","date":"05\/09\/2022","format":false,"excerpt":"El ministro de Econom\u00eda anunci\u00f3 la implementaci\u00f3n de un d\u00f3lar a 200 pesos destinado a la liquidaci\u00f3n de la cosecha de soja. Gobierno de la naci\u00f3n anunci\u00f3 un nuevo tipo de cambio de 200 pesos por d\u00f3lar destinado a las transacciones internacionales de soja. Esta medida con la que se\u2026","rel":"","context":"En \u00abEconom\u00eda\u00bb","block_context":{"text":"Econom\u00eda","link":"https:\/\/www.24baires.com\/?cat=45"},"img":{"alt_text":"","src":"https:\/\/i0.wp.com\/www.24baires.com\/wp-content\/uploads\/2022\/09\/massa-dolar-sojapng.png?resize=350%2C200","width":350,"height":200,"srcset":"https:\/\/i0.wp.com\/www.24baires.com\/wp-content\/uploads\/2022\/09\/massa-dolar-sojapng.png?resize=350%2C200 1x, https:\/\/i0.wp.com\/www.24baires.com\/wp-content\/uploads\/2022\/09\/massa-dolar-sojapng.png?resize=525%2C300 1.5x, https:\/\/i0.wp.com\/www.24baires.com\/wp-content\/uploads\/2022\/09\/massa-dolar-sojapng.png?resize=700%2C400 2x"},"classes":[]},{"id":119406,"url":"https:\/\/www.24baires.com\/?p=119406","url_meta":{"origin":119316,"position":1},"title":"Habr\u00e1 medidas para sectores vulnerables a partir de los resultados del d\u00f3lar soja","author":"AF","date":"30\/09\/2022","format":false,"excerpt":"El ministro de Econom\u00eda encabez\u00f3 en el Palacio de Hacienda la presentaci\u00f3n de los resultados del r\u00e9gimen de fomento a las exportaciones agroindustriales y el programa de fortalecimiento de peque\u00f1os y medianos productores. El ministro de Econom\u00eda, Sergio Massa, destac\u00f3 que el Programa de Incremento Exportador (PIE), conocido como \"d\u00f3lar\u2026","rel":"","context":"En \u00abEconom\u00eda\u00bb","block_context":{"text":"Econom\u00eda","link":"https:\/\/www.24baires.com\/?cat=45"},"img":{"alt_text":"","src":"https:\/\/i0.wp.com\/www.24baires.com\/wp-content\/uploads\/2022\/09\/massa..jpg?resize=350%2C200","width":350,"height":200,"srcset":"https:\/\/i0.wp.com\/www.24baires.com\/wp-content\/uploads\/2022\/09\/massa..jpg?resize=350%2C200 1x, https:\/\/i0.wp.com\/www.24baires.com\/wp-content\/uploads\/2022\/09\/massa..jpg?resize=525%2C300 1.5x, https:\/\/i0.wp.com\/www.24baires.com\/wp-content\/uploads\/2022\/09\/massa..jpg?resize=700%2C400 2x"},"classes":[]},{"id":119152,"url":"https:\/\/www.24baires.com\/?p=119152","url_meta":{"origin":119316,"position":2},"title":"El Banco Central espera sumar US$ 2.500 millones por la exportaci\u00f3n de soja","author":"AF","date":"27\/07\/2022","format":false,"excerpt":"\"Seguramente podamos obtener 2.500 millones de d\u00f3lares, muy posiblemente m\u00e1s. Creemos que esa es una cifra posible. Vamos a ver si el incentivo lleva a una venta mayor\u201d, afirm\u00f3 Miguel Pesce, quien enfatiz\u00f3 que la medida estar\u00e1 vigente hasta el 31 de agosto. El presidente del Banco Central (BCRA), Miguel\u2026","rel":"","context":"En \u00abEconom\u00eda\u00bb","block_context":{"text":"Econom\u00eda","link":"https:\/\/www.24baires.com\/?cat=45"},"img":{"alt_text":"","src":"https:\/\/i0.wp.com\/www.24baires.com\/wp-content\/uploads\/2022\/07\/soja.jpg?resize=350%2C200","width":350,"height":200,"srcset":"https:\/\/i0.wp.com\/www.24baires.com\/wp-content\/uploads\/2022\/07\/soja.jpg?resize=350%2C200 1x, https:\/\/i0.wp.com\/www.24baires.com\/wp-content\/uploads\/2022\/07\/soja.jpg?resize=525%2C300 1.5x, https:\/\/i0.wp.com\/www.24baires.com\/wp-content\/uploads\/2022\/07\/soja.jpg?resize=700%2C400 2x"},"classes":[]},{"id":119226,"url":"https:\/\/www.24baires.com\/?p=119226","url_meta":{"origin":119316,"position":3},"title":"Entraron los primeros d\u00f3lares de los 5000 millones que prometi\u00f3 Massa","author":"AF","date":"17\/08\/2022","format":false,"excerpt":"Fue en el primer d\u00eda de las cuentas especiales de prefinancianci\u00f3n y anticipo de exportaci\u00f3n, un beneficio que otorg\u00f3 el BCRA. En unos d\u00edas se completar\u00e1n 1000 millones y en septiembre, s\u00f3lo con liquidaci\u00f3n de exportaciones, se cumple la meta del ministro. El deseo del ministro de Econom\u00eda, Sergio Massa,\u2026","rel":"","context":"En \u00abEconom\u00eda\u00bb","block_context":{"text":"Econom\u00eda","link":"https:\/\/www.24baires.com\/?cat=45"},"img":{"alt_text":"","src":"https:\/\/i0.wp.com\/www.24baires.com\/wp-content\/uploads\/2019\/08\/d%C3%B3lar.jpg?resize=350%2C200","width":350,"height":200,"srcset":"https:\/\/i0.wp.com\/www.24baires.com\/wp-content\/uploads\/2019\/08\/d%C3%B3lar.jpg?resize=350%2C200 1x, https:\/\/i0.wp.com\/www.24baires.com\/wp-content\/uploads\/2019\/08\/d%C3%B3lar.jpg?resize=525%2C300 1.5x, https:\/\/i0.wp.com\/www.24baires.com\/wp-content\/uploads\/2019\/08\/d%C3%B3lar.jpg?resize=700%2C400 2x"},"classes":[]},{"id":119985,"url":"https:\/\/www.24baires.com\/?p=119985","url_meta":{"origin":119316,"position":4},"title":"Massa anunci\u00f3 el d\u00f3lar agro a $300","author":"AF","date":"05\/04\/2023","format":false,"excerpt":"El ministro de Econom\u00eda present\u00f3 el Programa de Incremento Exportador a trav\u00e9s de tres decretos que establecen, entre otras cosas, un tipo de cambio diferencial. El plan se extender\u00e1 desde el 8 de abril hasta el 31 de mayo para la cadena sojera, y entre el 8 de abril y\u2026","rel":"","context":"En \u00abEconom\u00eda\u00bb","block_context":{"text":"Econom\u00eda","link":"https:\/\/www.24baires.com\/?cat=45"},"img":{"alt_text":"","src":"https:\/\/i0.wp.com\/www.24baires.com\/wp-content\/uploads\/2023\/04\/massa.jpeg?resize=350%2C200","width":350,"height":200,"srcset":"https:\/\/i0.wp.com\/www.24baires.com\/wp-content\/uploads\/2023\/04\/massa.jpeg?resize=350%2C200 1x, https:\/\/i0.wp.com\/www.24baires.com\/wp-content\/uploads\/2023\/04\/massa.jpeg?resize=525%2C300 1.5x, https:\/\/i0.wp.com\/www.24baires.com\/wp-content\/uploads\/2023\/04\/massa.jpeg?resize=700%2C400 2x"},"classes":[]},{"id":62526,"url":"https:\/\/www.24baires.com\/?p=62526","url_meta":{"origin":119316,"position":5},"title":"Caen las divisas y los productores siguen reteniendo","author":"Grupo Sierra","date":"02\/03\/2015","format":false,"excerpt":"Los exportadores de granos liquidaron en la \u00faltima semana US$ 208,87 millones, 70% menos que lo registrado en la misma semana de 2014, y as\u00ed acumularon en lo que va del a\u00f1o un ingreso de divisas de US$ 2.022,01 millones, 32% inferior al a\u00f1o pasado, a\u00fan cuando la \u00faltima cosecha\u2026","rel":"","context":"En \u00abEconom\u00eda\u00bb","block_context":{"text":"Econom\u00eda","link":"https:\/\/www.24baires.com\/?cat=45"},"img":{"alt_text":"soja jun\u00edn","src":"https:\/\/i0.wp.com\/www.24baires.com\/wp-content\/uploads\/2013\/09\/soja-jun%C3%ADn.jpg?resize=350%2C200","width":350,"height":200,"srcset":"https:\/\/i0.wp.com\/www.24baires.com\/wp-content\/uploads\/2013\/09\/soja-jun%C3%ADn.jpg?resize=350%2C200 1x, https:\/\/i0.wp.com\/www.24baires.com\/wp-content\/uploads\/2013\/09\/soja-jun%C3%ADn.jpg?resize=525%2C300 1.5x"},"classes":[]}],"jetpack_sharing_enabled":true,"jetpack_likes_enabled":true,"_links":{"self":[{"href":"https:\/\/www.24baires.com\/index.php?rest_route=\/wp\/v2\/posts\/119316","targetHints":{"allow":["GET"]}}],"collection":[{"href":"https:\/\/www.24baires.com\/index.php?rest_route=\/wp\/v2\/posts"}],"about":[{"href":"https:\/\/www.24baires.com\/index.php?rest_route=\/wp\/v2\/types\/post"}],"author":[{"embeddable":true,"href":"https:\/\/www.24baires.com\/index.php?rest_route=\/wp\/v2\/users\/4"}],"replies":[{"embeddable":true,"href":"https:\/\/www.24baires.com\/index.php?rest_route=%2Fwp%2Fv2%2Fcomments&post=119316"}],"version-history":[{"count":1,"href":"https:\/\/www.24baires.com\/index.php?rest_route=\/wp\/v2\/posts\/119316\/revisions"}],"predecessor-version":[{"id":119317,"href":"https:\/\/www.24baires.com\/index.php?rest_route=\/wp\/v2\/posts\/119316\/revisions\/119317"}],"wp:attachment":[{"href":"https:\/\/www.24baires.com\/index.php?rest_route=%2Fwp%2Fv2%2Fmedia&parent=119316"}],"wp:term":[{"taxonomy":"category","embeddable":true,"href":"https:\/\/www.24baires.com\/index.php?rest_route=%2Fwp%2Fv2%2Fcategories&post=119316"},{"taxonomy":"post_tag","embeddable":true,"href":"https:\/\/www.24baires.com\/index.php?rest_route=%2Fwp%2Fv2%2Ftags&post=119316"}],"curies":[{"name":"wp","href":"https:\/\/api.w.org\/{rel}","templated":true}]}}