{"id":119309,"date":"2022-09-07T16:20:34","date_gmt":"2022-09-07T19:20:34","guid":{"rendered":"http:\/\/www.24baires.com\/?p=119309"},"modified":"2022-09-07T19:22:52","modified_gmt":"2022-09-07T22:22:52","slug":"la-actividad-industrial-y-la-construccion-subieron-mas-del-5","status":"publish","type":"post","link":"https:\/\/www.24baires.com\/?p=119309","title":{"rendered":"La actividad industrial y la construcci\u00f3n subieron m\u00e1s del 5%"},"content":{"rendered":"<p><img data-recalc-dims=\"1\" loading=\"lazy\" decoding=\"async\" class=\"aligncenter wp-image-106197\" src=\"https:\/\/i0.wp.com\/www.24baires.com\/wp-content\/uploads\/2019\/01\/construcci%C3%B3n.png?resize=720%2C405\" alt=\"\" width=\"720\" height=\"405\" srcset=\"https:\/\/i0.wp.com\/www.24baires.com\/wp-content\/uploads\/2019\/01\/construcci%C3%B3n.png?w=560&amp;ssl=1 560w, https:\/\/i0.wp.com\/www.24baires.com\/wp-content\/uploads\/2019\/01\/construcci%C3%B3n.png?resize=300%2C169&amp;ssl=1 300w\" sizes=\"auto, (max-width: 720px) 100vw, 720px\" \/>Los datos del Instituto Nacional de Estad\u00edstica y Censos corresponden a la comparaci\u00f3n con igual mes del a\u00f1o pasado para cada sector. Quince de las diecis\u00e9is divisiones de la industria manufacturera relevadas presentaron subas en el cotejo interanual.<!--more--><\/p>\n<p>El nivel de actividad industrial creci\u00f3 5,1% en julio en relaci\u00f3n con igual mes del a\u00f1o pasado, mientras la construcci\u00f3n avanz\u00f3 5,2%, inform\u00f3 el Instituto Nacional de Estad\u00edstica y Censos (Indec).<\/p>\n<p>Respecto al mes previo, la producci\u00f3n fabril marc\u00f3 una merma de 1,2%; en tanto la construcci\u00f3n subi\u00f3 2,2%, detall\u00f3 el organismo.<\/p>\n<p>Seg\u00fan el informe del Indec, en julio quince de las diecis\u00e9is divisiones de la industria manufacturera relevadas presentaron subas en el cotejo interanual.<\/p>\n<p>En orden de su incidencia en el nivel general, se registraron incrementos en \u201cMaquinaria y equipo\u201d, con una mejora de 21,1%; \u201cVeh\u00edculos automotores, carrocer\u00edas, remolques y autopartes\u201d, 21,6%; \u201cOtros equipos, aparatos e instrumentos\u201d, 15,6%.<\/p>\n<p>Le siguieron, \u201cIndustrias met\u00e1licas b\u00e1sicas\u201d, 4,9%; \u201cProductos de caucho y pl\u00e1stico\u201d, 6,8%; \u201cRefinaci\u00f3n del petr\u00f3leo\u201d, 8,7%; \u201cPrendas de vestir, cuero y calzado\u201d, 6,6%; \u201cProductos minerales no met\u00e1licos\u201d, 5,3%;<\/p>\n<p>Tambi\u00e9n presentaron subas \u201cAlimentos y bebidas\u201d, 0,8%; \u201cSustancias y productos qu\u00edmicos\u201d, 1,4%; \u201cProductos de metal\u201d, 4,0%; \u201cMadera, papel, edici\u00f3n e impresi\u00f3n\u201d, 1,7%; y \u201cMuebles y colchones, y otras industrias manufactureras\u201d, 3,7%.<\/p>\n<p>En tanto, la actividad del rubro \u201cTextil\u201d no mostr\u00f3 cambios respecto a julio de 2021.<\/p>\n<p>El martes, el secretario de Desarrollo Productivo, Jos\u00e9 Ignacio de Mendiguren, afirm\u00f3 que desde este mes \u201cya se est\u00e1n aflojando un poco\u201d las restricciones a las importaciones de insumos en un esquema \u201csector por sector\u201d.<\/p>\n<p>\u201cEl pico de falta de d\u00f3lares fue en pleno julio y agosto porque los gastos en energ\u00eda son terribles, y tambi\u00e9n porque hab\u00eda mucha gente que compraba d\u00f3lares baratos y se sobrestockeaba por las dudas al haber una presi\u00f3n devaluatoria\u201d, indic\u00f3 el funcionario en di\u00e1logo con FM Urbana Play.<\/p>\n<p>En lo que respecta a la construcci\u00f3n, los datos del consumo aparente de los insumos mostraron en julio subas interanuales de 22,6% en pisos y revestimientos cer\u00e1micos; 18,4% en hormig\u00f3n elaborado; 16,9% en pinturas para construcci\u00f3n; 16,1% en art\u00edculos sanitarios de cer\u00e1mica; 13,8% en el resto de los insumos (incluye grifer\u00eda, tubos de acero sin costura y vidrio para construcci\u00f3n); 10,9% en placas de yeso; 9,9% en cemento portland; 8,6% en mosaicos gran\u00edticos y calc\u00e1reos; 7,8% en hierro redondo y aceros para la construcci\u00f3n; 6,9% en yeso; y 5,2% en cales.<\/p>\n<p>Por el contrario, durante el s\u00e9ptimo mes del a\u00f1o observaron bajas de 13,8% en asfalto; y 12,5% en ladrillos huecos.<\/p>\n<p>El informe del Indec precis\u00f3 adem\u00e1s que en junio -el mes previo- la superficie a construir, autorizada por los permisos de edificaci\u00f3n otorgados para la ejecuci\u00f3n de obras privadas en una n\u00f3mina representativa de 176 municipios, registr\u00f3 una suba de 4,0% con respecto al mismo mes del a\u00f1o anterior.<\/p>\n<p>De esta forma, la superficie autorizada acumulada durante los seis primeros meses de 2022 en su conjunto marc\u00f3 un ascenso de 2,9% con respecto al mismo per\u00edodo del a\u00f1o anterior.<\/p>\n<p>Por \u00faltimo, en la encuesta cualitativa realizada a empresarios del sector privado, el Indec se\u00f1al\u00f3 que la mayor\u00eda -67,8%- dijo que no espera mayores cambios en el nivel de actividad para los pr\u00f3ximos meses, mientras que el 20,3% dijo que continuar\u00e1 en alza y el 11,9% anticip\u00f3 la posibilidad de una merma.<\/p>\n<p>En tanto, entre los empresarios que se dedican mayormente a la obra p\u00fablica, 23,7% prev\u00e9 una suba, frente a un 28,9% que anticip\u00f3 una disminuci\u00f3n, mientras que el restante 47,4% dijo que la actividad se mantendr\u00e1.<\/p>\n<p>A la hora de identificar las pol\u00edticas que incentivar\u00edan al sector, las empresas que realizan principalmente obras privadas se\u00f1alan las pol\u00edticas destinadas a la estabilidad de los precios, 26,7%, y a los cr\u00e9ditos de la construcci\u00f3n, 26%, entre otras.<\/p>\n<p>Los empresarios de la construcci\u00f3n que realizan principalmente obras p\u00fablicas se inclinan por pol\u00edticas destinadas a la estabilidad de los precios, 33,9%, y a las cargas fiscales, 24,4%.<\/p>\n","protected":false},"excerpt":{"rendered":"<p>Los datos del Instituto Nacional de Estad\u00edstica y Censos corresponden a la comparaci\u00f3n con igual mes del a\u00f1o pasado para cada sector. Quince de las diecis\u00e9is divisiones de la industria manufacturera relevadas presentaron subas en el cotejo interanual.<\/p>\n","protected":false},"author":4,"featured_media":0,"comment_status":"closed","ping_status":"closed","sticky":false,"template":"","format":"standard","meta":{"_jetpack_newsletter_access":"","_jetpack_dont_email_post_to_subs":false,"_jetpack_newsletter_tier_id":0,"_jetpack_memberships_contains_paywalled_content":false,"_jetpack_memberships_contains_paid_content":false,"footnotes":""},"categories":[45],"tags":[],"class_list":["post-119309","post","type-post","status-publish","format-standard","hentry","category-economia"],"jetpack_featured_media_url":"","jetpack_shortlink":"https:\/\/wp.me\/p2JWE0-v2l","jetpack-related-posts":[{"id":116627,"url":"https:\/\/www.24baires.com\/?p=116627","url_meta":{"origin":119309,"position":0},"title":"La actividad industrial subi\u00f3 3,4% en septiembre despu\u00e9s de ocho meses de ca\u00edda","author":"AF","date":"05\/11\/2020","format":false,"excerpt":"El incremento se verific\u00f3 en relaci\u00f3n con el mismo per\u00edodo del a\u00f1o pasado, seg\u00fan inform\u00f3 el Instituto Nacional de Estad\u00edstica y Censo (Indec). La actividad industrial subi\u00f3 durante septiembre 3,4% en relaci\u00f3n a igual lapso del a\u00f1o pasado y quebr\u00f3 as\u00ed una racha de ocho meses consecutivos en baja en\u2026","rel":"","context":"En \u00abEconom\u00eda\u00bb","block_context":{"text":"Econom\u00eda","link":"https:\/\/www.24baires.com\/?cat=45"},"img":{"alt_text":"","src":"https:\/\/i0.wp.com\/www.24baires.com\/wp-content\/uploads\/2018\/05\/industriales.jpg?resize=350%2C200","width":350,"height":200,"srcset":"https:\/\/i0.wp.com\/www.24baires.com\/wp-content\/uploads\/2018\/05\/industriales.jpg?resize=350%2C200 1x, https:\/\/i0.wp.com\/www.24baires.com\/wp-content\/uploads\/2018\/05\/industriales.jpg?resize=525%2C300 1.5x"},"classes":[]},{"id":119071,"url":"https:\/\/www.24baires.com\/?p=119071","url_meta":{"origin":119309,"position":1},"title":"La actividad industrial subi\u00f3 11,9% en mayo y la construcci\u00f3n, 19,9%","author":"AF","date":"07\/07\/2022","format":false,"excerpt":"El informe del Instituto Nacional de Estad\u00edstica y Censos se\u00f1ala adem\u00e1s que, frente a abril, la actividad fabril tuvo una baja de 1,1%, en tanto la construcci\u00f3n tuvo un incremento de 0,4%. La actividad industrial registr\u00f3 en mayo una mejora de 11,9% respecto a igual mes del a\u00f1o pasado, mientras\u2026","rel":"","context":"En \u00abSociedad\u00bb","block_context":{"text":"Sociedad","link":"https:\/\/www.24baires.com\/?cat=1"},"img":{"alt_text":"","src":"https:\/\/i0.wp.com\/www.24baires.com\/wp-content\/uploads\/2021\/08\/industria-pandemia.jpg?resize=350%2C200","width":350,"height":200,"srcset":"https:\/\/i0.wp.com\/www.24baires.com\/wp-content\/uploads\/2021\/08\/industria-pandemia.jpg?resize=350%2C200 1x, https:\/\/i0.wp.com\/www.24baires.com\/wp-content\/uploads\/2021\/08\/industria-pandemia.jpg?resize=525%2C300 1.5x, https:\/\/i0.wp.com\/www.24baires.com\/wp-content\/uploads\/2021\/08\/industria-pandemia.jpg?resize=700%2C400 2x"},"classes":[]},{"id":119422,"url":"https:\/\/www.24baires.com\/?p=119422","url_meta":{"origin":119309,"position":2},"title":"La actividad industrial creci\u00f3 7,6% durante agosto y la construcci\u00f3n, 7,3%","author":"AF","date":"06\/10\/2022","format":false,"excerpt":"El dato del Instituto Nacional de Estad\u00edstica y Censos corresponde a la comparaci\u00f3n de los indicadores en relaci\u00f3n a igual mes de 2021. La actividad industrial creci\u00f3 7,6% durante agosto en relaci\u00f3n a igual mes de 2021, y registr\u00f3 un alza de 0,4% en comparaci\u00f3n con julio pasado, inform\u00f3 el\u2026","rel":"","context":"En \u00abEconom\u00eda\u00bb","block_context":{"text":"Econom\u00eda","link":"https:\/\/www.24baires.com\/?cat=45"},"img":{"alt_text":"","src":"https:\/\/i0.wp.com\/www.24baires.com\/wp-content\/uploads\/2013\/02\/indec.jpg?resize=350%2C200","width":350,"height":200,"srcset":"https:\/\/i0.wp.com\/www.24baires.com\/wp-content\/uploads\/2013\/02\/indec.jpg?resize=350%2C200 1x, https:\/\/i0.wp.com\/www.24baires.com\/wp-content\/uploads\/2013\/02\/indec.jpg?resize=525%2C300 1.5x, https:\/\/i0.wp.com\/www.24baires.com\/wp-content\/uploads\/2013\/02\/indec.jpg?resize=700%2C400 2x"},"classes":[]},{"id":120259,"url":"https:\/\/www.24baires.com\/?p=120259","url_meta":{"origin":119309,"position":3},"title":"La actividad industrial creci\u00f3 con un 1,1% interanual en mayo","author":"AF","date":"06\/07\/2023","format":false,"excerpt":"El informe del Instituto Nacional de Estad\u00edstica y Censos se\u00f1ala, adem\u00e1s, que la construcci\u00f3n present\u00f3 un retroceso del 2,9 % en el mismo per\u00edodo. La actividad industrial registr\u00f3 durante mayo un alza del 1,1 % en relaci\u00f3n a igual mes del a\u00f1o pasado, mientras que el sector de la construcci\u00f3n\u2026","rel":"","context":"En \u00abSociedad\u00bb","block_context":{"text":"Sociedad","link":"https:\/\/www.24baires.com\/?cat=1"},"img":{"alt_text":"","src":"https:\/\/i0.wp.com\/www.24baires.com\/wp-content\/uploads\/2023\/07\/industria.jpg?resize=350%2C200","width":350,"height":200,"srcset":"https:\/\/i0.wp.com\/www.24baires.com\/wp-content\/uploads\/2023\/07\/industria.jpg?resize=350%2C200 1x, https:\/\/i0.wp.com\/www.24baires.com\/wp-content\/uploads\/2023\/07\/industria.jpg?resize=525%2C300 1.5x, https:\/\/i0.wp.com\/www.24baires.com\/wp-content\/uploads\/2023\/07\/industria.jpg?resize=700%2C400 2x"},"classes":[]},{"id":117539,"url":"https:\/\/www.24baires.com\/?p=117539","url_meta":{"origin":119309,"position":4},"title":"La actividad industrial creci\u00f3 12,4% en el primer trimestre","author":"GB","date":"07\/05\/2021","format":false,"excerpt":"El Indec difundi\u00f3 que la actividad industrial arroj\u00f3 un crecimiento en los primeros tres meses del a\u00f1o. El Instituto Nacional de Estad\u00edstica y Censos (Indec) dio a conocer que la actividad industrial acumul\u00f3 un aumento del 12,4% en el primer trimestre del a\u00f1o. Al respecto, el ministro de Desarrollo Productivo\u2026","rel":"","context":"En \u00abLocales\u00bb","block_context":{"text":"Locales","link":"https:\/\/www.24baires.com\/?cat=38"},"img":{"alt_text":"","src":"https:\/\/i0.wp.com\/www.24baires.com\/wp-content\/uploads\/2018\/11\/industria.jpg?resize=350%2C200","width":350,"height":200,"srcset":"https:\/\/i0.wp.com\/www.24baires.com\/wp-content\/uploads\/2018\/11\/industria.jpg?resize=350%2C200 1x, https:\/\/i0.wp.com\/www.24baires.com\/wp-content\/uploads\/2018\/11\/industria.jpg?resize=525%2C300 1.5x"},"classes":[]},{"id":119251,"url":"https:\/\/www.24baires.com\/?p=119251","url_meta":{"origin":119309,"position":5},"title":"La actividad econ\u00f3mica creci\u00f3 un 6,4% durante junio","author":"AF","date":"23\/08\/2022","format":false,"excerpt":"La actividad econ\u00f3mica creci\u00f3 durante junio 6,4% en t\u00e9rminos interanuales, y 1,1% en comparaci\u00f3n a mayo, inform\u00f3 este martes el Instituto Nacional de Estad\u00edstica y Censos (Indec). El informe del Instituto Nacional de Estad\u00edstica y Censos se\u00f1ala adem\u00e1s que en referencia al mes anterior la suba fue del 1,1%. El\u2026","rel":"","context":"En \u00abEconom\u00eda\u00bb","block_context":{"text":"Econom\u00eda","link":"https:\/\/www.24baires.com\/?cat=45"},"img":{"alt_text":"","src":"https:\/\/i0.wp.com\/www.24baires.com\/wp-content\/uploads\/2022\/04\/industria-soldador.jpg?resize=350%2C200","width":350,"height":200,"srcset":"https:\/\/i0.wp.com\/www.24baires.com\/wp-content\/uploads\/2022\/04\/industria-soldador.jpg?resize=350%2C200 1x, https:\/\/i0.wp.com\/www.24baires.com\/wp-content\/uploads\/2022\/04\/industria-soldador.jpg?resize=525%2C300 1.5x, https:\/\/i0.wp.com\/www.24baires.com\/wp-content\/uploads\/2022\/04\/industria-soldador.jpg?resize=700%2C400 2x"},"classes":[]}],"jetpack_sharing_enabled":true,"jetpack_likes_enabled":true,"_links":{"self":[{"href":"https:\/\/www.24baires.com\/index.php?rest_route=\/wp\/v2\/posts\/119309","targetHints":{"allow":["GET"]}}],"collection":[{"href":"https:\/\/www.24baires.com\/index.php?rest_route=\/wp\/v2\/posts"}],"about":[{"href":"https:\/\/www.24baires.com\/index.php?rest_route=\/wp\/v2\/types\/post"}],"author":[{"embeddable":true,"href":"https:\/\/www.24baires.com\/index.php?rest_route=\/wp\/v2\/users\/4"}],"replies":[{"embeddable":true,"href":"https:\/\/www.24baires.com\/index.php?rest_route=%2Fwp%2Fv2%2Fcomments&post=119309"}],"version-history":[{"count":1,"href":"https:\/\/www.24baires.com\/index.php?rest_route=\/wp\/v2\/posts\/119309\/revisions"}],"predecessor-version":[{"id":119310,"href":"https:\/\/www.24baires.com\/index.php?rest_route=\/wp\/v2\/posts\/119309\/revisions\/119310"}],"wp:attachment":[{"href":"https:\/\/www.24baires.com\/index.php?rest_route=%2Fwp%2Fv2%2Fmedia&parent=119309"}],"wp:term":[{"taxonomy":"category","embeddable":true,"href":"https:\/\/www.24baires.com\/index.php?rest_route=%2Fwp%2Fv2%2Fcategories&post=119309"},{"taxonomy":"post_tag","embeddable":true,"href":"https:\/\/www.24baires.com\/index.php?rest_route=%2Fwp%2Fv2%2Ftags&post=119309"}],"curies":[{"name":"wp","href":"https:\/\/api.w.org\/{rel}","templated":true}]}}