{"id":119303,"date":"2022-09-07T10:51:58","date_gmt":"2022-09-07T13:51:58","guid":{"rendered":"http:\/\/www.24baires.com\/?p=119303"},"modified":"2022-09-07T17:59:16","modified_gmt":"2022-09-07T20:59:16","slug":"buscan-crear-un-regimen-de-pymes-y-reducirles-las-tasas-en-un-50","status":"publish","type":"post","link":"https:\/\/www.24baires.com\/?p=119303","title":{"rendered":"Buscan crear un r\u00e9gimen de Pymes y reducirles las tasas en un 50%"},"content":{"rendered":"<p><img data-recalc-dims=\"1\" loading=\"lazy\" decoding=\"async\" class=\"aligncenter wp-image-98081\" src=\"https:\/\/i0.wp.com\/www.24baires.com\/wp-content\/uploads\/2017\/10\/pyme.jpg?resize=720%2C480\" alt=\"\" width=\"720\" height=\"480\" srcset=\"https:\/\/i0.wp.com\/www.24baires.com\/wp-content\/uploads\/2017\/10\/pyme.jpg?w=560&amp;ssl=1 560w, https:\/\/i0.wp.com\/www.24baires.com\/wp-content\/uploads\/2017\/10\/pyme.jpg?resize=300%2C200&amp;ssl=1 300w\" sizes=\"auto, (max-width: 720px) 100vw, 720px\" \/><strong>MAR DEL PLATA<\/strong> &#8211; Se comienza a debatir este mi\u00e9rcoles en las comisiones internas del Concejo Deliberante. El proyecta busca quitas en las Tasa de inspecci\u00f3n, de habilitaci\u00f3n y eliminaci\u00f3n de tasas de publicidad<!--more--><\/p>\n<p>Los concejales que integran la comisi\u00f3n de Industria, Comercio, Pesca, Innovaci\u00f3n y Trabajo del Concejo Deliberante comenzar\u00e1n a debatir este mi\u00e9rcoles un proyecto de ordenanza que podr\u00eda beneficiar a las Pymes de la ciudad.<\/p>\n<p>El expediente busca crear un \u00abR\u00e9gimen de Promoci\u00f3n para PyME y Empresas de General Pueyrredon\u00bb que tendr\u00e1 como objetivo \u00abfomentar su establecimiento, consideraci\u00f3n y regularizaci\u00f3n, contribuyendo as\u00ed al aumento de actividades productivas, progreso econ\u00f3mico y a la creaci\u00f3n de nuevos puestos de trabajo\u00bb.<\/p>\n<p>En caso de que sea aprobado, las personas jur\u00eddicas que se inscriban podr\u00e1n \u00abacceder a la reducci\u00f3n del 50% de la Tasa de Inspecci\u00f3n, Seguridad e Higiene y a la Tasa de Habilitaci\u00f3n de nuevo local\u00bb. Adem\u00e1s, ser\u00e1n eximidas del pago de la Tasa de Publicidad y Propaganda por cartel propio.<\/p>\n<p>Por otro lado, se detalla que \u00abpodr\u00e1n acceder a los beneficios otorgados en el presente programa las personas humanas o jur\u00eddicas que desarrollen actividades econ\u00f3micas de todo tipo, sean comerciales, agropecuarias, primarias, industriales o de servicios en el \u00e1mbito del partido de General Pueyrredon sean empresas residentes o no\u00bb.<\/p>\n<p>Esta iniciativa abarcar\u00e1 a las nuevas Pymes como tambi\u00e9n a las que ya tengan 30 a\u00f1os de antig\u00fcedad. De esta manera, no quedar\u00e1n afuera del beneficio por m\u00e1s que ya est\u00e9n trabajando.<\/p>\n<p>\u00abImplementar garant\u00edas a las empresas y PyMES ya habilitadas en nuestro partido y las nuevas que se radiquen de no ser alcanzadas, ni sujetas a nuevas tasas de servicios, derechos o impuestos municipales ni incrementos de las mismas\u00bb, detalla el expediente que lleva la firma del concejal Alejandro Carrancio.<\/p>\n<p>Esta es la lista preliminar de las Pymes que podr\u00e1n pedir el beneficio en caso de que se aprube:<br \/>\nTodas las actividades establecidas en la Ley Nacional de Promoci\u00f3n de la Econom\u00eda del Conocimiento N\u00b0 27.570 y sus modificatorias y la Ley Provincial N\u00b0 15.339.<\/p>\n<p>Los servicios de Ingenier\u00eda, dise\u00f1o, consultor\u00eda tecnol\u00f3gica y asistencia t\u00e9cnica directamente relacionados con las actividades promovidas.<\/p>\n<p>Industrias y\/o servicios de dise\u00f1o, fabricaci\u00f3n de equipos y materiales para la generaci\u00f3n de energ\u00edas renovables.<\/p>\n","protected":false},"excerpt":{"rendered":"<p>MAR DEL PLATA &#8211; Se comienza a debatir este mi\u00e9rcoles en las comisiones internas del Concejo Deliberante. El proyecta busca quitas en las Tasa de inspecci\u00f3n, de habilitaci\u00f3n y eliminaci\u00f3n de tasas de publicidad<\/p>\n","protected":false},"author":8,"featured_media":0,"comment_status":"closed","ping_status":"closed","sticky":false,"template":"","format":"standard","meta":{"_jetpack_newsletter_access":"","_jetpack_dont_email_post_to_subs":false,"_jetpack_newsletter_tier_id":0,"_jetpack_memberships_contains_paywalled_content":false,"_jetpack_memberships_contains_paid_content":false,"footnotes":""},"categories":[45],"tags":[],"class_list":["post-119303","post","type-post","status-publish","format-standard","hentry","category-economia"],"jetpack_featured_media_url":"","jetpack_shortlink":"https:\/\/wp.me\/p2JWE0-v2f","jetpack-related-posts":[{"id":102067,"url":"https:\/\/www.24baires.com\/?p=102067","url_meta":{"origin":119303,"position":0},"title":"Gay busca congelar una tasa municipal hasta diciembre de 2023","author":"GB","date":"10\/05\/2018","format":false,"excerpt":"Elev\u00f3 un proyecto al HCD de Bah\u00eda Blanca para suspender hasta ese a\u00f1o los aumentos en la Tasa de Seguridad e Higiene. En el marco del debate en la Legislatura sbre la reducci\u00f3n de impuestos municipales en las facturas de servicios p\u00fablicos, el intendente de Bah\u00eda Blanca, H\u00e9ctor Gay, anunci\u00f3\u2026","rel":"","context":"En \u00abMunicipios\u00bb","block_context":{"text":"Municipios","link":"https:\/\/www.24baires.com\/?cat=44"},"img":{"alt_text":"","src":"https:\/\/i0.wp.com\/www.24baires.com\/wp-content\/uploads\/2016\/06\/gay-bah%C3%ACa-blanca.jpg?resize=350%2C200","width":350,"height":200,"srcset":"https:\/\/i0.wp.com\/www.24baires.com\/wp-content\/uploads\/2016\/06\/gay-bah%C3%ACa-blanca.jpg?resize=350%2C200 1x, https:\/\/i0.wp.com\/www.24baires.com\/wp-content\/uploads\/2016\/06\/gay-bah%C3%ACa-blanca.jpg?resize=525%2C300 1.5x"},"classes":[]},{"id":103819,"url":"https:\/\/www.24baires.com\/?p=103819","url_meta":{"origin":119303,"position":1},"title":"Ramallo aprob\u00f3 una ordenanza que penaliza a las empresas que despidan personal sin justificaci\u00f3n","author":"GB","date":"11\/08\/2018","format":false,"excerpt":"La legislaci\u00f3n quintuplica la tasa de seguridad e higiene por cada trabajador despedido y establece un fondo de asistencia para los despidos. Hace dos semanas la aceitera Bunge despidi\u00f3 a 84 trabajadores. El intendente Mauro Pelloti decidi\u00f3 blindar al municipio de Ramallo contra los despidos. La iniciativa surgi\u00f3 como consecuencia\u2026","rel":"","context":"En \u00abMunicipios\u00bb","block_context":{"text":"Municipios","link":"https:\/\/www.24baires.com\/?cat=44"},"img":{"alt_text":"","src":"https:\/\/i0.wp.com\/www.24baires.com\/wp-content\/uploads\/2018\/08\/empresa.jpg?resize=350%2C200","width":350,"height":200,"srcset":"https:\/\/i0.wp.com\/www.24baires.com\/wp-content\/uploads\/2018\/08\/empresa.jpg?resize=350%2C200 1x, https:\/\/i0.wp.com\/www.24baires.com\/wp-content\/uploads\/2018\/08\/empresa.jpg?resize=525%2C300 1.5x"},"classes":[]},{"id":101856,"url":"https:\/\/www.24baires.com\/?p=101856","url_meta":{"origin":119303,"position":2},"title":"El Concejo aprob\u00f3 el aumento de tasas en Mar del Plata","author":"GB","date":"27\/04\/2018","format":false,"excerpt":"La medida se aprob\u00f3 por mayor\u00eda luego de una sesi\u00f3n caliente En una sesi\u00f3n que comenz\u00f3 m\u00e1s tarde de lo previsto y donde no faltaron los cruces entre los concejales de distintos bloques, este jueves se aprob\u00f3 en el Concejo Deliberante el aumento de tasas, tras la asamblea de mayores\u2026","rel":"","context":"En \u00abMunicipios\u00bb","block_context":{"text":"Municipios","link":"https:\/\/www.24baires.com\/?cat=44"},"img":{"alt_text":"","src":"https:\/\/i0.wp.com\/www.24baires.com\/wp-content\/uploads\/2015\/02\/municipio-mar-del-plata.jpg?resize=350%2C200","width":350,"height":200,"srcset":"https:\/\/i0.wp.com\/www.24baires.com\/wp-content\/uploads\/2015\/02\/municipio-mar-del-plata.jpg?resize=350%2C200 1x, https:\/\/i0.wp.com\/www.24baires.com\/wp-content\/uploads\/2015\/02\/municipio-mar-del-plata.jpg?resize=525%2C300 1.5x"},"classes":[]},{"id":121497,"url":"https:\/\/www.24baires.com\/?p=121497","url_meta":{"origin":119303,"position":3},"title":"Olavarr\u00eda podr\u00eda sumarse al RIGI nacional","author":"GB","date":"02\/08\/2024","format":false,"excerpt":"Dos proyectos fueron presentados en el Honorable Concejo Deliberante de Olavarr\u00eda para debatir la adhesi\u00f3n al R\u00e9gimen de Incentivo a las Grandes Inversiones, promovido por el Gobierno nacional. En las \u00faltimas horas, ingresaron al Honorable Concejo Deliberante de Olavarr\u00eda dos propuestas para debatir la adhesi\u00f3n del municipio al R\u00e9gimen de\u2026","rel":"","context":"En \u00abMunicipios\u00bb","block_context":{"text":"Municipios","link":"https:\/\/www.24baires.com\/?cat=44"},"img":{"alt_text":"","src":"https:\/\/i0.wp.com\/www.24baires.com\/wp-content\/uploads\/2024\/08\/olavarria-hcd.webp?resize=350%2C200","width":350,"height":200,"srcset":"https:\/\/i0.wp.com\/www.24baires.com\/wp-content\/uploads\/2024\/08\/olavarria-hcd.webp?resize=350%2C200 1x, https:\/\/i0.wp.com\/www.24baires.com\/wp-content\/uploads\/2024\/08\/olavarria-hcd.webp?resize=525%2C300 1.5x, https:\/\/i0.wp.com\/www.24baires.com\/wp-content\/uploads\/2024\/08\/olavarria-hcd.webp?resize=700%2C400 2x"},"classes":[]},{"id":92351,"url":"https:\/\/www.24baires.com\/?p=92351","url_meta":{"origin":119303,"position":4},"title":"El oficialismo busca aprobar las modificaciones a las ART","author":"AF","date":"13\/02\/2017","format":false,"excerpt":"El oficialismo en la C\u00e1mara de Diputados busca este lunes emitir dictamen de comisi\u00f3n sobre el proyecto aprobado por el Senado que establece cambios en el r\u00e9gimen de Aseguradoras de Riesgo del Trabajo (ART) y el mi\u00e9rcoles debatirlo en el recinto, en el marco de la convocatoria a sesiones extraordinarias\u2026","rel":"","context":"En \u00abPol\u00edtica\u00bb","block_context":{"text":"Pol\u00edtica","link":"https:\/\/www.24baires.com\/?cat=51"},"img":{"alt_text":"","src":"https:\/\/i0.wp.com\/www.24baires.com\/wp-content\/uploads\/2012\/12\/congreso-nacional.jpg?resize=350%2C200","width":350,"height":200},"classes":[]},{"id":121884,"url":"https:\/\/www.24baires.com\/?p=121884","url_meta":{"origin":119303,"position":5},"title":"25 de mayo busca adherir al RIGI nacional","author":"GB","date":"04\/12\/2024","format":false,"excerpt":"El intendente envi\u00f3 un proyecto al Concejo Deliberante para que el distrito se sume al R\u00e9gimen de Incentivo para Grandes Inversiones (RIGI) de Javier Milei. El intendente de 25 de Mayo, Ramiro Eg\u00fcen (GEN), envi\u00f3 en las \u00faltimas horas un proyecto de ordenanza al Concejo Deliberante para que el municipio\u2026","rel":"","context":"En \u00abMunicipios\u00bb","block_context":{"text":"Municipios","link":"https:\/\/www.24baires.com\/?cat=44"},"img":{"alt_text":"","src":"https:\/\/i0.wp.com\/www.24baires.com\/wp-content\/uploads\/2024\/12\/rigi-bonaerense.webp?resize=350%2C200","width":350,"height":200,"srcset":"https:\/\/i0.wp.com\/www.24baires.com\/wp-content\/uploads\/2024\/12\/rigi-bonaerense.webp?resize=350%2C200 1x, https:\/\/i0.wp.com\/www.24baires.com\/wp-content\/uploads\/2024\/12\/rigi-bonaerense.webp?resize=525%2C300 1.5x, https:\/\/i0.wp.com\/www.24baires.com\/wp-content\/uploads\/2024\/12\/rigi-bonaerense.webp?resize=700%2C400 2x"},"classes":[]}],"jetpack_sharing_enabled":true,"jetpack_likes_enabled":true,"_links":{"self":[{"href":"https:\/\/www.24baires.com\/index.php?rest_route=\/wp\/v2\/posts\/119303","targetHints":{"allow":["GET"]}}],"collection":[{"href":"https:\/\/www.24baires.com\/index.php?rest_route=\/wp\/v2\/posts"}],"about":[{"href":"https:\/\/www.24baires.com\/index.php?rest_route=\/wp\/v2\/types\/post"}],"author":[{"embeddable":true,"href":"https:\/\/www.24baires.com\/index.php?rest_route=\/wp\/v2\/users\/8"}],"replies":[{"embeddable":true,"href":"https:\/\/www.24baires.com\/index.php?rest_route=%2Fwp%2Fv2%2Fcomments&post=119303"}],"version-history":[{"count":2,"href":"https:\/\/www.24baires.com\/index.php?rest_route=\/wp\/v2\/posts\/119303\/revisions"}],"predecessor-version":[{"id":119306,"href":"https:\/\/www.24baires.com\/index.php?rest_route=\/wp\/v2\/posts\/119303\/revisions\/119306"}],"wp:attachment":[{"href":"https:\/\/www.24baires.com\/index.php?rest_route=%2Fwp%2Fv2%2Fmedia&parent=119303"}],"wp:term":[{"taxonomy":"category","embeddable":true,"href":"https:\/\/www.24baires.com\/index.php?rest_route=%2Fwp%2Fv2%2Fcategories&post=119303"},{"taxonomy":"post_tag","embeddable":true,"href":"https:\/\/www.24baires.com\/index.php?rest_route=%2Fwp%2Fv2%2Ftags&post=119303"}],"curies":[{"name":"wp","href":"https:\/\/api.w.org\/{rel}","templated":true}]}}