{"id":119251,"date":"2022-08-23T20:09:43","date_gmt":"2022-08-23T23:09:43","guid":{"rendered":"http:\/\/www.24baires.com\/?p=119251"},"modified":"2022-08-23T20:09:43","modified_gmt":"2022-08-23T23:09:43","slug":"la-actividad-economica-crecio-un-64-durante-junio","status":"publish","type":"post","link":"https:\/\/www.24baires.com\/?p=119251","title":{"rendered":"La actividad econ\u00f3mica creci\u00f3 un 6,4% durante junio"},"content":{"rendered":"<p><img data-recalc-dims=\"1\" loading=\"lazy\" decoding=\"async\" class=\"aligncenter wp-image-118784\" src=\"https:\/\/i0.wp.com\/www.24baires.com\/wp-content\/uploads\/2022\/04\/industria-soldador.jpg?resize=720%2C405\" alt=\"\" width=\"720\" height=\"405\" srcset=\"https:\/\/i0.wp.com\/www.24baires.com\/wp-content\/uploads\/2022\/04\/industria-soldador.jpg?w=900&amp;ssl=1 900w, https:\/\/i0.wp.com\/www.24baires.com\/wp-content\/uploads\/2022\/04\/industria-soldador.jpg?resize=300%2C169&amp;ssl=1 300w, https:\/\/i0.wp.com\/www.24baires.com\/wp-content\/uploads\/2022\/04\/industria-soldador.jpg?resize=768%2C432&amp;ssl=1 768w\" sizes=\"auto, (max-width: 720px) 100vw, 720px\" \/>La actividad econ\u00f3mica creci\u00f3 durante junio 6,4% en t\u00e9rminos interanuales, y 1,1% en comparaci\u00f3n a mayo, inform\u00f3 este martes el Instituto Nacional de Estad\u00edstica y Censos (Indec).<!--more--><\/p>\n<p>El informe del Instituto Nacional de Estad\u00edstica y Censos se\u00f1ala adem\u00e1s que en referencia al mes anterior la suba fue del 1,1%. El EMAE acumula un alza del 6,3% en relaci\u00f3n a igual per\u00edodo de 2021.<\/p>\n<p>De esta manera, el Estimador Mensual de la Actividad Econ\u00f3mica (EMAE), acumul\u00f3 durante el primer semestre del a\u00f1o un alza del 6,3% en relaci\u00f3n a igual per\u00edodo de 2021.<\/p>\n<p>En junio, el EMAE present\u00f3 alzas interanuales en 14 de los sectores de actividad relevados, entre los que se destac\u00f3 el rubro Hoteles y restaurantes, con un incremento del 39,2%; Explotaci\u00f3n de minas y canteras, 14,2%; y Transporte y comunicaciones, 10,8%.<\/p>\n<p>Otras subas se registraron en el sector Comercio mayorista, minorista y reparaciones, con una mejora de 8,4%; Industria manufacturera, 6,2%; y Transporte y comunicaciones, 10,8%.<\/p>\n<p>Por su parte, el sector Agricultura fue el \u00fanico que registr\u00f3 una ca\u00edda en junio en la comparaci\u00f3n interanual, con una merma de 4,9%.<\/p>\n<p>En lo que respecta a los meses siguientes, estimaciones oficiales apuntaron a que durante julio la industria creci\u00f3 3,5%.<\/p>\n<p>\u00abJulio fue un mes de turbulencia financiera y cambiaria. Aun as\u00ed, la industria creci\u00f3 3,5% en la comparaci\u00f3n interanual\u00bb, puntualiz\u00f3 el \u00edndice adelantado de actividad industrial que elabora el Centro de Estudios para la Producci\u00f3n (CEP XXI), dependiente del Ministerio de Econom\u00eda.<\/p>\n<p>Ante estos resultados, el secretario de Industria, Jos\u00e9 Ignacio de Mendiguren, indic\u00f3 que \u00abel objetivo es ordenar las variables macro sosteniendo el nivel de actividad, la producci\u00f3n y el empleo\u00bb.<\/p>\n<p>La producci\u00f3n industrial \u00abcreci\u00f3 3,5% interanual en julio, con un mayor consumo en plantas de las industrias m\u00e1s relevantes, salvo tabaco, productos de metal, otro equipo de transporte y alimentos\u00bb, adelant\u00f3 el CEP XXI.<\/p>\n<p>En la misma l\u00ednea, proyect\u00f3 que la actividad de la construcci\u00f3n continu\u00f3 en julio operando \u00aben m\u00e1ximos hist\u00f3ricos\u00bb.<\/p>\n<p>En tanto, la actividad en la industria automotriz fue \u00abla mayor desde 2015\u00bb para el s\u00e9ptimo mes del a\u00f1o.<\/p>\n<p>El \u00edndice adelantado de actividad industrial que elabora el CEP anticipa la evoluci\u00f3n de los principales indicadores de la actividad productiva tomando como insumo el consumo de energ\u00eda en las principales ramas industriales.<\/p>\n<p>De Mendiguren asegur\u00f3 que el plan del ministro de Econom\u00eda, Sergio Massa, apunta a \u00abpreservar el poder adquisitivo\u00bb de la poblaci\u00f3n, al tiempo que sostuvo que \u00abtodos los problemas de Argentina tienen una sola salida, que es el crecimiento econ\u00f3mico\u00bb.<\/p>\n<p>\u00abVamos a buscar equilibrio fiscal, mantener y recuperar el nivel de actividad en un plan que lleve a preservar el poder adquisitivo, que es el motor del mercado interno\u00bb, expres\u00f3 De Mendiguren en declaraciones a radio AM750.<\/p>\n<p>El funcionario remarc\u00f3 que si bien el ordenamiento fiscal es el eje de trabajo del Palacio de Hacienda, hay una \u00abdecisi\u00f3n pol\u00edtica de mantener el poder adquisitivo del salario\u00bb.<\/p>\n<p>\u00abLa idea es crecer con valor agregado, no con crecimiento primarizado porque el mundo nos quiere como proveedor de materias primas y recursos naturales\u00bb, explic\u00f3 el funcionario.<\/p>\n","protected":false},"excerpt":{"rendered":"<p>La actividad econ\u00f3mica creci\u00f3 durante junio 6,4% en t\u00e9rminos interanuales, y 1,1% en comparaci\u00f3n a mayo, inform\u00f3 este martes el Instituto Nacional de Estad\u00edstica y Censos (Indec).<\/p>\n","protected":false},"author":4,"featured_media":0,"comment_status":"closed","ping_status":"closed","sticky":false,"template":"","format":"standard","meta":{"_jetpack_newsletter_access":"","_jetpack_dont_email_post_to_subs":false,"_jetpack_newsletter_tier_id":0,"_jetpack_memberships_contains_paywalled_content":false,"_jetpack_memberships_contains_paid_content":false,"footnotes":""},"categories":[45],"tags":[],"class_list":["post-119251","post","type-post","status-publish","format-standard","hentry","category-economia"],"jetpack_featured_media_url":"","jetpack_shortlink":"https:\/\/wp.me\/p2JWE0-v1p","jetpack-related-posts":[{"id":118075,"url":"https:\/\/www.24baires.com\/?p=118075","url_meta":{"origin":119251,"position":0},"title":"Seg\u00fan el Indec en julio la actividad econ\u00f3mica creci\u00f3 11,7%","author":"GB","date":"30\/09\/2021","format":false,"excerpt":"Seg\u00fan se\u00f1al\u00f3 el Gobierno en un comunicado, la actividad econ\u00f3mica \u201cse ubica en niveles pre-pandemia\u201d. La actividad econ\u00f3mica creci\u00f3 un 0,8% en julio, respecto de junio de este mismo a\u00f1o, seg\u00fan inform\u00f3 este martes el Instituto Nacional de Estad\u00edstica y Censos (INDEC). Con respecto al mismo mes de 2020, el\u2026","rel":"","context":"En \u00abEconom\u00eda\u00bb","block_context":{"text":"Econom\u00eda","link":"https:\/\/www.24baires.com\/?cat=45"},"img":{"alt_text":"","src":"https:\/\/i0.wp.com\/www.24baires.com\/wp-content\/uploads\/2013\/02\/indec-300x225.jpg?resize=350%2C200","width":350,"height":200},"classes":[]},{"id":118493,"url":"https:\/\/www.24baires.com\/?p=118493","url_meta":{"origin":119251,"position":1},"title":"La actividad econ\u00f3mica registr\u00f3 un aumento del 10,3% en once meses","author":"AF","date":"25\/01\/2022","format":false,"excerpt":"Seg\u00fan inform\u00f3 el Indec, el Estimador Mensual de la Actividad Econ\u00f3mica (EMAE) registr\u00f3 en noviembre un alza del 1,7% frente a octubre pasado y de esta forma acumul\u00f3 una suba del 10,3 % en los primeros once meses del a\u00f1o pasado. La actividad econ\u00f3mica creci\u00f3 en noviembre 9,3% en relaci\u00f3n\u2026","rel":"","context":"En \u00abEconom\u00eda\u00bb","block_context":{"text":"Econom\u00eda","link":"https:\/\/www.24baires.com\/?cat=45"},"img":{"alt_text":"","src":"https:\/\/i0.wp.com\/www.24baires.com\/wp-content\/uploads\/2021\/12\/industria.jpg?resize=350%2C200","width":350,"height":200,"srcset":"https:\/\/i0.wp.com\/www.24baires.com\/wp-content\/uploads\/2021\/12\/industria.jpg?resize=350%2C200 1x, https:\/\/i0.wp.com\/www.24baires.com\/wp-content\/uploads\/2021\/12\/industria.jpg?resize=525%2C300 1.5x"},"classes":[]},{"id":32593,"url":"https:\/\/www.24baires.com\/?p=32593","url_meta":{"origin":119251,"position":2},"title":"Seg\u00fan el INDEC, la econom\u00eda creci\u00f3 5,1 % en julio","author":"AF","date":"27\/09\/2013","format":false,"excerpt":"El alza es respecto a igual mes del a\u00f1o pasado. Las claves volvieron a estar en la vigorosa producci\u00f3n automotriz (alza interanual del 8,2 %) y la mayor cosecha de soja. La actividad econ\u00f3mica creci\u00f3 durante julio 5,7 % en relaci\u00f3n a igual mes del 2012, merced al buen desempe\u00f1o\u2026","rel":"","context":"En \u00abEconom\u00eda\u00bb","block_context":{"text":"Econom\u00eda","link":"https:\/\/www.24baires.com\/?cat=45"},"img":{"alt_text":"parque industrial","src":"https:\/\/i0.wp.com\/www.24baires.com\/wp-content\/uploads\/2013\/01\/parque-industrial-300x225.jpg?resize=350%2C200","width":350,"height":200},"classes":[]},{"id":118378,"url":"https:\/\/www.24baires.com\/?p=118378","url_meta":{"origin":119251,"position":3},"title":"La actividad econ\u00f3mica creci\u00f3 en octubre 6,7% y acumula un 10,4% en 2021","author":"AF","date":"23\/12\/2021","format":false,"excerpt":"Entre enero y octubre el aumento del Producto Interno Bruto fue de 10,4% con relaci\u00f3n a igual per\u00edodo del a\u00f1o pasado, se\u00f1ala el informe del Instituto Nacional de Estad\u00edsticas y Censos. El Estimador Mensual de Actividad (EMAE) registr\u00f3 en octubre un crecimiento en t\u00e9rminos interanuales de 6,7%, inform\u00f3 este jueves\u2026","rel":"","context":"En \u00abEconom\u00eda\u00bb","block_context":{"text":"Econom\u00eda","link":"https:\/\/www.24baires.com\/?cat=45"},"img":{"alt_text":"","src":"https:\/\/i0.wp.com\/www.24baires.com\/wp-content\/uploads\/2021\/12\/industria.jpg?resize=350%2C200","width":350,"height":200,"srcset":"https:\/\/i0.wp.com\/www.24baires.com\/wp-content\/uploads\/2021\/12\/industria.jpg?resize=350%2C200 1x, https:\/\/i0.wp.com\/www.24baires.com\/wp-content\/uploads\/2021\/12\/industria.jpg?resize=525%2C300 1.5x"},"classes":[]},{"id":119422,"url":"https:\/\/www.24baires.com\/?p=119422","url_meta":{"origin":119251,"position":4},"title":"La actividad industrial creci\u00f3 7,6% durante agosto y la construcci\u00f3n, 7,3%","author":"AF","date":"06\/10\/2022","format":false,"excerpt":"El dato del Instituto Nacional de Estad\u00edstica y Censos corresponde a la comparaci\u00f3n de los indicadores en relaci\u00f3n a igual mes de 2021. La actividad industrial creci\u00f3 7,6% durante agosto en relaci\u00f3n a igual mes de 2021, y registr\u00f3 un alza de 0,4% en comparaci\u00f3n con julio pasado, inform\u00f3 el\u2026","rel":"","context":"En \u00abEconom\u00eda\u00bb","block_context":{"text":"Econom\u00eda","link":"https:\/\/www.24baires.com\/?cat=45"},"img":{"alt_text":"","src":"https:\/\/i0.wp.com\/www.24baires.com\/wp-content\/uploads\/2013\/02\/indec.jpg?resize=350%2C200","width":350,"height":200,"srcset":"https:\/\/i0.wp.com\/www.24baires.com\/wp-content\/uploads\/2013\/02\/indec.jpg?resize=350%2C200 1x, https:\/\/i0.wp.com\/www.24baires.com\/wp-content\/uploads\/2013\/02\/indec.jpg?resize=525%2C300 1.5x, https:\/\/i0.wp.com\/www.24baires.com\/wp-content\/uploads\/2013\/02\/indec.jpg?resize=700%2C400 2x"},"classes":[]},{"id":118783,"url":"https:\/\/www.24baires.com\/?p=118783","url_meta":{"origin":119251,"position":5},"title":"Seg\u00fan el Indec, la actividad econ\u00f3mica creci\u00f3 9,1% interanual durante febrero","author":"AF","date":"21\/04\/2022","format":false,"excerpt":"La suba se da respecto a igual mes del a\u00f1o pasado, inform\u00f3 el Instituto Nacional de Estad\u00edstica y Censos (Indec). En tanto, el Estimador Mensual de la Actividad Econ\u00f3mica registr\u00f3 en febrero un aumento del.1,8% en relaci\u00f3n a enero. El nivel de actividad econ\u00f3mica creci\u00f3 9,1% en febrero respecto a\u2026","rel":"","context":"En \u00abEconom\u00eda\u00bb","block_context":{"text":"Econom\u00eda","link":"https:\/\/www.24baires.com\/?cat=45"},"img":{"alt_text":"","src":"https:\/\/i0.wp.com\/www.24baires.com\/wp-content\/uploads\/2022\/04\/industria-soldador.jpg?resize=350%2C200","width":350,"height":200,"srcset":"https:\/\/i0.wp.com\/www.24baires.com\/wp-content\/uploads\/2022\/04\/industria-soldador.jpg?resize=350%2C200 1x, https:\/\/i0.wp.com\/www.24baires.com\/wp-content\/uploads\/2022\/04\/industria-soldador.jpg?resize=525%2C300 1.5x, https:\/\/i0.wp.com\/www.24baires.com\/wp-content\/uploads\/2022\/04\/industria-soldador.jpg?resize=700%2C400 2x"},"classes":[]}],"jetpack_sharing_enabled":true,"jetpack_likes_enabled":true,"_links":{"self":[{"href":"https:\/\/www.24baires.com\/index.php?rest_route=\/wp\/v2\/posts\/119251","targetHints":{"allow":["GET"]}}],"collection":[{"href":"https:\/\/www.24baires.com\/index.php?rest_route=\/wp\/v2\/posts"}],"about":[{"href":"https:\/\/www.24baires.com\/index.php?rest_route=\/wp\/v2\/types\/post"}],"author":[{"embeddable":true,"href":"https:\/\/www.24baires.com\/index.php?rest_route=\/wp\/v2\/users\/4"}],"replies":[{"embeddable":true,"href":"https:\/\/www.24baires.com\/index.php?rest_route=%2Fwp%2Fv2%2Fcomments&post=119251"}],"version-history":[{"count":1,"href":"https:\/\/www.24baires.com\/index.php?rest_route=\/wp\/v2\/posts\/119251\/revisions"}],"predecessor-version":[{"id":119252,"href":"https:\/\/www.24baires.com\/index.php?rest_route=\/wp\/v2\/posts\/119251\/revisions\/119252"}],"wp:attachment":[{"href":"https:\/\/www.24baires.com\/index.php?rest_route=%2Fwp%2Fv2%2Fmedia&parent=119251"}],"wp:term":[{"taxonomy":"category","embeddable":true,"href":"https:\/\/www.24baires.com\/index.php?rest_route=%2Fwp%2Fv2%2Fcategories&post=119251"},{"taxonomy":"post_tag","embeddable":true,"href":"https:\/\/www.24baires.com\/index.php?rest_route=%2Fwp%2Fv2%2Ftags&post=119251"}],"curies":[{"name":"wp","href":"https:\/\/api.w.org\/{rel}","templated":true}]}}