{"id":11924,"date":"2013-01-12T10:45:35","date_gmt":"2013-01-12T13:45:35","guid":{"rendered":"http:\/\/www.24baires.com\/?p=11924"},"modified":"2013-01-12T12:15:50","modified_gmt":"2013-01-12T15:15:50","slug":"mar-del-plata-pimpinela-miranda-y-los-amados-cantaron-gratis-para-mas-de-150-mil-personas","status":"publish","type":"post","link":"https:\/\/www.24baires.com\/?p=11924","title":{"rendered":"Pimpinela, Miranda y Los Amados cantaron gratis para m\u00e1s de 150 mil personas"},"content":{"rendered":"<p><strong>MAR DEL PLATA &#8211;<\/strong> El masivo festival tuvo lugar en la noche del viernes, en el marco del ciclo de espect\u00e1culos gratuitos que organiza el Gobierno provincial en distintos destinos tur\u00edsticos de la Costa Atl\u00e1ntica. Todos los artistas fueron reconocidos con el premio \u00abBuenos Aires Arena\u00bb. <!--more--><br \/>\nM\u00e1s de 150 mil personas disfrutaron en la noche de este viernes de un mega recital gratuito en el Paseo Hermitage de Mar del Plata, en el que se presentaron el reconocido d\u00fao \u201cPimpinela\u201d y los grupos \u201cMiranda\u201d y \u201cLos Amados\u201d, en el marco del ciclo de espect\u00e1culos gratuitos que organiza el Gobierno provincial en distintos destinos tur\u00edsticos de la Costa Atl\u00e1ntica.<\/p>\n<p>Durante el encuentro, los hermanos Luc\u00eda y Joaqu\u00edn Gal\u00e1n compartieron por primera vez un escenario con sus hijos, Luc\u00eda y Francisco, respectivamente, donde cantaron \u201cLo mejor que la vida me dio\u201d, un tema compuesto por los cuatro y que forma parte de su nuevo \u00e1lbum.<\/p>\n<p>Adem\u00e1s, los \u201cPimpinela\u201d interpretaron sus grandes \u00e9xitos como para celebrar sus 30 a\u00f1os de carrera y presentaron las nuevas canciones de su nuevo disco<\/p>\n<p>\u201cEstamos Todos Locos\u201d. Miranda, por su parte, hizo bailar al p\u00fablico con los temas Yo te dir\u00e9, Traici\u00f3n, Don y El Profe, entre otros.<\/p>\n<p>Al cierre del evento, que fue posible gracias al apoyo de empresas privadas, el gobernador Daniel Scioli, junto a su esposa Karina Rabolini, distingui\u00f3 a los artistas con el premio \u201cBuenos Aires Arena\u201d, en lo que fue una gran fiesta frente al mar para toda la familia.<\/p>\n<p><a href=\"http:\/\/www.24baires.com\/sociedad\/11924-mar-del-plata-pimpinela-miranda-y-los-amados-cantaron-gratis-para-mas-de-150-mil-personas\/attachment\/show-mdp-11-01\/\" rel=\"attachment wp-att-11925\"><img data-recalc-dims=\"1\" loading=\"lazy\" decoding=\"async\" class=\"aligncenter size-full wp-image-11925\" alt=\"show mdp 11 01\" src=\"https:\/\/i0.wp.com\/www.24baires.com\/wp-content\/uploads\/2013\/01\/show-mdp-11-01.jpg?resize=500%2C375\" width=\"500\" height=\"375\" srcset=\"https:\/\/i0.wp.com\/www.24baires.com\/wp-content\/uploads\/2013\/01\/show-mdp-11-01.jpg?w=500&amp;ssl=1 500w, https:\/\/i0.wp.com\/www.24baires.com\/wp-content\/uploads\/2013\/01\/show-mdp-11-01.jpg?resize=300%2C225&amp;ssl=1 300w\" sizes=\"auto, (max-width: 500px) 100vw, 500px\" \/><\/a><\/p>\n<p>&nbsp;<\/p>\n<p>&nbsp;<\/p>\n<p>&nbsp;<\/p>\n<p>&nbsp;<\/p>\n<p>&nbsp;<\/p>\n<p>&nbsp;<\/p>\n<p>&nbsp;<\/p>\n<p>&nbsp;<\/p>\n<p>&nbsp;<\/p>\n<p>&nbsp;<\/p>\n<p>&nbsp;<\/p>\n<p>&nbsp;<\/p>\n<p>&nbsp;<\/p>\n<p>&nbsp;<\/p>\n<p>&nbsp;<\/p>\n<p>&nbsp;<\/p>\n<p>&nbsp;<\/p>\n","protected":false},"excerpt":{"rendered":"<p>MAR DEL PLATA &#8211; El masivo festival tuvo lugar en la noche del viernes, en el marco del ciclo de espect\u00e1culos gratuitos que organiza el Gobierno provincial en distintos destinos tur\u00edsticos de la Costa Atl\u00e1ntica. Todos los artistas fueron reconocidos con el premio \u00abBuenos Aires Arena\u00bb.<\/p>\n","protected":false},"author":4,"featured_media":0,"comment_status":"open","ping_status":"open","sticky":false,"template":"","format":"standard","meta":{"_jetpack_newsletter_access":"","_jetpack_dont_email_post_to_subs":false,"_jetpack_newsletter_tier_id":0,"_jetpack_memberships_contains_paywalled_content":false,"_jetpack_memberships_contains_paid_content":false,"footnotes":""},"categories":[1],"tags":[],"class_list":["post-11924","post","type-post","status-publish","format-standard","hentry","category-sociedad"],"jetpack_featured_media_url":"","jetpack_shortlink":"https:\/\/wp.me\/p2JWE0-36k","jetpack-related-posts":[{"id":10593,"url":"https:\/\/www.24baires.com\/?p=10593","url_meta":{"origin":11924,"position":0},"title":"Verano cargado de shows en la Costa bonaerense","author":"AF","date":"27\/12\/2012","format":false,"excerpt":"Durante la pr\u00f3xima temporada estival numerosos artistas recorrer\u00e1n las costas de la Provincia llevando sus shows y su m\u00fasica gratuitamente.\u00a0 Vicentico, Kevin Johansen, Los Tipitos, Nacha Guevara y Alberto Favero, Catupecu Machu, Fabiana Cantilo, Hilda Lizarazu y Estelares, son algunas de las bandas y solistas que ofrecer\u00e1n recitales gratuitos en\u2026","rel":"","context":"En \u00abArte &amp; Cultura\u00bb","block_context":{"text":"Arte &amp; Cultura","link":"https:\/\/www.24baires.com\/?cat=53"},"img":{"alt_text":"recital playa 1","src":"https:\/\/i0.wp.com\/www.24baires.com\/wp-content\/uploads\/2012\/12\/recital-playa-1.jpg?resize=350%2C200","width":350,"height":200,"srcset":"https:\/\/i0.wp.com\/www.24baires.com\/wp-content\/uploads\/2012\/12\/recital-playa-1.jpg?resize=350%2C200 1x, https:\/\/i0.wp.com\/www.24baires.com\/wp-content\/uploads\/2012\/12\/recital-playa-1.jpg?resize=525%2C300 1.5x"},"classes":[]},{"id":37409,"url":"https:\/\/www.24baires.com\/?p=37409","url_meta":{"origin":11924,"position":1},"title":"Aseguran que las reservas en la Costa superan las del a\u00f1o pasado","author":"GB","date":"24\/12\/2013","format":false,"excerpt":"Lo afirm\u00f3 el secretario de Turismo de la provincia, Ignacio Crotto. Estiman que subir\u00e1n en las pr\u00f3ximas horas porque \u201cmuchos argentinos resuelven sus vacaciones sobre la fecha\u201d, agreg\u00f3. \u201cEstamos trabajando para que las estad\u00edas sean m\u00e1s largas, teniendo a los turistas con recitales gratuitos y actividades durante los d\u00edas de\u2026","rel":"","context":"En \u00abTurismo\u00bb","block_context":{"text":"Turismo","link":"https:\/\/www.24baires.com\/?cat=69"},"img":{"alt_text":"","src":"","width":0,"height":0},"classes":[]},{"id":100407,"url":"https:\/\/www.24baires.com\/?p=100407","url_meta":{"origin":11924,"position":2},"title":"M\u00e1s de 2,2 millones de turistas visitaron Mar del Plata esta temporada","author":"GB","date":"07\/02\/2018","format":false,"excerpt":"Las cifras corresponden a diciembre y enero. Aseguraron adem\u00e1s que el gasto promedio por persona se increment\u00f3 un 29 por ciento M\u00e1s de 2,2 millones de turistas llegaron a Mar del Plata entre diciembre y enero \u00faltimos, y al menos 220 mil visitantes y vecinos disfrutaron de las playas gratuitas\u2026","rel":"","context":"En \u00abTurismo\u00bb","block_context":{"text":"Turismo","link":"https:\/\/www.24baires.com\/?cat=69"},"img":{"alt_text":"","src":"https:\/\/i0.wp.com\/www.24baires.com\/wp-content\/uploads\/2015\/01\/turistas-mar-del-plata.jpg?resize=350%2C200","width":350,"height":200,"srcset":"https:\/\/i0.wp.com\/www.24baires.com\/wp-content\/uploads\/2015\/01\/turistas-mar-del-plata.jpg?resize=350%2C200 1x, https:\/\/i0.wp.com\/www.24baires.com\/wp-content\/uploads\/2015\/01\/turistas-mar-del-plata.jpg?resize=525%2C300 1.5x"},"classes":[]},{"id":116835,"url":"https:\/\/www.24baires.com\/?p=116835","url_meta":{"origin":11924,"position":3},"title":"M\u00e1s de medio mill\u00f3n de argentinos de vacaciones por el fin de semana XXL","author":"GB","date":"07\/12\/2020","format":false,"excerpt":"La cifra la inform\u00f3 el Ministerio de Turismo y Deportes de la Naci\u00f3n. Entre los destinos m\u00e1s elegidos se destacan los de la Costa Atl\u00e1ntica. M\u00e1s de medio mill\u00f3n de argentinos se trasladaron a distintos puntos tur\u00edsticos del pa\u00eds, en el marco del primer fin de semana largo habilitado para\u2026","rel":"","context":"En \u00abSociedad\u00bb","block_context":{"text":"Sociedad","link":"https:\/\/www.24baires.com\/?cat=1"},"img":{"alt_text":"","src":"https:\/\/i0.wp.com\/www.24baires.com\/wp-content\/uploads\/2020\/12\/20201207094458_los-protocolos-seran-aplicados-la-costa-atlantica-bonaerense-y-la-patagonica.jpg?resize=350%2C200","width":350,"height":200,"srcset":"https:\/\/i0.wp.com\/www.24baires.com\/wp-content\/uploads\/2020\/12\/20201207094458_los-protocolos-seran-aplicados-la-costa-atlantica-bonaerense-y-la-patagonica.jpg?resize=350%2C200 1x, https:\/\/i0.wp.com\/www.24baires.com\/wp-content\/uploads\/2020\/12\/20201207094458_los-protocolos-seran-aplicados-la-costa-atlantica-bonaerense-y-la-patagonica.jpg?resize=525%2C300 1.5x"},"classes":[]},{"id":112277,"url":"https:\/\/www.24baires.com\/?p=112277","url_meta":{"origin":11924,"position":4},"title":"El Gobierno entreg\u00f3 a Gendarmer\u00eda hoteles destinados a turismo social","author":"AF","date":"27\/09\/2019","format":false,"excerpt":"El Ejecutivo public\u00f3 un decreto para ceder a esa fuerza de seguridad un grupo de edificios del Complejo Tur\u00edstico de Chapadmalal, \u00edcono del turismo social impulsado por el peronismo. El lugar es Monumento Hist\u00f3rico Nacional, pero el Gobierno dej\u00f3 en estado de abandono varios sectores durante los \u00faltimos a\u00f1os. El\u2026","rel":"","context":"En \u00abSociedad\u00bb","block_context":{"text":"Sociedad","link":"https:\/\/www.24baires.com\/?cat=1"},"img":{"alt_text":"","src":"https:\/\/i0.wp.com\/www.24baires.com\/wp-content\/uploads\/2019\/09\/chapadmalal.jpg?resize=350%2C200","width":350,"height":200,"srcset":"https:\/\/i0.wp.com\/www.24baires.com\/wp-content\/uploads\/2019\/09\/chapadmalal.jpg?resize=350%2C200 1x, https:\/\/i0.wp.com\/www.24baires.com\/wp-content\/uploads\/2019\/09\/chapadmalal.jpg?resize=525%2C300 1.5x"},"classes":[]},{"id":113351,"url":"https:\/\/www.24baires.com\/?p=113351","url_meta":{"origin":11924,"position":5},"title":"Mar del Plata est\u00e1 entre los destinos preferidos para las vacaciones 2020","author":"GB","date":"11\/12\/2019","format":false,"excerpt":"Las ciudades tur\u00edsticas de Mar del Plata, Carlos Paz y Villa Gesell encabezan la lista de los destinos preferidos para las pr\u00f3ximas vacaciones, seg\u00fan el estudio independiente que una reconocida plataforma de viajes y turismo realiz\u00f3 entrevistando a viajeros de todo el pa\u00eds. En el estudio elaborado por Booking.com se\u2026","rel":"","context":"En \u00abMunicipios\u00bb","block_context":{"text":"Municipios","link":"https:\/\/www.24baires.com\/?cat=44"},"img":{"alt_text":"","src":"https:\/\/i0.wp.com\/www.24baires.com\/wp-content\/uploads\/2015\/01\/turistas-mar-del-plata.jpg?resize=350%2C200","width":350,"height":200,"srcset":"https:\/\/i0.wp.com\/www.24baires.com\/wp-content\/uploads\/2015\/01\/turistas-mar-del-plata.jpg?resize=350%2C200 1x, https:\/\/i0.wp.com\/www.24baires.com\/wp-content\/uploads\/2015\/01\/turistas-mar-del-plata.jpg?resize=525%2C300 1.5x"},"classes":[]}],"jetpack_sharing_enabled":true,"jetpack_likes_enabled":true,"_links":{"self":[{"href":"https:\/\/www.24baires.com\/index.php?rest_route=\/wp\/v2\/posts\/11924","targetHints":{"allow":["GET"]}}],"collection":[{"href":"https:\/\/www.24baires.com\/index.php?rest_route=\/wp\/v2\/posts"}],"about":[{"href":"https:\/\/www.24baires.com\/index.php?rest_route=\/wp\/v2\/types\/post"}],"author":[{"embeddable":true,"href":"https:\/\/www.24baires.com\/index.php?rest_route=\/wp\/v2\/users\/4"}],"replies":[{"embeddable":true,"href":"https:\/\/www.24baires.com\/index.php?rest_route=%2Fwp%2Fv2%2Fcomments&post=11924"}],"version-history":[{"count":3,"href":"https:\/\/www.24baires.com\/index.php?rest_route=\/wp\/v2\/posts\/11924\/revisions"}],"predecessor-version":[{"id":11928,"href":"https:\/\/www.24baires.com\/index.php?rest_route=\/wp\/v2\/posts\/11924\/revisions\/11928"}],"wp:attachment":[{"href":"https:\/\/www.24baires.com\/index.php?rest_route=%2Fwp%2Fv2%2Fmedia&parent=11924"}],"wp:term":[{"taxonomy":"category","embeddable":true,"href":"https:\/\/www.24baires.com\/index.php?rest_route=%2Fwp%2Fv2%2Fcategories&post=11924"},{"taxonomy":"post_tag","embeddable":true,"href":"https:\/\/www.24baires.com\/index.php?rest_route=%2Fwp%2Fv2%2Ftags&post=11924"}],"curies":[{"name":"wp","href":"https:\/\/api.w.org\/{rel}","templated":true}]}}