{"id":119226,"date":"2022-08-17T22:00:31","date_gmt":"2022-08-18T01:00:31","guid":{"rendered":"http:\/\/www.24baires.com\/?p=119226"},"modified":"2022-08-17T22:00:31","modified_gmt":"2022-08-18T01:00:31","slug":"entraron-los-primeros-dolares-de-los-5000-millones-que-prometio-massa","status":"publish","type":"post","link":"https:\/\/www.24baires.com\/?p=119226","title":{"rendered":"Entraron los primeros d\u00f3lares de los 5000 millones que prometi\u00f3 Massa"},"content":{"rendered":"<p><img data-recalc-dims=\"1\" loading=\"lazy\" decoding=\"async\" class=\"aligncenter wp-image-111462\" src=\"https:\/\/i0.wp.com\/www.24baires.com\/wp-content\/uploads\/2019\/08\/d%C3%B3lar.jpg?resize=720%2C404\" alt=\"\" width=\"720\" height=\"404\" srcset=\"https:\/\/i0.wp.com\/www.24baires.com\/wp-content\/uploads\/2019\/08\/d%C3%B3lar.jpg?w=560&amp;ssl=1 560w, https:\/\/i0.wp.com\/www.24baires.com\/wp-content\/uploads\/2019\/08\/d%C3%B3lar.jpg?resize=300%2C168&amp;ssl=1 300w\" sizes=\"auto, (max-width: 720px) 100vw, 720px\" \/>Fue en el primer d\u00eda de las cuentas especiales de prefinancianci\u00f3n y anticipo de exportaci\u00f3n, un beneficio que otorg\u00f3 el BCRA. En unos d\u00edas se completar\u00e1n 1000 millones y en septiembre, s\u00f3lo con liquidaci\u00f3n de exportaciones, se cumple la meta del ministro. <!--more--><\/p>\n<p>El deseo del ministro de Econom\u00eda, Sergio Massa, de conseguir 5000 millones de d\u00f3lares en 45 d\u00edas para reforzar las alica\u00eddas reservas del Banco Central (BCRA), va camino a concretarse. En el primer d\u00eda de puesta en marcha de las cuentas especiales de prefinanciancion y anticipo de exportaci\u00f3n, el sector agroindustrial coloc\u00f3 500 millones de d\u00f3lares y en los pr\u00f3ximos d\u00edas llegar\u00e1 a los 1000 millones prometidos en ese concepto.<\/p>\n<p>Adem\u00e1s, seg\u00fan cifras a las que accedi\u00f3 P\u00e1gina\/12, a mediados del mes de septiembre, la liquidaci\u00f3n de exportaciones del sector podr\u00e1 completar los 5000 millones de d\u00f3lares que prometi\u00f3 Massa. Este monto no contabiliza lo que en estas semanas puedan sumar otros sectores con los que el ministro negoci\u00f3 politicamente una ayuda para apalancar reservas, como la econom\u00eda del conocimiento, la miner\u00eda, la pesca y las petroleras.<\/p>\n<p>El comunicado de los exportadores<br \/>\n\u00abInformamos que las primeras operaciones de cuentas especiales y corresponsales en d\u00f3lares para prefinanciaciones y anticipos basadas en las \u00faltimas circulares del BCRA han tenido un balance positivo. Si bien a\u00fan se encuentran ciertos inconvenientes en los bancos para abrir las cuentas especiales en d\u00f3lares, este esquema va a continuar siendo utilizado por los exportadores en el futuro\u00bb, expres\u00f3 v\u00eda su cuenta de Twitter la c\u00e1mara de exportadores CIARA CEC.<\/p>\n<p>En pocas palabras, esos anticipos son d\u00f3lares que las empresas buscan en bancos extranjeros y traen a la Argentina para que el BCRA les de pesos para comprar granos. La semana pasada, la entidad que conduce Miguel Pesce modific\u00f3 la normativa para que la herramienta sea m\u00e1s atractiva: hasta hoy, al que tra\u00eda esos d\u00f3lares, el Central les permit\u00eda tenerlos cinco d\u00edas antes de cambi\u00e1rselos a pesos. Ahora el plazo de inmovilizaci\u00f3n es de 180 d\u00edas, es decir, permite utilizarlos cuando es necesario comprar granos y no antes. Una especie pr\u00e9stamo parcial a las arcas oficiales.<\/p>\n<p>Naturalmente, si el Gobierno en las reuniones con la Mesa de Enlace lograra finalmente destrabar ventas de los productores de soja a los exportadores, esos adelantos podr\u00edan ser mucho mayores. Dado que hoy lo que est\u00e1 comprando la agroindustria es m\u00e1s que nada ma\u00edz. Ese dato, para la promesa de Massa de engrosar reservas para compensar lo que ven\u00eda siendo una perdida de divisas en tiempo de altos costos por importaciones de energ\u00eda, es central.<\/p>\n<p>Silobolsas en comp\u00e1s de espera<br \/>\nEl otro factor importante es lo que pasar\u00e1 con las liquidaciones de exportaciones del sector, que es cuando se ingresan los d\u00f3lares de las mercader\u00edas que ya se ir\u00e1n al resto del mundo en barcos. Al d\u00eda 17 de este mes, la agroindustria lleva liquidados 1800 millones de d\u00f3lares, cuando lo normal deber\u00eda ser 2500 con un flujo m\u00e1s fuerte de venta de soja. Ese volumen es alcanzable este mes y lo ser\u00e1 en septiembre, ergo, Massa tendr\u00e1 sus 5000 millones con s\u00f3lo la agroindustria y especulando con que la liberaci\u00f3n del campo primario del grano en los silos no sea considerable.<\/p>\n<p>De todos modos, como apuntan desde el mismo Gobierno, el refuerzo de reservas debe ser mayor para que el camino sea sustentable. En ese punto, es clave que se destrabe la negociaci\u00f3n con la Mesa de Enlace en torno al d\u00f3lar soja. Fuentes de la Secretar\u00eda de Agricultura no descartan que se trabaje en modificaciones que faciliten a\u00fan m\u00e1s el ingreso de los productores.<\/p>\n<p>&nbsp;<\/p>\n<p>&nbsp;<\/p>\n<p>FUENTE: Leandro Renou \/ P\u00e1gina 12<\/p>\n","protected":false},"excerpt":{"rendered":"<p>Fue en el primer d\u00eda de las cuentas especiales de prefinancianci\u00f3n y anticipo de exportaci\u00f3n, un beneficio que otorg\u00f3 el BCRA. En unos d\u00edas se completar\u00e1n 1000 millones y en septiembre, s\u00f3lo con liquidaci\u00f3n de exportaciones, se cumple la meta del ministro.<\/p>\n","protected":false},"author":4,"featured_media":0,"comment_status":"closed","ping_status":"closed","sticky":false,"template":"","format":"standard","meta":{"_jetpack_newsletter_access":"","_jetpack_dont_email_post_to_subs":false,"_jetpack_newsletter_tier_id":0,"_jetpack_memberships_contains_paywalled_content":false,"_jetpack_memberships_contains_paid_content":false,"footnotes":""},"categories":[45],"tags":[],"class_list":["post-119226","post","type-post","status-publish","format-standard","hentry","category-economia"],"jetpack_featured_media_url":"","jetpack_shortlink":"https:\/\/wp.me\/p2JWE0-v10","jetpack-related-posts":[{"id":119316,"url":"https:\/\/www.24baires.com\/?p=119316","url_meta":{"origin":119226,"position":0},"title":"El Banco Central compr\u00f3 US$ 426 millones","author":"AF","date":"08\/09\/2022","format":false,"excerpt":"Las compras se dan luego de que Econom\u00eda oficializara un tipo de cambio de 200 pesos por d\u00f3lar para las exportaciones de soja, una medida acordada con los principales complejos exportadores, que se comprometieron a liquidar soja y derivados por, al menos, 5.000 millones de d\u00f3lares. El Banco Central (BCRA)\u2026","rel":"","context":"En \u00abEconom\u00eda\u00bb","block_context":{"text":"Econom\u00eda","link":"https:\/\/www.24baires.com\/?cat=45"},"img":{"alt_text":"","src":"https:\/\/i0.wp.com\/www.24baires.com\/wp-content\/uploads\/2019\/08\/d%C3%B3lar.jpg?resize=350%2C200","width":350,"height":200,"srcset":"https:\/\/i0.wp.com\/www.24baires.com\/wp-content\/uploads\/2019\/08\/d%C3%B3lar.jpg?resize=350%2C200 1x, https:\/\/i0.wp.com\/www.24baires.com\/wp-content\/uploads\/2019\/08\/d%C3%B3lar.jpg?resize=525%2C300 1.5x, https:\/\/i0.wp.com\/www.24baires.com\/wp-content\/uploads\/2019\/08\/d%C3%B3lar.jpg?resize=700%2C400 2x"},"classes":[]},{"id":119291,"url":"https:\/\/www.24baires.com\/?p=119291","url_meta":{"origin":119226,"position":1},"title":"El Gobierno nacional anunci\u00f3 un nuevo \u00abd\u00f3lar soja\u00bb","author":"GB","date":"05\/09\/2022","format":false,"excerpt":"El ministro de Econom\u00eda anunci\u00f3 la implementaci\u00f3n de un d\u00f3lar a 200 pesos destinado a la liquidaci\u00f3n de la cosecha de soja. Gobierno de la naci\u00f3n anunci\u00f3 un nuevo tipo de cambio de 200 pesos por d\u00f3lar destinado a las transacciones internacionales de soja. Esta medida con la que se\u2026","rel":"","context":"En \u00abEconom\u00eda\u00bb","block_context":{"text":"Econom\u00eda","link":"https:\/\/www.24baires.com\/?cat=45"},"img":{"alt_text":"","src":"https:\/\/i0.wp.com\/www.24baires.com\/wp-content\/uploads\/2022\/09\/massa-dolar-sojapng.png?resize=350%2C200","width":350,"height":200,"srcset":"https:\/\/i0.wp.com\/www.24baires.com\/wp-content\/uploads\/2022\/09\/massa-dolar-sojapng.png?resize=350%2C200 1x, https:\/\/i0.wp.com\/www.24baires.com\/wp-content\/uploads\/2022\/09\/massa-dolar-sojapng.png?resize=525%2C300 1.5x, https:\/\/i0.wp.com\/www.24baires.com\/wp-content\/uploads\/2022\/09\/massa-dolar-sojapng.png?resize=700%2C400 2x"},"classes":[]},{"id":111954,"url":"https:\/\/www.24baires.com\/?p=111954","url_meta":{"origin":119226,"position":2},"title":"El Banco Central hace nuevas aclaraciones sobre la regulaci\u00f3n cambiaria","author":"AF","date":"05\/09\/2019","format":false,"excerpt":"La autoridad monetaria dispuso que se podr\u00e1n comprar m\u00e1s de 10 mil d\u00f3lares mensuales para pagar las tarjetas de cr\u00e9dito. La vuelta de un control de cambios, anunciado el domingo pasado, gener\u00f3 dudas acerca de la letra chica de su aplicaci\u00f3n. Por esta raz\u00f3n, cuatro d\u00edas m\u00e1s tarde de instauradas\u2026","rel":"","context":"En \u00abEconom\u00eda\u00bb","block_context":{"text":"Econom\u00eda","link":"https:\/\/www.24baires.com\/?cat=45"},"img":{"alt_text":"","src":"https:\/\/i0.wp.com\/www.24baires.com\/wp-content\/uploads\/2013\/12\/banco-central.jpg?resize=350%2C200","width":350,"height":200,"srcset":"https:\/\/i0.wp.com\/www.24baires.com\/wp-content\/uploads\/2013\/12\/banco-central.jpg?resize=350%2C200 1x, https:\/\/i0.wp.com\/www.24baires.com\/wp-content\/uploads\/2013\/12\/banco-central.jpg?resize=525%2C300 1.5x"},"classes":[]},{"id":119985,"url":"https:\/\/www.24baires.com\/?p=119985","url_meta":{"origin":119226,"position":3},"title":"Massa anunci\u00f3 el d\u00f3lar agro a $300","author":"AF","date":"05\/04\/2023","format":false,"excerpt":"El ministro de Econom\u00eda present\u00f3 el Programa de Incremento Exportador a trav\u00e9s de tres decretos que establecen, entre otras cosas, un tipo de cambio diferencial. El plan se extender\u00e1 desde el 8 de abril hasta el 31 de mayo para la cadena sojera, y entre el 8 de abril y\u2026","rel":"","context":"En \u00abEconom\u00eda\u00bb","block_context":{"text":"Econom\u00eda","link":"https:\/\/www.24baires.com\/?cat=45"},"img":{"alt_text":"","src":"https:\/\/i0.wp.com\/www.24baires.com\/wp-content\/uploads\/2023\/04\/massa.jpeg?resize=350%2C200","width":350,"height":200,"srcset":"https:\/\/i0.wp.com\/www.24baires.com\/wp-content\/uploads\/2023\/04\/massa.jpeg?resize=350%2C200 1x, https:\/\/i0.wp.com\/www.24baires.com\/wp-content\/uploads\/2023\/04\/massa.jpeg?resize=525%2C300 1.5x, https:\/\/i0.wp.com\/www.24baires.com\/wp-content\/uploads\/2023\/04\/massa.jpeg?resize=700%2C400 2x"},"classes":[]},{"id":120346,"url":"https:\/\/www.24baires.com\/?p=120346","url_meta":{"origin":119226,"position":4},"title":"El Gobierno analiza el pago de una suma fija a trabajadores","author":"AF","date":"07\/08\/2023","format":false,"excerpt":"El ministro Sergio Massa expres\u00f3 que eval\u00faa junto con los sectores sindicales una suma fija para los trabajadores, bajo \"la convicci\u00f3n de que tenemos que buscar mecanismos de mejora del ingreso\". Tambi\u00e9n anunci\u00f3 una inversi\u00f3n de $ 19.000 millones para financiar a pymes exportadoras. \"El gran objetivo debe ser promover\u2026","rel":"","context":"En \u00abEconom\u00eda\u00bb","block_context":{"text":"Econom\u00eda","link":"https:\/\/www.24baires.com\/?cat=45"},"img":{"alt_text":"","src":"https:\/\/i0.wp.com\/www.24baires.com\/wp-content\/uploads\/2023\/08\/massa.jpeg?resize=350%2C200","width":350,"height":200,"srcset":"https:\/\/i0.wp.com\/www.24baires.com\/wp-content\/uploads\/2023\/08\/massa.jpeg?resize=350%2C200 1x, https:\/\/i0.wp.com\/www.24baires.com\/wp-content\/uploads\/2023\/08\/massa.jpeg?resize=525%2C300 1.5x, https:\/\/i0.wp.com\/www.24baires.com\/wp-content\/uploads\/2023\/08\/massa.jpeg?resize=700%2C400 2x"},"classes":[]},{"id":116542,"url":"https:\/\/www.24baires.com\/?p=116542","url_meta":{"origin":119226,"position":5},"title":"El gobierno lanza una \u00abmegalicitaci\u00f3n\u00bb de bonos para frenar el precio del d\u00f3lar","author":"GB","date":"26\/10\/2020","format":false,"excerpt":"El objetivo del ministro de Econom\u00eda es absorber liquidez del mercado y as\u00ed quitarle presi\u00f3n a la moneda norteamericana Este martes el Ministerio de Econom\u00eda llamar\u00e1 a licitaci\u00f3n para la colocaci\u00f3n de varios t\u00edtulos p\u00fablicos en pesos, con el objetivo de absorber liquidez del mercado y frenar la demanda de\u2026","rel":"","context":"En \u00abEconom\u00eda\u00bb","block_context":{"text":"Econom\u00eda","link":"https:\/\/www.24baires.com\/?cat=45"},"img":{"alt_text":"","src":"https:\/\/i0.wp.com\/www.24baires.com\/wp-content\/uploads\/2020\/05\/guzman-1.jpg?resize=350%2C200","width":350,"height":200,"srcset":"https:\/\/i0.wp.com\/www.24baires.com\/wp-content\/uploads\/2020\/05\/guzman-1.jpg?resize=350%2C200 1x, https:\/\/i0.wp.com\/www.24baires.com\/wp-content\/uploads\/2020\/05\/guzman-1.jpg?resize=525%2C300 1.5x"},"classes":[]}],"jetpack_sharing_enabled":true,"jetpack_likes_enabled":true,"_links":{"self":[{"href":"https:\/\/www.24baires.com\/index.php?rest_route=\/wp\/v2\/posts\/119226","targetHints":{"allow":["GET"]}}],"collection":[{"href":"https:\/\/www.24baires.com\/index.php?rest_route=\/wp\/v2\/posts"}],"about":[{"href":"https:\/\/www.24baires.com\/index.php?rest_route=\/wp\/v2\/types\/post"}],"author":[{"embeddable":true,"href":"https:\/\/www.24baires.com\/index.php?rest_route=\/wp\/v2\/users\/4"}],"replies":[{"embeddable":true,"href":"https:\/\/www.24baires.com\/index.php?rest_route=%2Fwp%2Fv2%2Fcomments&post=119226"}],"version-history":[{"count":1,"href":"https:\/\/www.24baires.com\/index.php?rest_route=\/wp\/v2\/posts\/119226\/revisions"}],"predecessor-version":[{"id":119227,"href":"https:\/\/www.24baires.com\/index.php?rest_route=\/wp\/v2\/posts\/119226\/revisions\/119227"}],"wp:attachment":[{"href":"https:\/\/www.24baires.com\/index.php?rest_route=%2Fwp%2Fv2%2Fmedia&parent=119226"}],"wp:term":[{"taxonomy":"category","embeddable":true,"href":"https:\/\/www.24baires.com\/index.php?rest_route=%2Fwp%2Fv2%2Fcategories&post=119226"},{"taxonomy":"post_tag","embeddable":true,"href":"https:\/\/www.24baires.com\/index.php?rest_route=%2Fwp%2Fv2%2Ftags&post=119226"}],"curies":[{"name":"wp","href":"https:\/\/api.w.org\/{rel}","templated":true}]}}