{"id":119206,"date":"2022-08-11T20:54:13","date_gmt":"2022-08-11T23:54:13","guid":{"rendered":"http:\/\/www.24baires.com\/?p=119206"},"modified":"2022-08-11T20:54:13","modified_gmt":"2022-08-11T23:54:13","slug":"la-inflacion-de-julio-fue-del-74","status":"publish","type":"post","link":"https:\/\/www.24baires.com\/?p=119206","title":{"rendered":"La inflaci\u00f3n de julio fue del 7,4%"},"content":{"rendered":"<p><img data-recalc-dims=\"1\" loading=\"lazy\" decoding=\"async\" class=\"aligncenter wp-image-103910\" src=\"https:\/\/i0.wp.com\/www.24baires.com\/wp-content\/uploads\/2018\/08\/supermercado.jpg?resize=720%2C402\" alt=\"\" width=\"720\" height=\"402\" srcset=\"https:\/\/i0.wp.com\/www.24baires.com\/wp-content\/uploads\/2018\/08\/supermercado.jpg?w=560&amp;ssl=1 560w, https:\/\/i0.wp.com\/www.24baires.com\/wp-content\/uploads\/2018\/08\/supermercado.jpg?resize=300%2C168&amp;ssl=1 300w\" sizes=\"auto, (max-width: 720px) 100vw, 720px\" \/>El primer semestre dej\u00f3 una fuerte inercia y sobre ella el pico de incertidumbre gener\u00f3 un vendaval de remarcaciones que volvi\u00f3 a elevar el escal\u00f3n inflacionario.<!--more--><\/p>\n<p>La inflaci\u00f3n de julio lleg\u00f3 al 7,4 por ciento mensual, el nivel m\u00e1s alto desde la explosi\u00f3n de la convertibilidad, inform\u00f3 el Indec. En los siete primeros meses, los precios acumulan un incremento del 46,2 por ciento y en la comparaci\u00f3n anual el n\u00famero se ubica en el 71 por ciento, lo cual no tiene antecedentes desde los \u00faltimos coletazos de la hiperinflaci\u00f3n que termin\u00f3 con el gobierno de Ra\u00fal Alfons\u00edn y abri\u00f3 la puerta al ciclo neoliberal. Para fin de a\u00f1o, la inflaci\u00f3n podr\u00eda superar el 90 por ciento.<\/p>\n<p>\u00abClaro que veo lo que pasa con los precios. Por eso dejamos todas las paritarias abiertas para que los sueldos le ganen a la inflaci\u00f3n y anunciamos el aumento para los jubilados y un bono especial. Y mientras tanto hacemos desde el Estado los esfuerzos que corresponden para resolver el problema\u00bb, dijo el presidente, Alberto Fern\u00e1ndez.<\/p>\n<p>La disparada de precios en julio no se explica porque un nuevo giro de la guerra en Ucrania que haya tenido impacto en los commodities ni en una disparada del tipo de cambio oficial. Lo que sucedi\u00f3 el mes pasado fue que se sali\u00f3 de cauce la crisis pol\u00edtica al interior de la coalici\u00f3n gobernante, con el punto culmine en la renuncia intempestiva del ministro Mart\u00edn Guzm\u00e1n el s\u00e1bado 2 de julio y las siguientes 48 horas sin autoridades en el Palacio de Hacienda ni puentes de di\u00e1logo entre el presidente, Alberto Fern\u00e1ndez, y la vicepresidenta Cristina Fern\u00e1ndez de Kirchner.<\/p>\n<p>El descontrol de la brecha cambiaria en un contexto de restricci\u00f3n de importaciones y una crisis pol\u00edtica en el propio gobierno de dimensiones in\u00e9ditas provoc\u00f3 que durante varias jornadas las cadenas de suministro se rompieran, con listas sin precios, retenci\u00f3n de mercader\u00eda o venta a remito abierto. La falta de referencia sobre el costo de reposici\u00f3n de la mercader\u00eda en un contexto de fuerte demanda fue el caldo de cultivo para una remarcaci\u00f3n masiva. En el Gobierno resumen: \u00abel costo de una devaluaci\u00f3n, sin haber devaluado\u00bb.<\/p>\n<p>El derrotero<br \/>\nLa crisis pol\u00edtica se mont\u00f3 sobre varias semanas de presi\u00f3n cambiaria y financiera. En la segunda semana de junio, se derrumb\u00f3 la cotizaci\u00f3n de los bonos p\u00fablicos atados a la inflaci\u00f3n, lo cual despert\u00f3 dudas acerca de la capacidad de refinanciaci\u00f3n de los t\u00edtulos, en el marco de las restricciones de emisi\u00f3n que introdujo el acuerdo con el FMI. En aquel momento, Juntos por el Cambio hizo correr un rumor de nuevo reperfilamiento, lo cual agit\u00f3 fantasmas que se agrandaron a\u00fan m\u00e1s ante la falta de una respuesta contundente de parte del Gobierno. A partir de la mitad de junio, comenz\u00f3 la corrida cambiaria, lo cual hizo que la cotizaci\u00f3n del d\u00f3lar paralelo avanzara en dos semanas desde 212 a 234 pesos, un 10 por ciento.<\/p>\n<p>En medio de esa carrera se produjo la renuncia de Guzm\u00e1n, el posterior vac\u00edo en Hacienda y la asunci\u00f3n de Silvina Batakis, una economista con experiencia pero que no gener\u00f3 la confianza suficiente acerca de la solidez del nuevo acuerdo pol\u00edtico entre las patas de la coalici\u00f3n. El jueves 28 de julio, el Gobierno anunci\u00f3 la fusi\u00f3n de varias carteras en manos del nuevo ministro de Econom\u00eda, Sergio Massa.<\/p>\n<p>El d\u00f3lar paralelo pas\u00f3 de 235 pesos a principios de julio hasta un pico de 328 pesos el d\u00eda 22 (suba del 40 por ciento), para terminar el mes en 286 pesos. Un derrotero similar registraron los bonos soberanos y el riesgo pa\u00eds. Solo en julio, el Banco Central perdi\u00f3 4 mil millones de d\u00f3lares de reservas internacionales, al tiempo que el tipo de cambio oficial subi\u00f3 en ese per\u00edodo un 4 por ciento. Tambi\u00e9n jugaron en la inflaci\u00f3n del mes las subas de algunos precios regulados, como prepagas y telecomunicaciones.<\/p>\n<p>Los datos<br \/>\nEl rubro de equipamiento y mantenimiento del hogar, donde pesan fuerte las importaciones de productos terminados e insumos, tuvo una suba mensual del 10,3 por ciento, mientras que en prendas de vestir el incremento fue del 8,5, con un avance interanual que asciende al 96,7 por ciento.<\/p>\n<p>En alimentos y bebidas, la suba fue del 6 por ciento mensual, por debajo del aumento que hab\u00eda en junio, del 6,7. El informe de precios del CEPA destaca los incrementos mensuales en cebolla (57,9), lechuga (40,5), batata (36,5), zapallo anco (18,4) y banana (17,4). Adem\u00e1s de la situaci\u00f3n general, en recreaci\u00f3n y cultura jug\u00f3 el componente estacional y fue el rubro lider\u00f3 el \u00edndice de inflaci\u00f3n, con el 13,2 por ciento. En tanto, restaurantes y hoteles sum\u00f3 un 9,8 y en doce meses alcanza el 90,6 por ciento.<\/p>\n<p>Tambi\u00e9n se produjeron subas de precios regulados por el Estado, como es el caso del 4 por ciento de las prepagas, lo cual junto al fuerte alza de los medicamentos hizo que el rubro salud avanzara un 6,8 en el mes. En el caso de vivienda, agua, electricidad y otros combustibles, el incremento promedio fue de 4,6 por ciento. En transporte, el alza fue del 5,5, al igual que telecomunicaciones, por la oficializaci\u00f3n de las subas de 9,5 por ciento en cable e internet.<\/p>\n<p>Lo que viene<br \/>\nEl ministro Massa dijo d\u00edas atr\u00e1s que julio y agosto ser\u00edan meses muy malos en t\u00e9rminos inflacionarios, pero que a partir de all\u00ed el \u00edndice ir\u00e1 a la baja. El herramental que plantea el Gobierno en t\u00e9rminos de precios por ahora se concentra en el ordenamiento macroecon\u00f3mico, que apunta a bajar el nivel de incertidumbre y reducir la brecha cambiaria.<\/p>\n<p>El nuevo secretario de Comercio es Mat\u00edas Tombolini, quien est\u00e1 comenzando la ronda de reuniones con las empresas de consumo masivo. Como novedad frente a gestiones anteriores, tambi\u00e9n tendr\u00e1 a su cargo la botonera de las licencias de importaci\u00f3n, con lo cual se espera que vincule su aprobaci\u00f3n a los compromisos de precios.<\/p>\n<p>FUENTE: P\u00e1gina 12<\/p>\n","protected":false},"excerpt":{"rendered":"<p>El primer semestre dej\u00f3 una fuerte inercia y sobre ella el pico de incertidumbre gener\u00f3 un vendaval de remarcaciones que volvi\u00f3 a elevar el escal\u00f3n inflacionario.<\/p>\n","protected":false},"author":4,"featured_media":0,"comment_status":"closed","ping_status":"closed","sticky":false,"template":"","format":"standard","meta":{"_jetpack_newsletter_access":"","_jetpack_dont_email_post_to_subs":false,"_jetpack_newsletter_tier_id":0,"_jetpack_memberships_contains_paywalled_content":false,"_jetpack_memberships_contains_paid_content":false,"footnotes":""},"categories":[45],"tags":[],"class_list":["post-119206","post","type-post","status-publish","format-standard","hentry","category-economia"],"jetpack_featured_media_url":"","jetpack_shortlink":"https:\/\/wp.me\/p2JWE0-v0G","jetpack-related-posts":[{"id":106237,"url":"https:\/\/www.24baires.com\/?p=106237","url_meta":{"origin":119206,"position":0},"title":"Durante 2018 la inflaci\u00f3n fue la m\u00e1s alta desde 1991","author":"AF","date":"07\/01\/2019","format":false,"excerpt":"El 2018 registr\u00f3 una variaci\u00f3n de precios anual que super\u00f3 la de 2002 y hay que remontarse a 1991 para encontrar una cifra mayor. El shock inflacionario deriv\u00f3 en una fuerte ca\u00edda del salario real, al bajar 17,3 por ciento. La inflaci\u00f3n de diciembre se ubic\u00f3 en el 3,1 por\u2026","rel":"","context":"En \u00abSociedad\u00bb","block_context":{"text":"Sociedad","link":"https:\/\/www.24baires.com\/?cat=1"},"img":{"alt_text":"","src":"https:\/\/i0.wp.com\/www.24baires.com\/wp-content\/uploads\/2013\/03\/supermercado2.jpg?resize=350%2C200","width":350,"height":200,"srcset":"https:\/\/i0.wp.com\/www.24baires.com\/wp-content\/uploads\/2013\/03\/supermercado2.jpg?resize=350%2C200 1x, https:\/\/i0.wp.com\/www.24baires.com\/wp-content\/uploads\/2013\/03\/supermercado2.jpg?resize=525%2C300 1.5x"},"classes":[]},{"id":113395,"url":"https:\/\/www.24baires.com\/?p=113395","url_meta":{"origin":119206,"position":1},"title":"La inflaci\u00f3n de noviembre fue del 4,3% seg\u00fan el INDEC","author":"AF","date":"12\/12\/2019","format":false,"excerpt":"En lo que va del a\u00f1o, el aumento de precios avanz\u00f3 48,3 por ciento. La comparaci\u00f3n interanual lleg\u00f3 al 52,1 por ciento. Los precios al consumidor (IPC) subieron 4,3% en noviembre de 2019 respecto de octubre pasado, lo que suma un 52,1% interanual (al mismo mes pero de 2018), informaron\u2026","rel":"","context":"En \u00abEconom\u00eda\u00bb","block_context":{"text":"Econom\u00eda","link":"https:\/\/www.24baires.com\/?cat=45"},"img":{"alt_text":"","src":"https:\/\/i0.wp.com\/www.24baires.com\/wp-content\/uploads\/2018\/08\/supermercado.jpg?resize=350%2C200","width":350,"height":200,"srcset":"https:\/\/i0.wp.com\/www.24baires.com\/wp-content\/uploads\/2018\/08\/supermercado.jpg?resize=350%2C200 1x, https:\/\/i0.wp.com\/www.24baires.com\/wp-content\/uploads\/2018\/08\/supermercado.jpg?resize=525%2C300 1.5x"},"classes":[]},{"id":102602,"url":"https:\/\/www.24baires.com\/?p=102602","url_meta":{"origin":119206,"position":2},"title":"La inflaci\u00f3n ya alcanz\u00f3 el 27 por ciento","author":"GB","date":"08\/06\/2018","format":false,"excerpt":"El Instituto Estad\u00edstico de la Universidad Metropolitana para la Educaci\u00f3n y el Trabajo (UMET) adelant\u00f3 que la devaluaci\u00f3n, que seguir\u00e1 presionando sobre los precios en junio y julio y sentenci\u00f3: \u201cNuestra previsi\u00f3n `intermedia\u00b4 arroja una inflaci\u00f3n del 30 por ciento para 2018\u201d. El Instituto Estad\u00edstico de la Universidad Metropolitana para\u2026","rel":"","context":"En \u00abEconom\u00eda\u00bb","block_context":{"text":"Econom\u00eda","link":"https:\/\/www.24baires.com\/?cat=45"},"img":{"alt_text":"","src":"https:\/\/i0.wp.com\/www.24baires.com\/wp-content\/uploads\/2017\/07\/fila-supermercado.jpg?resize=350%2C200","width":350,"height":200,"srcset":"https:\/\/i0.wp.com\/www.24baires.com\/wp-content\/uploads\/2017\/07\/fila-supermercado.jpg?resize=350%2C200 1x, https:\/\/i0.wp.com\/www.24baires.com\/wp-content\/uploads\/2017\/07\/fila-supermercado.jpg?resize=525%2C300 1.5x"},"classes":[]},{"id":119399,"url":"https:\/\/www.24baires.com\/?p=119399","url_meta":{"origin":119206,"position":3},"title":"Los salarios subieron 5,5% pero siguen perdiendo ante la inflaci\u00f3n","author":"AF","date":"29\/09\/2022","format":false,"excerpt":"De esta manera, quedaron debajo del \u00cdndice de Precios al Consumidor (IPC) del s\u00e9ptimo mes del a\u00f1o, que alcanz\u00f3 el 7,4%. En julio de 2022, el \u00cdndice de salarios se increment\u00f3 5,5% mensual y 68,7% interanual. En tanto, el crecimiento mensual se debi\u00f3 a subas de 5,4% en el sector\u2026","rel":"","context":"En \u00abEconom\u00eda\u00bb","block_context":{"text":"Econom\u00eda","link":"https:\/\/www.24baires.com\/?cat=45"},"img":{"alt_text":"","src":"https:\/\/i0.wp.com\/www.24baires.com\/wp-content\/uploads\/2022\/09\/Captura-desde-2022-09-29-19-44-40.png?resize=350%2C200","width":350,"height":200,"srcset":"https:\/\/i0.wp.com\/www.24baires.com\/wp-content\/uploads\/2022\/09\/Captura-desde-2022-09-29-19-44-40.png?resize=350%2C200 1x, https:\/\/i0.wp.com\/www.24baires.com\/wp-content\/uploads\/2022\/09\/Captura-desde-2022-09-29-19-44-40.png?resize=525%2C300 1.5x, https:\/\/i0.wp.com\/www.24baires.com\/wp-content\/uploads\/2022\/09\/Captura-desde-2022-09-29-19-44-40.png?resize=700%2C400 2x"},"classes":[]},{"id":106412,"url":"https:\/\/www.24baires.com\/?p=106412","url_meta":{"origin":119206,"position":4},"title":"La inflaci\u00f3n mayorista fue del 73,5% durante 2018","author":"AF","date":"17\/01\/2019","format":false,"excerpt":"Al comp\u00e1s de la megadevaluaci\u00f3n del a\u00f1o pasado, los precios mayoristas superaron el \u00edndice de inflaci\u00f3n minorista (47,6 por ciento). El petr\u00f3leo crudo y el gas aumentaron 105,5 por ciento, y los veh\u00edculos automotores, carrocer\u00edas y repuestos un 90,6 por ciento. Los precios de los productos importados se incrementaron un\u2026","rel":"","context":"En \u00abEconom\u00eda\u00bb","block_context":{"text":"Econom\u00eda","link":"https:\/\/www.24baires.com\/?cat=45"},"img":{"alt_text":"","src":"https:\/\/i0.wp.com\/www.24baires.com\/wp-content\/uploads\/2015\/12\/autos-0km.jpg?resize=350%2C200","width":350,"height":200,"srcset":"https:\/\/i0.wp.com\/www.24baires.com\/wp-content\/uploads\/2015\/12\/autos-0km.jpg?resize=350%2C200 1x, https:\/\/i0.wp.com\/www.24baires.com\/wp-content\/uploads\/2015\/12\/autos-0km.jpg?resize=525%2C300 1.5x"},"classes":[]},{"id":113811,"url":"https:\/\/www.24baires.com\/?p=113811","url_meta":{"origin":119206,"position":5},"title":"Macri dej\u00f3 la peor inflaci\u00f3n de los \u00faltimos 28 a\u00f1os","author":"AF","date":"15\/01\/2020","format":false,"excerpt":"El descontrol de precios fue una caracter\u00edstica saliente del gobierno de Mauricio Macri. En sus cuatro a\u00f1os de gesti\u00f3n duplic\u00f3 la inflaci\u00f3n que hab\u00eda heredado en 2015. En 2019, a pesar del ajuste fiscal y la contracci\u00f3n monetaria, escal\u00f3 a su mayor nivel en casi tres d\u00e9cadas. La inflaci\u00f3n de\u2026","rel":"","context":"En \u00abSociedad\u00bb","block_context":{"text":"Sociedad","link":"https:\/\/www.24baires.com\/?cat=1"},"img":{"alt_text":"","src":"https:\/\/i0.wp.com\/www.24baires.com\/wp-content\/uploads\/2018\/08\/supermercado.jpg?resize=350%2C200","width":350,"height":200,"srcset":"https:\/\/i0.wp.com\/www.24baires.com\/wp-content\/uploads\/2018\/08\/supermercado.jpg?resize=350%2C200 1x, https:\/\/i0.wp.com\/www.24baires.com\/wp-content\/uploads\/2018\/08\/supermercado.jpg?resize=525%2C300 1.5x"},"classes":[]}],"jetpack_sharing_enabled":true,"jetpack_likes_enabled":true,"_links":{"self":[{"href":"https:\/\/www.24baires.com\/index.php?rest_route=\/wp\/v2\/posts\/119206","targetHints":{"allow":["GET"]}}],"collection":[{"href":"https:\/\/www.24baires.com\/index.php?rest_route=\/wp\/v2\/posts"}],"about":[{"href":"https:\/\/www.24baires.com\/index.php?rest_route=\/wp\/v2\/types\/post"}],"author":[{"embeddable":true,"href":"https:\/\/www.24baires.com\/index.php?rest_route=\/wp\/v2\/users\/4"}],"replies":[{"embeddable":true,"href":"https:\/\/www.24baires.com\/index.php?rest_route=%2Fwp%2Fv2%2Fcomments&post=119206"}],"version-history":[{"count":1,"href":"https:\/\/www.24baires.com\/index.php?rest_route=\/wp\/v2\/posts\/119206\/revisions"}],"predecessor-version":[{"id":119207,"href":"https:\/\/www.24baires.com\/index.php?rest_route=\/wp\/v2\/posts\/119206\/revisions\/119207"}],"wp:attachment":[{"href":"https:\/\/www.24baires.com\/index.php?rest_route=%2Fwp%2Fv2%2Fmedia&parent=119206"}],"wp:term":[{"taxonomy":"category","embeddable":true,"href":"https:\/\/www.24baires.com\/index.php?rest_route=%2Fwp%2Fv2%2Fcategories&post=119206"},{"taxonomy":"post_tag","embeddable":true,"href":"https:\/\/www.24baires.com\/index.php?rest_route=%2Fwp%2Fv2%2Ftags&post=119206"}],"curies":[{"name":"wp","href":"https:\/\/api.w.org\/{rel}","templated":true}]}}