{"id":119192,"date":"2022-08-05T20:14:19","date_gmt":"2022-08-05T23:14:19","guid":{"rendered":"http:\/\/www.24baires.com\/?p=119192"},"modified":"2022-08-05T20:14:19","modified_gmt":"2022-08-05T23:14:19","slug":"la-economia-siguio-creando-puestos-de-trabajo-formales-en-el-sector-privado","status":"publish","type":"post","link":"https:\/\/www.24baires.com\/?p=119192","title":{"rendered":"La econom\u00eda sigui\u00f3 creando puestos de trabajo formales en el sector privado"},"content":{"rendered":"<p><img data-recalc-dims=\"1\" loading=\"lazy\" decoding=\"async\" class=\"wp-image-119193 alignnone\" src=\"https:\/\/i0.wp.com\/www.24baires.com\/wp-content\/uploads\/2022\/08\/62ed1fd37c0a8_900.jpg?resize=720%2C405\" alt=\"\" width=\"720\" height=\"405\" srcset=\"https:\/\/i0.wp.com\/www.24baires.com\/wp-content\/uploads\/2022\/08\/62ed1fd37c0a8_900.jpg?w=900&amp;ssl=1 900w, https:\/\/i0.wp.com\/www.24baires.com\/wp-content\/uploads\/2022\/08\/62ed1fd37c0a8_900.jpg?resize=300%2C169&amp;ssl=1 300w, https:\/\/i0.wp.com\/www.24baires.com\/wp-content\/uploads\/2022\/08\/62ed1fd37c0a8_900.jpg?resize=768%2C432&amp;ssl=1 768w\" sizes=\"auto, (max-width: 720px) 100vw, 720px\" \/>Desde enero 2021 hasta mayo de 2022, 300.000 personas accedieron a un puesto de trabajo formal en empresas privadas, de acuerdo a la Encuesta de Indicadores Laborales.<!--more--><\/p>\n<p>El empleo asalariado registrado privado creci\u00f3 en mayo 0,4% mensual, seg\u00fan el Sistema Integrado Previsional Argentino (SIPA), porcentaje que se replica en junio, de acuerdo a la Encuesta de Indicadores Laborales (EIL), consign\u00f3 el Ministerio de Trabajo en su Panorama mensual del Trabajo Registrado.<\/p>\n<p>Este proceso de inclusi\u00f3n laboral que se extiende durante 17 meses consecutivos de crecimiento del empleo permiti\u00f3 la incorporaci\u00f3n de 300.000 trabajadoras y trabajadores que se encontraban en situaci\u00f3n de desempleo, informalidad o inactividad, destac\u00f3 el informe.<\/p>\n<p>Asimismo, agreg\u00f3, el poder adquisitivo del salario medio del trabajo registrado en relaci\u00f3n de dependencia del sector privado crece en todos los meses de 2022 y, en mayo, \u00faltimo mes con informaci\u00f3n disponible, se verifica el mayor crecimiento interanual del a\u00f1o (3,6%).<\/p>\n<p>Por otra parte, la variaci\u00f3n interanual del salario promedio del trabajo registrado en empresas privadas creci\u00f3 por arriba de la inflaci\u00f3n: entre mayo de 2021 y mayo de 2022, el crecimiento del salario medio alcanza a 66,4%, mientras que el alza del \u00cdndice de Precios al Consumidor (IPC) llega a 60,7%.<\/p>\n<p>Por su parte, el nivel actual de ocupaci\u00f3n formal de las mujeres en empresas del sector privado se encuentra cercano a los m\u00e1ximos hist\u00f3ricos.<\/p>\n<p>De acuerdo a la EIL, en junio de 2022 el nivel de empleo privado registrado en empresas de m\u00e1s de 10 personas ocupadas del total de los aglomerados relevados tuvo un incremento de 0,4% en relaci\u00f3n con el mes anterior y de 2,6% en t\u00e9rminos interanuales.<\/p>\n<p>Todos los sectores de actividad presentaron un saldo positivo, pero la cartera laboral destac\u00f3 la recuperaci\u00f3n del empleo en el sector de transporte y servicios financieros (0,4%).<\/p>\n<p>Asimismo, tanto en la construcci\u00f3n, como en el comercio y la industria manufacturera se sostiene la recuperaci\u00f3n del empleo de los meses pasados.<\/p>\n<p>En la construcci\u00f3n el crecimiento mensual fue de 1,0%, en el comercio de 0,5% y en la industria se observaron valores similares al mes anterior (0,3%), a\u00f1adi\u00f3.<\/p>\n<p>Seg\u00fan el Ministerio de Trabajo, el crecimiento del empleo de este mes se explica fundamentalmente por una retracci\u00f3n de las desvinculaciones de personal.<\/p>\n","protected":false},"excerpt":{"rendered":"<p>Desde enero 2021 hasta mayo de 2022, 300.000 personas accedieron a un puesto de trabajo formal en empresas privadas, de acuerdo a la Encuesta de Indicadores Laborales.<\/p>\n","protected":false},"author":4,"featured_media":0,"comment_status":"closed","ping_status":"closed","sticky":false,"template":"","format":"standard","meta":{"_jetpack_newsletter_access":"","_jetpack_dont_email_post_to_subs":false,"_jetpack_newsletter_tier_id":0,"_jetpack_memberships_contains_paywalled_content":false,"_jetpack_memberships_contains_paid_content":false,"footnotes":""},"categories":[45],"tags":[],"class_list":["post-119192","post","type-post","status-publish","format-standard","hentry","category-economia"],"jetpack_featured_media_url":"","jetpack_shortlink":"https:\/\/wp.me\/p2JWE0-v0s","jetpack-related-posts":[{"id":103056,"url":"https:\/\/www.24baires.com\/?p=103056","url_meta":{"origin":119192,"position":0},"title":"El sector fabril destruy\u00f3 3700 puestos en abril","author":"AF","date":"28\/06\/2018","format":false,"excerpt":"El Ministerio de Trabajo inform\u00f3 que la industria achic\u00f3 su dotaci\u00f3n de personal. Sobre 29 meses de gobierno de Macri, el empleo en las f\u00e1bricas cay\u00f3 en 27. Monotributistas y contrataciones en el sector p\u00fablico lo compensaron. La industria manufacturera profundiz\u00f3 en abril la p\u00e9rdida de empleos. Seg\u00fan datos presentados\u2026","rel":"","context":"En \u00abEconom\u00eda\u00bb","block_context":{"text":"Econom\u00eda","link":"https:\/\/www.24baires.com\/?cat=45"},"img":{"alt_text":"","src":"https:\/\/i0.wp.com\/www.24baires.com\/wp-content\/uploads\/2018\/05\/industriales.jpg?resize=350%2C200","width":350,"height":200,"srcset":"https:\/\/i0.wp.com\/www.24baires.com\/wp-content\/uploads\/2018\/05\/industriales.jpg?resize=350%2C200 1x, https:\/\/i0.wp.com\/www.24baires.com\/wp-content\/uploads\/2018\/05\/industriales.jpg?resize=525%2C300 1.5x"},"classes":[]},{"id":120426,"url":"https:\/\/www.24baires.com\/?p=120426","url_meta":{"origin":119192,"position":1},"title":"El empleo formal y registrado acumula 35 meses consecutivos de crecimiento","author":"AF","date":"01\/09\/2023","format":false,"excerpt":"Los datos del Sistema Integrado Previsional Argentino se\u00f1alan que entre diciembre de 2019 y junio de 2023, m\u00e1s de un 1,1 mill\u00f3n de personas se incorporaron al trabajo formal en todas sus modalidades. En el primer semestre de este a\u00f1o, el empleo asalariado formal en el sector privado creci\u00f3 1,6%.\u2026","rel":"","context":"En \u00abEconom\u00eda\u00bb","block_context":{"text":"Econom\u00eda","link":"https:\/\/www.24baires.com\/?cat=45"},"img":{"alt_text":"","src":"https:\/\/i0.wp.com\/www.24baires.com\/wp-content\/uploads\/2023\/03\/industriajpg.jpg?resize=350%2C200","width":350,"height":200,"srcset":"https:\/\/i0.wp.com\/www.24baires.com\/wp-content\/uploads\/2023\/03\/industriajpg.jpg?resize=350%2C200 1x, https:\/\/i0.wp.com\/www.24baires.com\/wp-content\/uploads\/2023\/03\/industriajpg.jpg?resize=525%2C300 1.5x, https:\/\/i0.wp.com\/www.24baires.com\/wp-content\/uploads\/2023\/03\/industriajpg.jpg?resize=700%2C400 2x"},"classes":[]},{"id":111861,"url":"https:\/\/www.24baires.com\/?p=111861","url_meta":{"origin":119192,"position":2},"title":"En junio hubo 172 mil trabajadores registrados menos con respecto al a\u00f1o pasado","author":"GB","date":"30\/08\/2019","format":false,"excerpt":"Un informe oficial difundi\u00f3 las preocupantes cifras que implic\u00f3 una ca\u00edda del 1,4% con respecto al mismo mes del 2018. El informe mensual del Ministerio de Producci\u00f3n y Trabajo dio a conocer que empleo registrado sum\u00f3 12.112.800 trabajadores en junio, 1,4% menos en la comparaci\u00f3n interanual, mientras que respecto a\u2026","rel":"","context":"En \u00abSociedad\u00bb","block_context":{"text":"Sociedad","link":"https:\/\/www.24baires.com\/?cat=1"},"img":{"alt_text":"","src":"https:\/\/i0.wp.com\/www.24baires.com\/wp-content\/uploads\/2018\/06\/jovenes-desempleados.jpg?resize=350%2C200","width":350,"height":200,"srcset":"https:\/\/i0.wp.com\/www.24baires.com\/wp-content\/uploads\/2018\/06\/jovenes-desempleados.jpg?resize=350%2C200 1x, https:\/\/i0.wp.com\/www.24baires.com\/wp-content\/uploads\/2018\/06\/jovenes-desempleados.jpg?resize=525%2C300 1.5x"},"classes":[]},{"id":95518,"url":"https:\/\/www.24baires.com\/?p=95518","url_meta":{"origin":119192,"position":3},"title":"Aseguran que se destruyeron 50 mil puestos de trabajo en el sector privado","author":"GB","date":"28\/06\/2017","format":false,"excerpt":"Contra las declaraciones de los funcionarios del gobierno de Mauricio Macri que aseguran que ya se est\u00e1n generando miles de empleos, el ministerio de Trabajo de la Naci\u00f3n reconoci\u00f3 una ca\u00edda del 0,8% en el empleo en el sector privado. El sector privado perdi\u00f3 durante abril m\u00e1s de 50.000 puestos\u2026","rel":"","context":"En \u00abPol\u00edtica\u00bb","block_context":{"text":"Pol\u00edtica","link":"https:\/\/www.24baires.com\/?cat=51"},"img":{"alt_text":"","src":"","width":0,"height":0},"classes":[]},{"id":104895,"url":"https:\/\/www.24baires.com\/?p=104895","url_meta":{"origin":119192,"position":4},"title":"En cuatro meses se perdieron 97.400 empleos","author":"AF","date":"11\/10\/2018","format":false,"excerpt":"Ni brotes verdes, ni luz al final de ning\u00fan t\u00fanel. El mercado de trabajo ya empez\u00f3 a sentir los primeros impactos de la crisis econ\u00f3mica que -desde abril- golpea a la Argentina, donde adem\u00e1s se refleja un incremento de la precarizaci\u00f3n laboral. Unos 97.400 empleos registrados se perdieron en la\u2026","rel":"","context":"En \u00abSociedad\u00bb","block_context":{"text":"Sociedad","link":"https:\/\/www.24baires.com\/?cat=1"},"img":{"alt_text":"","src":"https:\/\/i0.wp.com\/www.24baires.com\/wp-content\/uploads\/2014\/02\/trabajo.jpg?resize=350%2C200","width":350,"height":200,"srcset":"https:\/\/i0.wp.com\/www.24baires.com\/wp-content\/uploads\/2014\/02\/trabajo.jpg?resize=350%2C200 1x, https:\/\/i0.wp.com\/www.24baires.com\/wp-content\/uploads\/2014\/02\/trabajo.jpg?resize=525%2C300 1.5x"},"classes":[]},{"id":108526,"url":"https:\/\/www.24baires.com\/?p=108526","url_meta":{"origin":119192,"position":5},"title":"Durante el \u00faltimo a\u00f1o se perdieron m\u00e1s de 268 mil puestos de trabajo","author":"AF","date":"01\/06\/2019","format":false,"excerpt":"Dentro del derrumbe, la industria manufacturera -la que mejor salario ofrece- fue la m\u00e1s afectada con 69 mil puestos menos. El sector privado, en su peor nivel desde abril de 2014. Como un balde de agua fr\u00eda. As\u00ed recibieron en el Gobierno los datos laborales de marzo que no esperaban\u2026","rel":"","context":"En \u00abSociedad\u00bb","block_context":{"text":"Sociedad","link":"https:\/\/www.24baires.com\/?cat=1"},"img":{"alt_text":"","src":"https:\/\/i0.wp.com\/www.24baires.com\/wp-content\/uploads\/2013\/02\/obreros.jpg?resize=350%2C200","width":350,"height":200,"srcset":"https:\/\/i0.wp.com\/www.24baires.com\/wp-content\/uploads\/2013\/02\/obreros.jpg?resize=350%2C200 1x, https:\/\/i0.wp.com\/www.24baires.com\/wp-content\/uploads\/2013\/02\/obreros.jpg?resize=525%2C300 1.5x"},"classes":[]}],"jetpack_sharing_enabled":true,"jetpack_likes_enabled":true,"_links":{"self":[{"href":"https:\/\/www.24baires.com\/index.php?rest_route=\/wp\/v2\/posts\/119192","targetHints":{"allow":["GET"]}}],"collection":[{"href":"https:\/\/www.24baires.com\/index.php?rest_route=\/wp\/v2\/posts"}],"about":[{"href":"https:\/\/www.24baires.com\/index.php?rest_route=\/wp\/v2\/types\/post"}],"author":[{"embeddable":true,"href":"https:\/\/www.24baires.com\/index.php?rest_route=\/wp\/v2\/users\/4"}],"replies":[{"embeddable":true,"href":"https:\/\/www.24baires.com\/index.php?rest_route=%2Fwp%2Fv2%2Fcomments&post=119192"}],"version-history":[{"count":1,"href":"https:\/\/www.24baires.com\/index.php?rest_route=\/wp\/v2\/posts\/119192\/revisions"}],"predecessor-version":[{"id":119194,"href":"https:\/\/www.24baires.com\/index.php?rest_route=\/wp\/v2\/posts\/119192\/revisions\/119194"}],"wp:attachment":[{"href":"https:\/\/www.24baires.com\/index.php?rest_route=%2Fwp%2Fv2%2Fmedia&parent=119192"}],"wp:term":[{"taxonomy":"category","embeddable":true,"href":"https:\/\/www.24baires.com\/index.php?rest_route=%2Fwp%2Fv2%2Fcategories&post=119192"},{"taxonomy":"post_tag","embeddable":true,"href":"https:\/\/www.24baires.com\/index.php?rest_route=%2Fwp%2Fv2%2Ftags&post=119192"}],"curies":[{"name":"wp","href":"https:\/\/api.w.org\/{rel}","templated":true}]}}