{"id":11919,"date":"2013-01-12T11:00:06","date_gmt":"2013-01-12T14:00:06","guid":{"rendered":"http:\/\/www.24baires.com\/?p=11919"},"modified":"2013-01-12T12:01:16","modified_gmt":"2013-01-12T15:01:16","slug":"nueve-de-cada-diez-argentinos-deciden-veranear-dentro-del-pais","status":"publish","type":"post","link":"https:\/\/www.24baires.com\/?p=11919","title":{"rendered":"Nueve de cada diez argentinos deciden veranear dentro del pa\u00eds"},"content":{"rendered":"<p><a href=\"http:\/\/www.24baires.com\/sociedad\/11919-nueve-de-cada-diez-argentinos-deciden-veranear-dentro-del-pais\/attachment\/playa-mdp\/\" rel=\"attachment wp-att-11920\"><img data-recalc-dims=\"1\" loading=\"lazy\" decoding=\"async\" class=\"alignleft size-medium wp-image-11920\" alt=\"playa mdp\" src=\"https:\/\/i0.wp.com\/www.24baires.com\/wp-content\/uploads\/2013\/01\/playa-mdp.jpg?resize=300%2C213\" width=\"300\" height=\"213\" srcset=\"https:\/\/i0.wp.com\/www.24baires.com\/wp-content\/uploads\/2013\/01\/playa-mdp.jpg?resize=300%2C213&amp;ssl=1 300w, https:\/\/i0.wp.com\/www.24baires.com\/wp-content\/uploads\/2013\/01\/playa-mdp.jpg?w=505&amp;ssl=1 505w\" sizes=\"auto, (max-width: 300px) 100vw, 300px\" \/><\/a>Las cifras oficiales establecen que desde 2003 subieron un 56% los turistas que optaron por quedarse fronteras adentro para descansar durante el verano. Una encuesta sobre tendencias se\u00f1ala que a la mayor\u00eda le gusta repetir el destino.<!--more--><br \/>\nM\u00e1s del 90% de los argentinos que vacaciona lo hace en el pa\u00eds, tendencia que crece a\u00f1o a a\u00f1o, informaron desde el Ministerio de Turismo de la Naci\u00f3n. Por otro lado, una encuesta nacional realizada por la agencia Maxus busca analizar c\u00f3mo planean veranear esas personas y determin\u00f3 un \u00abbrusco descenso\u00bb en la opci\u00f3n de viajar con amigos, y que el 60% repetir\u00e1 el mismo destino de la \u00faltima temporada.<br \/>\nA partir de 2003, el turismo interno creci\u00f3 el 56%, y s\u00f3lo en 2012 aument\u00f3 el 9% respecto a 2011, con gran incidencia de los fines de semana largos. En total fueron 55 millones de arribos de turismo interno, a los que se agregan cerca de 5 millones de extranjeros. \u00abEn esta temporada estival tenemos expectativa de 30 millones de arribos internos frente a los 27 millones de 2012, lo que representar\u00eda un aumento de entre un 9 y un 10%\u00bb, resalt\u00f3 la subsecretaria de Promoci\u00f3n Tur\u00edstica, Patricia Vismara. Las razones son que hay m\u00e1s gente que vacaciona (\u00abse calcula que hay 4 millones de argentinos que se incorporaron al consumo tur\u00edstico\u00bb), y tambi\u00e9n por la diversificaci\u00f3n y ampliaci\u00f3n de las ofertas (m\u00e1s destinos). \u00abHa variado la decisi\u00f3n de los veraneantes. Antes eran la playa y las sierras, hoy la Patagonia, Cuyo, el Norte, el Litoral est\u00e1n ya incorporados al consumo tur\u00edstico, ayudado por que se mejoraron las v\u00edas de comunicaci\u00f3n con una red vial mucho m\u00e1s desarrollada\u00bb. Vismara agreg\u00f3 el Bicentenario como \u00abbisagra\u00bb en el crecimiento de esta tendencia, \u00abcon decisiones tomadas que apuntaron a la recuperaci\u00f3n de la identidad, el sentido de pertenencia y orgullo, conocer distintos destinos del pa\u00eds, e interactuar con otras culturas internas\u00bb.<br \/>\nLa encuesta de Maxus tom\u00f3 tres categor\u00edas: personas con o sin hijos, menores o mayores de 45 a\u00f1os, y lugar de residencia (Capital o resto del pa\u00eds). De ellos, un 88% de la poblaci\u00f3n veranear\u00e1. \u00abSe espera mayor actividad que en el \u00faltimo a\u00f1o\u00bb, dice el trabajo. Esta temporada, los consultados calcularon gastar un 8% m\u00e1s que en 2012. Otro punto que refleja la consulta es el descenso en la opci\u00f3n de viajar con amigos o tomarse las vacaciones solos (menos de un 5% elige esto \u00faltimo). Antes, un 40% de la poblaci\u00f3n en general (y casi un 70% de quienes no son padres) hab\u00eda declarado irse en grupo, mientras que ahora llega a la mitad. La inclinaci\u00f3n de irse con la pareja (50%) o con miembros de la familia alcanza el 25% de los consultados.<br \/>\nLa segunda quincena de enero a\u00fan es la m\u00e1s requerida, en especial para los del interior (38%) y las personas sin hijos (41%), quienes tambi\u00e9n ubican marzo como buena alternativa (30%). Las caba\u00f1as se vislumbran como uno de los alojamientos con mayor crecimiento en gran parte del pa\u00eds. Los porte\u00f1os parecen buscar vacaciones m\u00e1s relajadas, al preferir por encima del resto leer o descansar. Por el contrario, quienes viven en el interior se destacan por ir de excursi\u00f3n y asistir a todo tipo de espect\u00e1culos.<br \/>\nExtra\u00f1amente, dormir y salir a bailar no fueron muy elegidas entre las actividades predilectas del verano. Los m\u00e1s j\u00f3venes tienen mayor inclinaci\u00f3n a recitales, mientras que los mayores, a realizar m\u00e1s deportes. Los videojuegos que eran m\u00e1s seleccionados en los \u00b490 ya casi no son opci\u00f3n de pasatiempo (hay que tener en cuenta que la mayor\u00eda lleva tecnolog\u00eda de la casa como consolas o portables).<br \/>\n\u00abEstas vacaciones se est\u00e1 alquilando mucho, y entre dos departamentos a buen precio, priorizan aquellos que ya ten\u00edan wi-fi, al igual que los balnearios que cuentan con este servicio. Demuestra que el hecho de estar conectado a Internet pas\u00f3 a ser casi una necesidad para la familia argentina\u00bb, remarc\u00f3 Vicente Lourenzo, secretario de la C\u00e1mara Argentina de la Mediana Empresa (CAME).<br \/>\nLas playas siguen siendo lo m\u00e1s visitado, seg\u00fan el sondeo, pero hay crecimientos en Cuyo (10%) y Patagonia (casi 20%) entre los del interior, mientras que los de Capital tienen tambi\u00e9n a las sierras entre sus preferencias. Al momento de elegir los mejores destinos, C\u00f3rdoba mantiene el liderazgo (23,9%), seguido de Mendoza (17%) y el territorio bonaerense (12,5%), y Salta gana un espacio considerable, con un 10%. \u00abLa proyecci\u00f3n que tenemos para este a\u00f1o es que va a ser mejor que 2012. Lo decimos por la Navidad que vivimos, que siempre indica c\u00f3mo se proyecta el a\u00f1o siguiente, y porque no se da lo que apareci\u00f3 sorpresivamente en 2012 que fue el tema del d\u00f3lar, que junto a otras medidas generaron al principio una determinada incertidumbre con restricci\u00f3n al consumo. Este a\u00f1o ya est\u00e1 conocido, y la gente est\u00e1 decidida a consumir\u00bb, sostuvo Lourenzo.<br \/>\nPara Vismara, las medidas cambiaria no impactan en la elecci\u00f3n del destino. \u00abDe hecho la salida de argentinos al exterior se increment\u00f3\u00bb. Tanto la funcionaria como Lourenzo coincidieron que en los \u00faltimos tiempos prevalece la tendencia de viajes m\u00e1s cortos, m\u00e1s veces al a\u00f1o y a lugares m\u00e1s cercanos. \u00abSe ve claramente en el pa\u00eds y fue acompa\u00f1ada por la decisi\u00f3n de incorporar los fines de semana largo al calendario de feriados anuales, lo que da como resultado un movimiento muy importante todo el a\u00f1o generando un equilibrio por estacionalidad, no s\u00f3lo en la Costa o las sierras cordobesas en verano, y acompa\u00f1a el desarrollo local mucho m\u00e1s que antes, con empleo sostenido\u00bb, asegur\u00f3 la subsecretaria de Promoci\u00f3n Tur\u00edstica. Lourenzo acot\u00f3: \u00abEn 2012 se demostr\u00f3 que al argentino le gustan las minivacaciones, y los n\u00fameros demuestran claramente que opt\u00f3 en su gran mayor\u00eda por quedarse veraneando en el pa\u00eds\u00bb.<\/p>\n<p>&nbsp;<\/p>\n<p>&nbsp;<\/p>\n<p>&nbsp;<\/p>\n<p>&nbsp;<\/p>\n<p>&nbsp;<\/p>\n<p>&nbsp;<\/p>\n<p>&nbsp;<\/p>\n<p>&nbsp;<\/p>\n<p>&nbsp;<\/p>\n<p>&nbsp;<\/p>\n<p>&nbsp;<\/p>\n<p>&nbsp;<\/p>\n<p>&nbsp;<\/p>\n<p>&nbsp;<\/p>\n<p>&nbsp;<\/p>\n","protected":false},"excerpt":{"rendered":"<p>Las cifras oficiales establecen que desde 2003 subieron un 56% los turistas que optaron por quedarse fronteras adentro para descansar durante el verano. Una encuesta sobre tendencias se\u00f1ala que a la mayor\u00eda le gusta repetir el destino.<\/p>\n","protected":false},"author":4,"featured_media":0,"comment_status":"open","ping_status":"open","sticky":false,"template":"","format":"standard","meta":{"_jetpack_newsletter_access":"","_jetpack_dont_email_post_to_subs":false,"_jetpack_newsletter_tier_id":0,"_jetpack_memberships_contains_paywalled_content":false,"_jetpack_memberships_contains_paid_content":false,"footnotes":""},"categories":[1],"tags":[],"class_list":["post-11919","post","type-post","status-publish","format-standard","hentry","category-sociedad"],"jetpack_featured_media_url":"","jetpack_shortlink":"https:\/\/wp.me\/p2JWE0-36f","jetpack-related-posts":[{"id":119166,"url":"https:\/\/www.24baires.com\/?p=119166","url_meta":{"origin":11919,"position":0},"title":"M\u00e1s de 5 millones de turistas viajaron por el pa\u00eds durante las vacaciones","author":"AF","date":"31\/07\/2022","format":false,"excerpt":"\"Como sucedi\u00f3 con la temporada de verano, en los fines de semana largos de Carnaval, de Semana Santa y el \u00faltimo de junio, volvimos a superar las cifras de movimiento tur\u00edstico de la prepandemia\", destac\u00f3 el ministro de Turismo y Deportes, Mat\u00edas Lammens. M\u00e1s de 5 millones de turistas viajaron\u2026","rel":"","context":"En \u00abSociedad\u00bb","block_context":{"text":"Sociedad","link":"https:\/\/www.24baires.com\/?cat=1"},"img":{"alt_text":"","src":"https:\/\/i0.wp.com\/www.24baires.com\/wp-content\/uploads\/2022\/07\/cataratas.jpg?resize=350%2C200","width":350,"height":200,"srcset":"https:\/\/i0.wp.com\/www.24baires.com\/wp-content\/uploads\/2022\/07\/cataratas.jpg?resize=350%2C200 1x, https:\/\/i0.wp.com\/www.24baires.com\/wp-content\/uploads\/2022\/07\/cataratas.jpg?resize=525%2C300 1.5x, https:\/\/i0.wp.com\/www.24baires.com\/wp-content\/uploads\/2022\/07\/cataratas.jpg?resize=700%2C400 2x"},"classes":[]},{"id":35272,"url":"https:\/\/www.24baires.com\/?p=35272","url_meta":{"origin":11919,"position":1},"title":"El 70% de los argentinos vacacionar\u00e1 dentro del pa\u00eds","author":"AF","date":"16\/11\/2013","format":false,"excerpt":"Una encuesta privada indag\u00f3 sobre las preferencias para estas vacaciones. El 56% dijo que ir\u00e1 a la Costa Atl\u00e1ntica y un 24% a la monta\u00f1a y a las sierras. Un estudio sobre un muestreo de 554 encuestados arroj\u00f3 como resultado que 7 de cada 10 argentinos eligen veranear en el\u2026","rel":"","context":"En \u00abSociedad\u00bb","block_context":{"text":"Sociedad","link":"https:\/\/www.24baires.com\/?cat=1"},"img":{"alt_text":"mdp playa","src":"https:\/\/i0.wp.com\/www.24baires.com\/wp-content\/uploads\/2013\/02\/mdp-playa.jpg?resize=350%2C200","width":350,"height":200,"srcset":"https:\/\/i0.wp.com\/www.24baires.com\/wp-content\/uploads\/2013\/02\/mdp-playa.jpg?resize=350%2C200 1x, https:\/\/i0.wp.com\/www.24baires.com\/wp-content\/uploads\/2013\/02\/mdp-playa.jpg?resize=525%2C300 1.5x"},"classes":[]},{"id":119722,"url":"https:\/\/www.24baires.com\/?p=119722","url_meta":{"origin":11919,"position":2},"title":"Ocupaci\u00f3n de entre el 85% y 100% en destinos bonaerenses en la primera quincena de enero","author":"GB","date":"16\/01\/2023","format":false,"excerpt":"As\u00ed surge de los relevamientos del Observatorio Argentino de Turismo (OAT). \"Estamos viviendo un gran verano, con muy buenos niveles de ocupaci\u00f3n, similares a los de la hist\u00f3rica temporada del 2022. De acuerdo a nuestras proyecciones, tambi\u00e9n ser\u00e1 intenso el movimiento tur\u00edstico durante la segunda quincena de enero y todo\u2026","rel":"","context":"En \u00abSociedad\u00bb","block_context":{"text":"Sociedad","link":"https:\/\/www.24baires.com\/?cat=1"},"img":{"alt_text":"","src":"https:\/\/i0.wp.com\/www.24baires.com\/wp-content\/uploads\/2020\/05\/mar-del-plata.jpg?resize=350%2C200","width":350,"height":200,"srcset":"https:\/\/i0.wp.com\/www.24baires.com\/wp-content\/uploads\/2020\/05\/mar-del-plata.jpg?resize=350%2C200 1x, https:\/\/i0.wp.com\/www.24baires.com\/wp-content\/uploads\/2020\/05\/mar-del-plata.jpg?resize=525%2C300 1.5x, https:\/\/i0.wp.com\/www.24baires.com\/wp-content\/uploads\/2020\/05\/mar-del-plata.jpg?resize=700%2C400 2x"},"classes":[]},{"id":40226,"url":"https:\/\/www.24baires.com\/?p=40226","url_meta":{"origin":11919,"position":3},"title":"Balance: los turistas gastaron m\u00e1s durante enero en comparaci\u00f3n al 2013","author":"GB","date":"10\/02\/2014","format":false,"excerpt":"El gasto promedio diario de los turistas en alojamiento, comidas y recreaci\u00f3n duplic\u00f3 al del mismo mes de 2013 en algunos destinos argentinos, inform\u00f3 el Ministerio de Turismo. Las proyecciones de esa cartera y organismos provinciales del \u00e1rea indican que las erogaciones en alojamiento, comidas y recreaci\u00f3n arrojan un saldo\u2026","rel":"","context":"En \u00abSociedad\u00bb","block_context":{"text":"Sociedad","link":"https:\/\/www.24baires.com\/?cat=1"},"img":{"alt_text":"","src":"","width":0,"height":0},"classes":[]},{"id":116792,"url":"https:\/\/www.24baires.com\/?p=116792","url_meta":{"origin":11919,"position":4},"title":"Web Verano: los requisitos para irse de vacaciones","author":"AF","date":"30\/11\/2020","format":false,"excerpt":"Las 23 provincias y la Ciudad de Buenos Aires presentaron all\u00ed los requisitos que debe cumplir el p\u00fablico para entrar a sus territorios durante el verano 2021. El Ministerio de Turismo y Deportes present\u00f3 junto con la Secretar\u00eda de Innovaci\u00f3n P\u00fablica la Web Verano, el sitio oficial del Gobierno Nacional\u2026","rel":"","context":"En \u00abSociedad\u00bb","block_context":{"text":"Sociedad","link":"https:\/\/www.24baires.com\/?cat=1"},"img":{"alt_text":"","src":"https:\/\/i0.wp.com\/www.24baires.com\/wp-content\/uploads\/2020\/02\/playa.jpg?resize=350%2C200","width":350,"height":200,"srcset":"https:\/\/i0.wp.com\/www.24baires.com\/wp-content\/uploads\/2020\/02\/playa.jpg?resize=350%2C200 1x, https:\/\/i0.wp.com\/www.24baires.com\/wp-content\/uploads\/2020\/02\/playa.jpg?resize=525%2C300 1.5x"},"classes":[]},{"id":39523,"url":"https:\/\/www.24baires.com\/?p=39523","url_meta":{"origin":11919,"position":5},"title":"Buscar consagrar a La Lucila como la \u201cCapital Nacional del Amor\u201d","author":"Grupo Sierra","date":"30\/01\/2014","format":false,"excerpt":"El secretario de turismo del Partido de La Costa, Rodrigo Torre, habl\u00f3 sobre la temporada y destac\u00f3 que \u201cen Lucila del Mar el 14 de febrero estamos festejando el d\u00eda de los enamorados por sexto a\u00f1o consecutivo, donde llevamos a cabo espect\u00e1culos, y nuestro objetivo es transformar la ciudad en\u2026","rel":"","context":"En \u00abLocales\u00bb","block_context":{"text":"Locales","link":"https:\/\/www.24baires.com\/?cat=38"},"img":{"alt_text":"amor lucila","src":"https:\/\/i0.wp.com\/www.24baires.com\/wp-content\/uploads\/2014\/01\/amor-lucila-300x201.jpg?resize=350%2C200","width":350,"height":200},"classes":[]}],"jetpack_sharing_enabled":true,"jetpack_likes_enabled":true,"_links":{"self":[{"href":"https:\/\/www.24baires.com\/index.php?rest_route=\/wp\/v2\/posts\/11919","targetHints":{"allow":["GET"]}}],"collection":[{"href":"https:\/\/www.24baires.com\/index.php?rest_route=\/wp\/v2\/posts"}],"about":[{"href":"https:\/\/www.24baires.com\/index.php?rest_route=\/wp\/v2\/types\/post"}],"author":[{"embeddable":true,"href":"https:\/\/www.24baires.com\/index.php?rest_route=\/wp\/v2\/users\/4"}],"replies":[{"embeddable":true,"href":"https:\/\/www.24baires.com\/index.php?rest_route=%2Fwp%2Fv2%2Fcomments&post=11919"}],"version-history":[{"count":3,"href":"https:\/\/www.24baires.com\/index.php?rest_route=\/wp\/v2\/posts\/11919\/revisions"}],"predecessor-version":[{"id":11923,"href":"https:\/\/www.24baires.com\/index.php?rest_route=\/wp\/v2\/posts\/11919\/revisions\/11923"}],"wp:attachment":[{"href":"https:\/\/www.24baires.com\/index.php?rest_route=%2Fwp%2Fv2%2Fmedia&parent=11919"}],"wp:term":[{"taxonomy":"category","embeddable":true,"href":"https:\/\/www.24baires.com\/index.php?rest_route=%2Fwp%2Fv2%2Fcategories&post=11919"},{"taxonomy":"post_tag","embeddable":true,"href":"https:\/\/www.24baires.com\/index.php?rest_route=%2Fwp%2Fv2%2Ftags&post=11919"}],"curies":[{"name":"wp","href":"https:\/\/api.w.org\/{rel}","templated":true}]}}