{"id":119185,"date":"2022-08-04T09:54:54","date_gmt":"2022-08-04T12:54:54","guid":{"rendered":"http:\/\/www.24baires.com\/?p=119185"},"modified":"2022-08-04T09:54:54","modified_gmt":"2022-08-04T12:54:54","slug":"el-flamante-super-ministro-anuncio-principios-y-motores","status":"publish","type":"post","link":"https:\/\/www.24baires.com\/?p=119185","title":{"rendered":"El flamante s\u00faper ministro anunci\u00f3 \u201cprincipios y motores\u201d"},"content":{"rendered":"<p><img data-recalc-dims=\"1\" loading=\"lazy\" decoding=\"async\" class=\"aligncenter wp-image-119186\" src=\"https:\/\/i0.wp.com\/www.24baires.com\/wp-content\/uploads\/2022\/08\/FZR7y6cWAAESzYn-1024x670-1.jpg?resize=720%2C471\" alt=\"\" width=\"720\" height=\"471\" srcset=\"https:\/\/i0.wp.com\/www.24baires.com\/wp-content\/uploads\/2022\/08\/FZR7y6cWAAESzYn-1024x670-1.jpg?w=1024&amp;ssl=1 1024w, https:\/\/i0.wp.com\/www.24baires.com\/wp-content\/uploads\/2022\/08\/FZR7y6cWAAESzYn-1024x670-1.jpg?resize=300%2C196&amp;ssl=1 300w, https:\/\/i0.wp.com\/www.24baires.com\/wp-content\/uploads\/2022\/08\/FZR7y6cWAAESzYn-1024x670-1.jpg?resize=768%2C503&amp;ssl=1 768w\" sizes=\"auto, (max-width: 720px) 100vw, 720px\" \/>Massa asegur\u00f3 que el \u201cobjetivo es crecer con inclusi\u00f3n y vinimos a trabajar para eso\u201d, luego de adelantar el paquete de medidas que priorizar\u00e1 su gesti\u00f3n al frente de la cartera econ\u00f3mica.<!--more--><\/p>\n<p>Dos horas despu\u00e9s de jurar su cargo como titular del Ministerio Unificado, Sergio Massa dio una conferencia de prensa en el Palacio de Hacienda donde presento las primeras medidas y objetivos que ha trazado junto a su equipo.<\/p>\n<p>Seg\u00fan indic\u00f3, Argentina \u201ctiene la oportunidad de transformarse en un gran jugador mundial\u201d destacando la riqueza y heterogeneidad de recursos nacionales, y asegur\u00f3: \u201cNuestro objetivo es crecer con inclusi\u00f3n y vinimos a trabajar para eso\u201d.<\/p>\n<p>En esa linea, afirm\u00f3 que para combatir la inflaci\u00f3n, la cu\u00e1l categoriz\u00f3 como \u201cla mayor f\u00e1brica de pobreza\u201d, su gesti\u00f3n se va a regir por \u201cprincipios y motores\u201d, detallando que \u201centre los principios est\u00e1n el orden fiscal, el super\u00e1vit comercial, el fortalecimiento de reservas y el desarrollo con inclusi\u00f3n; y, entre los motores, la inversi\u00f3n, la producci\u00f3n, las exportaciones y la defensa del mercado interno\u201d.<\/p>\n<p>Dos horas despu\u00e9s de jurar su cargo como titular del Ministerio Unificado, Sergio Massa dio una conferencia de prensa en el Palacio de Hacienda donde presento las primeras medidas y objetivos que ha trazado junto a su equipo.<\/p>\n<p>Seg\u00fan indic\u00f3, Argentina \u201ctiene la oportunidad de transformarse en un gran jugador mundial\u201d destacando la riqueza y heterogeneidad de recursos nacionales, y asegur\u00f3: \u201cNuestro objetivo es crecer con inclusi\u00f3n y vinimos a trabajar para eso\u201d.<\/p>\n<p>En esa linea, afirm\u00f3 que para combatir la inflaci\u00f3n, la cu\u00e1l categoriz\u00f3 como \u201cla mayor f\u00e1brica de pobreza\u201d, su gesti\u00f3n se va a regir por \u201cprincipios y motores\u201d, detallando que \u201centre los principios est\u00e1n el orden fiscal, el super\u00e1vit comercial, el fortalecimiento de reservas y el desarrollo con inclusi\u00f3n; y, entre los motores, la inversi\u00f3n, la producci\u00f3n, las exportaciones y la defensa del mercado interno\u201d.<\/p>\n<p>Por otra parte, anunci\u00f3 que \u201cno se utilizar\u00e1 el saldo de adelantos del Tesoro en lo que resta del a\u00f1o y el lunes se har\u00e1 un reintegro de $10 mil millones al BCRA\u201d. Ante eso, explic\u00f3: \u201cRige el congelamiento de la planta del Estado, pero cada jurisdicci\u00f3n ser\u00e1 responsable por las empresas descentralizadas que tambi\u00e9n estar\u00e1n alcanzadas por la limitaci\u00f3n\u201d.<\/p>\n<p>Asimismo, adelant\u00f3 que el Gobierno nacional lanzar\u00e1 un programa de cr\u00e9dito a tasas promocionales y un esquema de garant\u00edas para primeros exportadores para \u201cvender m\u00e1s trabajo argentino al mundo\u201d<\/p>\n<p>Este mecanismo estar\u00e1 acompa\u00f1ado de un sistema de trazabilidad para el comercio exterior, ya que \u201cla idea es tener mayor control y transparencia en el uso de divisas para importaciones\u201d, de modo que haya trazabilidad de la solicitud y la entrega de las divisas, con prioridad para importaci\u00f3n de recursos destinados a salud y producci\u00f3n, explic\u00f3.<\/p>\n<p>Seg\u00fan Massa, se va a promocionar la financiaci\u00f3n de exportaciones y a denunciar ante la Justicia a aquellas empresas que mediante triangulaci\u00f3n de importaciones se apropiaron de divisas. \u201cQueremos un control y transparencia sobre el uso de las divisas, desde la autorizaci\u00f3n y hasta la liberaci\u00f3n de las divisas, habr\u00e1 plazo fecha y autorizaci\u00f3n, con prioridad para las cadenas productivas y de salud\u201d, afirm\u00f3<\/p>\n","protected":false},"excerpt":{"rendered":"<p>Massa asegur\u00f3 que el \u201cobjetivo es crecer con inclusi\u00f3n y vinimos a trabajar para eso\u201d, luego de adelantar el paquete de medidas que priorizar\u00e1 su gesti\u00f3n al frente de la cartera econ\u00f3mica.<\/p>\n","protected":false},"author":8,"featured_media":0,"comment_status":"closed","ping_status":"closed","sticky":false,"template":"","format":"standard","meta":{"_jetpack_newsletter_access":"","_jetpack_dont_email_post_to_subs":false,"_jetpack_newsletter_tier_id":0,"_jetpack_memberships_contains_paywalled_content":false,"_jetpack_memberships_contains_paid_content":false,"footnotes":""},"categories":[45],"tags":[],"class_list":["post-119185","post","type-post","status-publish","format-standard","hentry","category-economia"],"jetpack_featured_media_url":"","jetpack_shortlink":"https:\/\/wp.me\/p2JWE0-v0l","jetpack-related-posts":[{"id":120605,"url":"https:\/\/www.24baires.com\/?p=120605","url_meta":{"origin":119185,"position":0},"title":"Es oficial la reconversi\u00f3n de los planes sociales en empleo genuino","author":"GB","date":"01\/11\/2023","format":false,"excerpt":"Desde el Ministerio de Econom\u00eda, Massa detall\u00f3 que, a partir de esa fecha, los programas sociales \"van a tener capacitaci\u00f3n laboral obligatoria, inscripci\u00f3n en las bolsas de empleo de cada una de las ciudades y de cada una de las gerencias de empleo, y el control de contraprestaci\u00f3n, tanto en\u2026","rel":"","context":"En \u00abPol\u00edtica\u00bb","block_context":{"text":"Pol\u00edtica","link":"https:\/\/www.24baires.com\/?cat=51"},"img":{"alt_text":"","src":"https:\/\/i0.wp.com\/www.24baires.com\/wp-content\/uploads\/2023\/11\/movi.webp?resize=350%2C200","width":350,"height":200,"srcset":"https:\/\/i0.wp.com\/www.24baires.com\/wp-content\/uploads\/2023\/11\/movi.webp?resize=350%2C200 1x, https:\/\/i0.wp.com\/www.24baires.com\/wp-content\/uploads\/2023\/11\/movi.webp?resize=525%2C300 1.5x, https:\/\/i0.wp.com\/www.24baires.com\/wp-content\/uploads\/2023\/11\/movi.webp?resize=700%2C400 2x"},"classes":[]},{"id":120346,"url":"https:\/\/www.24baires.com\/?p=120346","url_meta":{"origin":119185,"position":1},"title":"El Gobierno analiza el pago de una suma fija a trabajadores","author":"AF","date":"07\/08\/2023","format":false,"excerpt":"El ministro Sergio Massa expres\u00f3 que eval\u00faa junto con los sectores sindicales una suma fija para los trabajadores, bajo \"la convicci\u00f3n de que tenemos que buscar mecanismos de mejora del ingreso\". Tambi\u00e9n anunci\u00f3 una inversi\u00f3n de $ 19.000 millones para financiar a pymes exportadoras. \"El gran objetivo debe ser promover\u2026","rel":"","context":"En \u00abEconom\u00eda\u00bb","block_context":{"text":"Econom\u00eda","link":"https:\/\/www.24baires.com\/?cat=45"},"img":{"alt_text":"","src":"https:\/\/i0.wp.com\/www.24baires.com\/wp-content\/uploads\/2023\/08\/massa.jpeg?resize=350%2C200","width":350,"height":200,"srcset":"https:\/\/i0.wp.com\/www.24baires.com\/wp-content\/uploads\/2023\/08\/massa.jpeg?resize=350%2C200 1x, https:\/\/i0.wp.com\/www.24baires.com\/wp-content\/uploads\/2023\/08\/massa.jpeg?resize=525%2C300 1.5x, https:\/\/i0.wp.com\/www.24baires.com\/wp-content\/uploads\/2023\/08\/massa.jpeg?resize=700%2C400 2x"},"classes":[]},{"id":104156,"url":"https:\/\/www.24baires.com\/?p=104156","url_meta":{"origin":119185,"position":2},"title":"Sadop asegura que aument\u00f3 la adhesi\u00f3n a los paros en colegios privados","author":"GB","date":"29\/08\/2018","format":false,"excerpt":"La informaci\u00f3n fue brindada por Eugenia Vosilaitis, Secretaria Adjunta de SADOP La Plata. Adem\u00e1s asegur\u00f3 que buscan privatizar la escuela p\u00fablica, y asegur\u00f3 que es un mito que los colegios privados sean mejores que los p\u00fablicos. En el marco de la segunda jornada de paro que realiza el Frente de\u2026","rel":"","context":"En \u00abProvincia\u00bb","block_context":{"text":"Provincia","link":"https:\/\/www.24baires.com\/?cat=40"},"img":{"alt_text":"","src":"https:\/\/i0.wp.com\/www.24baires.com\/wp-content\/uploads\/2015\/04\/marcha-docentes.jpg?resize=350%2C200","width":350,"height":200,"srcset":"https:\/\/i0.wp.com\/www.24baires.com\/wp-content\/uploads\/2015\/04\/marcha-docentes.jpg?resize=350%2C200 1x, https:\/\/i0.wp.com\/www.24baires.com\/wp-content\/uploads\/2015\/04\/marcha-docentes.jpg?resize=525%2C300 1.5x"},"classes":[]},{"id":120291,"url":"https:\/\/www.24baires.com\/?p=120291","url_meta":{"origin":119185,"position":3},"title":"Cristina: \u201cEl FMI se tiene que hacer cargo de los desmanejos de la directora anterior\u201d","author":"AF","date":"17\/07\/2023","format":false,"excerpt":"En el acto por los 15 a\u00f1os de estatizaci\u00f3n de Aerol\u00edneas Argentinas que comparti\u00f3 con el ministro y precandidato presidencial Sergio Massa, la vicepresidenta Cristina Fern\u00e1ndez de Kirchner inst\u00f3 a la conducci\u00f3n del Fondo Monetario Internacional a \u201chacerse cargo del desmanejo que tuvo la anterior directora\u201d, en referencia a Christine\u2026","rel":"","context":"En \u00abPol\u00edtica\u00bb","block_context":{"text":"Pol\u00edtica","link":"https:\/\/www.24baires.com\/?cat=51"},"img":{"alt_text":"","src":"https:\/\/i0.wp.com\/www.24baires.com\/wp-content\/uploads\/2023\/07\/WhatsApp-Image-2023-07-17-at-23.04.06.jpeg?resize=350%2C200","width":350,"height":200,"srcset":"https:\/\/i0.wp.com\/www.24baires.com\/wp-content\/uploads\/2023\/07\/WhatsApp-Image-2023-07-17-at-23.04.06.jpeg?resize=350%2C200 1x, https:\/\/i0.wp.com\/www.24baires.com\/wp-content\/uploads\/2023\/07\/WhatsApp-Image-2023-07-17-at-23.04.06.jpeg?resize=525%2C300 1.5x, https:\/\/i0.wp.com\/www.24baires.com\/wp-content\/uploads\/2023\/07\/WhatsApp-Image-2023-07-17-at-23.04.06.jpeg?resize=700%2C400 2x"},"classes":[]},{"id":117203,"url":"https:\/\/www.24baires.com\/?p=117203","url_meta":{"origin":119185,"position":4},"title":"Massa busca consensos para rebajar el impuesto a las ganancias","author":"GB","date":"18\/02\/2021","format":false,"excerpt":"El presidente de la C\u00e1mara de Diputados de la Naci\u00f3n, Sergio Massa, trabaja para lograr la rebaja del impuesto a las ganancias. El presidente de la C\u00e1mara de Diputados de la Naci\u00f3n, Sergio Massa, adelant\u00f3 que busca generar consensos con diferentes sectores para lograr la rebaja en el impuesto a\u2026","rel":"","context":"En \u00abPol\u00edtica\u00bb","block_context":{"text":"Pol\u00edtica","link":"https:\/\/www.24baires.com\/?cat=51"},"img":{"alt_text":"","src":"https:\/\/i0.wp.com\/www.24baires.com\/wp-content\/uploads\/2021\/02\/massa-busca-beneficiar-trabajadores-la-rebaja-del-impuesto-las-ganancias-300x200.jpg?resize=350%2C200","width":350,"height":200},"classes":[]},{"id":119177,"url":"https:\/\/www.24baires.com\/?p=119177","url_meta":{"origin":119185,"position":5},"title":"Bahillo, De Mendiguren y Tombolini, los nuevos ministros","author":"AF","date":"02\/08\/2022","format":false,"excerpt":"Se trata de Juan Jos\u00e9 Bahillo, quien ser\u00e1 el secretario de Agricultura, Ganader\u00eda y Pesca; Jos\u00e9 Ignacio de Mendiguren, que encabezar\u00e1 la secretar\u00eda de Producci\u00f3n; y Mat\u00edas Tombolini, quien conducir\u00e1 la secretar\u00eda de Comercio en la que se unificar\u00e1n las labores de comercio interior y comercio exterior que hasta este\u2026","rel":"","context":"En \u00abPol\u00edtica\u00bb","block_context":{"text":"Pol\u00edtica","link":"https:\/\/www.24baires.com\/?cat=51"},"img":{"alt_text":"","src":"https:\/\/i0.wp.com\/www.24baires.com\/wp-content\/uploads\/2022\/08\/62e98b23c8f71_900.jpg?resize=350%2C200","width":350,"height":200,"srcset":"https:\/\/i0.wp.com\/www.24baires.com\/wp-content\/uploads\/2022\/08\/62e98b23c8f71_900.jpg?resize=350%2C200 1x, https:\/\/i0.wp.com\/www.24baires.com\/wp-content\/uploads\/2022\/08\/62e98b23c8f71_900.jpg?resize=525%2C300 1.5x, https:\/\/i0.wp.com\/www.24baires.com\/wp-content\/uploads\/2022\/08\/62e98b23c8f71_900.jpg?resize=700%2C400 2x"},"classes":[]}],"jetpack_sharing_enabled":true,"jetpack_likes_enabled":true,"_links":{"self":[{"href":"https:\/\/www.24baires.com\/index.php?rest_route=\/wp\/v2\/posts\/119185","targetHints":{"allow":["GET"]}}],"collection":[{"href":"https:\/\/www.24baires.com\/index.php?rest_route=\/wp\/v2\/posts"}],"about":[{"href":"https:\/\/www.24baires.com\/index.php?rest_route=\/wp\/v2\/types\/post"}],"author":[{"embeddable":true,"href":"https:\/\/www.24baires.com\/index.php?rest_route=\/wp\/v2\/users\/8"}],"replies":[{"embeddable":true,"href":"https:\/\/www.24baires.com\/index.php?rest_route=%2Fwp%2Fv2%2Fcomments&post=119185"}],"version-history":[{"count":1,"href":"https:\/\/www.24baires.com\/index.php?rest_route=\/wp\/v2\/posts\/119185\/revisions"}],"predecessor-version":[{"id":119187,"href":"https:\/\/www.24baires.com\/index.php?rest_route=\/wp\/v2\/posts\/119185\/revisions\/119187"}],"wp:attachment":[{"href":"https:\/\/www.24baires.com\/index.php?rest_route=%2Fwp%2Fv2%2Fmedia&parent=119185"}],"wp:term":[{"taxonomy":"category","embeddable":true,"href":"https:\/\/www.24baires.com\/index.php?rest_route=%2Fwp%2Fv2%2Fcategories&post=119185"},{"taxonomy":"post_tag","embeddable":true,"href":"https:\/\/www.24baires.com\/index.php?rest_route=%2Fwp%2Fv2%2Ftags&post=119185"}],"curies":[{"name":"wp","href":"https:\/\/api.w.org\/{rel}","templated":true}]}}