{"id":119163,"date":"2022-07-30T19:42:24","date_gmt":"2022-07-30T22:42:24","guid":{"rendered":"http:\/\/www.24baires.com\/?p=119163"},"modified":"2022-07-30T19:42:24","modified_gmt":"2022-07-30T22:42:24","slug":"massa-apostara-a-los-incentivos-fiscales","status":"publish","type":"post","link":"https:\/\/www.24baires.com\/?p=119163","title":{"rendered":"Massa apostar\u00e1 a los incentivos fiscales"},"content":{"rendered":"<p><img data-recalc-dims=\"1\" loading=\"lazy\" decoding=\"async\" class=\"aligncenter wp-image-119164\" src=\"https:\/\/i0.wp.com\/www.24baires.com\/wp-content\/uploads\/2022\/07\/6273e672eab38_900.jpg?resize=720%2C405\" alt=\"\" width=\"720\" height=\"405\" srcset=\"https:\/\/i0.wp.com\/www.24baires.com\/wp-content\/uploads\/2022\/07\/6273e672eab38_900.jpg?w=900&amp;ssl=1 900w, https:\/\/i0.wp.com\/www.24baires.com\/wp-content\/uploads\/2022\/07\/6273e672eab38_900.jpg?resize=300%2C169&amp;ssl=1 300w, https:\/\/i0.wp.com\/www.24baires.com\/wp-content\/uploads\/2022\/07\/6273e672eab38_900.jpg?resize=768%2C432&amp;ssl=1 768w\" sizes=\"auto, (max-width: 720px) 100vw, 720px\" \/>Desde su equipo de colaboradores adelantaron a T\u00e9lam que el designado ministro de Econom\u00eda buscar\u00e1 potenciar los sectores de la energ\u00eda, la agroindustria y la econom\u00eda del conocimiento, al tiempo que apuntar\u00e1 a profundizar \u00abla b\u00fasqueda de consensos\u00bb con el FMI.<!--more--><\/p>\n<p>El designado ministro de Econom\u00eda, Sergio Massa, priorizar\u00e1 la generaci\u00f3n de divisas a trav\u00e9s del incentivo fiscal a los sectores de la energ\u00eda, la agroindustria y la econom\u00eda del conocimiento, mientras que con el FMI apuntar\u00e1 a profundizar \u00abla b\u00fasqueda de consensos\u00bb, una postura que ya mostr\u00f3 en el Congreso cuando trabaj\u00f3 activamente para la aprobaci\u00f3n del programa con el organismo, adelantaron a T\u00e9lam desde su equipo de colaboradores.<\/p>\n<p>Aunque Massa advirti\u00f3 que reci\u00e9n el mi\u00e9rcoles se terminar\u00e1n de conocer los nombres, las medidas y los detalles de la reformulaci\u00f3n del Gabinete, en su entorno ya usan una frase para referirse a lo que pretende ser una de las premisas generales de su gesti\u00f3n en el Palacio de Hacienda: convertir a la Argentina en una \u00abf\u00e1brica de d\u00f3lares para exportar trabajo argentino\u00bb.<\/p>\n<p>Ese eslogan resume la necesidad de acumular reservas frente a la inestabilidad monetaria, un proceso que en los \u00faltimos d\u00edas encontr\u00f3 un alivio con el descenso de los d\u00f3lares financieros y el blue, y que en el plano de lo concreto se traduce en la decisi\u00f3n de estimular a las actividades con potencial exportador -el sector energ\u00e9tico, el agroindustrial, la industria del software y la tecnolog\u00eda aplicada- con un paquete de medidas de incentivo.<\/p>\n<p>En el equipo del Frente Renovador que se viene reuniendo en la sede partidaria de la avenida Libertador 850 sostienen que el mejor antecedente para entender la l\u00f3gica que promover\u00e1 Massa es el repaso de lo que fueron sus prioridades en la C\u00e1mara baja, desde donde empuj\u00f3 de modo sistem\u00e1tico beneficios impositivos para los trabajadores formales y la clase media, en particular la actualizaci\u00f3n del piso del impuesto a las Ganancias.<\/p>\n<p>\u00abPara saber lo que podr\u00eda hacer Sergio hay que ver lo que hizo como presidente de la C\u00e1mara de Diputados\u00bb, grafican en ese sentido, y luego deslizan que el criterio de impulsar \u00abbeneficios impositivos\u00bb mediante leyes votadas en el Parlamento podr\u00eda trasladarse a partir de la semana que viene a la gesti\u00f3n econ\u00f3mica.<\/p>\n","protected":false},"excerpt":{"rendered":"<p>Desde su equipo de colaboradores adelantaron a T\u00e9lam que el designado ministro de Econom\u00eda buscar\u00e1 potenciar los sectores de la energ\u00eda, la agroindustria y la econom\u00eda del conocimiento, al tiempo que apuntar\u00e1 a profundizar \u00abla b\u00fasqueda de consensos\u00bb con el FMI.<\/p>\n","protected":false},"author":4,"featured_media":0,"comment_status":"closed","ping_status":"closed","sticky":false,"template":"","format":"standard","meta":{"_jetpack_newsletter_access":"","_jetpack_dont_email_post_to_subs":false,"_jetpack_newsletter_tier_id":0,"_jetpack_memberships_contains_paywalled_content":false,"_jetpack_memberships_contains_paid_content":false,"footnotes":""},"categories":[45],"tags":[],"class_list":["post-119163","post","type-post","status-publish","format-standard","hentry","category-economia"],"jetpack_featured_media_url":"","jetpack_shortlink":"https:\/\/wp.me\/p2JWE0-uZZ","jetpack-related-posts":[{"id":119419,"url":"https:\/\/www.24baires.com\/?p=119419","url_meta":{"origin":119163,"position":0},"title":"Massa viajar\u00e1 a la Asamblea del FMI y a la cumbre del G20","author":"AF","date":"05\/10\/2022","format":false,"excerpt":"El ministro de Econom\u00eda arribar\u00eda a la capital de Estados Unidos el pr\u00f3ximo mi\u00e9rcoles, con la posibilidad de que la segunda revisi\u00f3n del programa con el FMI sea aprobada por el Directorio del organismo. El ministro de Econom\u00eda, Sergio Massa, viajar\u00e1 a Washington la pr\u00f3xima semana para participar de la\u2026","rel":"","context":"En \u00abPol\u00edtica\u00bb","block_context":{"text":"Pol\u00edtica","link":"https:\/\/www.24baires.com\/?cat=51"},"img":{"alt_text":"","src":"https:\/\/i0.wp.com\/www.24baires.com\/wp-content\/uploads\/2022\/10\/massa.jpg?resize=350%2C200","width":350,"height":200,"srcset":"https:\/\/i0.wp.com\/www.24baires.com\/wp-content\/uploads\/2022\/10\/massa.jpg?resize=350%2C200 1x, https:\/\/i0.wp.com\/www.24baires.com\/wp-content\/uploads\/2022\/10\/massa.jpg?resize=525%2C300 1.5x, https:\/\/i0.wp.com\/www.24baires.com\/wp-content\/uploads\/2022\/10\/massa.jpg?resize=700%2C400 2x"},"classes":[]},{"id":119265,"url":"https:\/\/www.24baires.com\/?p=119265","url_meta":{"origin":119163,"position":1},"title":"Massa viaja a Washington con agenda amplia","author":"AF","date":"25\/08\/2022","format":false,"excerpt":"Tendr\u00e1 reuniones con Georgieva, del FMI y con Claver Carone, del BID, por la deuda y los d\u00f3lares. Con qu\u00e9 gigantes de la energ\u00eda se ver\u00e1 y c\u00f3mo es la amplia comitiva. En lo que ser\u00e1 su primera excursi\u00f3n fuera del pa\u00eds desde que es el ministro de Econom\u00eda, Sergio\u2026","rel":"","context":"En \u00abPol\u00edtica\u00bb","block_context":{"text":"Pol\u00edtica","link":"https:\/\/www.24baires.com\/?cat=51"},"img":{"alt_text":"","src":"https:\/\/i0.wp.com\/www.24baires.com\/wp-content\/uploads\/2022\/08\/massa-washington.jpg?resize=350%2C200","width":350,"height":200,"srcset":"https:\/\/i0.wp.com\/www.24baires.com\/wp-content\/uploads\/2022\/08\/massa-washington.jpg?resize=350%2C200 1x, https:\/\/i0.wp.com\/www.24baires.com\/wp-content\/uploads\/2022\/08\/massa-washington.jpg?resize=525%2C300 1.5x, https:\/\/i0.wp.com\/www.24baires.com\/wp-content\/uploads\/2022\/08\/massa-washington.jpg?resize=700%2C400 2x"},"classes":[]},{"id":120299,"url":"https:\/\/www.24baires.com\/?p=120299","url_meta":{"origin":119163,"position":2},"title":"Massa volvi\u00f3 a hablar con Georgieva y se aceleran las negociaciones con el FMI","author":"AF","date":"20\/07\/2023","format":false,"excerpt":"La conversaci\u00f3n entre el ministro de Econom\u00eda y la titular del Fondo se extendi\u00f3 durante una hora y luego, se sumaron dos nuevos funcionarios a la delegaci\u00f3n argentina. El precandidato debe definir si viaja a Washington para cerrar el entendimiento con el organismo. El ministro de Econom\u00eda, Sergio Massa, volvi\u00f3\u2026","rel":"","context":"En \u00abEconom\u00eda\u00bb","block_context":{"text":"Econom\u00eda","link":"https:\/\/www.24baires.com\/?cat=45"},"img":{"alt_text":"","src":"https:\/\/i0.wp.com\/www.24baires.com\/wp-content\/uploads\/2023\/07\/massa.jpg?resize=350%2C200","width":350,"height":200,"srcset":"https:\/\/i0.wp.com\/www.24baires.com\/wp-content\/uploads\/2023\/07\/massa.jpg?resize=350%2C200 1x, https:\/\/i0.wp.com\/www.24baires.com\/wp-content\/uploads\/2023\/07\/massa.jpg?resize=525%2C300 1.5x, https:\/\/i0.wp.com\/www.24baires.com\/wp-content\/uploads\/2023\/07\/massa.jpg?resize=700%2C400 2x"},"classes":[]},{"id":119226,"url":"https:\/\/www.24baires.com\/?p=119226","url_meta":{"origin":119163,"position":3},"title":"Entraron los primeros d\u00f3lares de los 5000 millones que prometi\u00f3 Massa","author":"AF","date":"17\/08\/2022","format":false,"excerpt":"Fue en el primer d\u00eda de las cuentas especiales de prefinancianci\u00f3n y anticipo de exportaci\u00f3n, un beneficio que otorg\u00f3 el BCRA. En unos d\u00edas se completar\u00e1n 1000 millones y en septiembre, s\u00f3lo con liquidaci\u00f3n de exportaciones, se cumple la meta del ministro. El deseo del ministro de Econom\u00eda, Sergio Massa,\u2026","rel":"","context":"En \u00abEconom\u00eda\u00bb","block_context":{"text":"Econom\u00eda","link":"https:\/\/www.24baires.com\/?cat=45"},"img":{"alt_text":"","src":"https:\/\/i0.wp.com\/www.24baires.com\/wp-content\/uploads\/2019\/08\/d%C3%B3lar.jpg?resize=350%2C200","width":350,"height":200,"srcset":"https:\/\/i0.wp.com\/www.24baires.com\/wp-content\/uploads\/2019\/08\/d%C3%B3lar.jpg?resize=350%2C200 1x, https:\/\/i0.wp.com\/www.24baires.com\/wp-content\/uploads\/2019\/08\/d%C3%B3lar.jpg?resize=525%2C300 1.5x, https:\/\/i0.wp.com\/www.24baires.com\/wp-content\/uploads\/2019\/08\/d%C3%B3lar.jpg?resize=700%2C400 2x"},"classes":[]},{"id":120179,"url":"https:\/\/www.24baires.com\/?p=120179","url_meta":{"origin":119163,"position":4},"title":"Massa contin\u00faa la negociaci\u00f3n con el FMI con el eje en el \u00abda\u00f1o\u00bb por la sequ\u00eda","author":"AF","date":"13\/06\/2023","format":false,"excerpt":"En un acto en la f\u00e1brica automotriz Ford en Pacheco el ministro cont\u00f3 que lac conversaciones con el organismo de cr\u00e9dito se desarrollan de modo virtual y luego ir\u00e1 una misi\u00f3n a Washington para cerrar el acuerdo. El ministro de Econom\u00eda, Sergio Massa, confirm\u00f3 este martes que contin\u00faan las negociaciones\u2026","rel":"","context":"En \u00abEconom\u00eda\u00bb","block_context":{"text":"Econom\u00eda","link":"https:\/\/www.24baires.com\/?cat=45"},"img":{"alt_text":"","src":"https:\/\/i0.wp.com\/www.24baires.com\/wp-content\/uploads\/2023\/05\/massa-scaled.jpg?resize=350%2C200","width":350,"height":200,"srcset":"https:\/\/i0.wp.com\/www.24baires.com\/wp-content\/uploads\/2023\/05\/massa-scaled.jpg?resize=350%2C200 1x, https:\/\/i0.wp.com\/www.24baires.com\/wp-content\/uploads\/2023\/05\/massa-scaled.jpg?resize=525%2C300 1.5x, https:\/\/i0.wp.com\/www.24baires.com\/wp-content\/uploads\/2023\/05\/massa-scaled.jpg?resize=700%2C400 2x"},"classes":[]},{"id":119198,"url":"https:\/\/www.24baires.com\/?p=119198","url_meta":{"origin":119163,"position":5},"title":"Massa se reuni\u00f3 con Roy\u00f3n","author":"AF","date":"08\/08\/2022","format":false,"excerpt":"Para realizar una transici\u00f3n ordenada, en el encuentro tambi\u00e9n estuvo el saliente secretario de Energ\u00eda, Dar\u00edo Mart\u00ednez. El ministro de Econom\u00eda asegur\u00f3 que la charla fue \"para analizar el trabajo desarrollado e impulsar las nuevas acciones\". El ministro de Econom\u00eda, Sergio Massa, recibi\u00f3 este lunes al nuevo equipo de Energ\u00eda\u2026","rel":"","context":"En \u00abPol\u00edtica\u00bb","block_context":{"text":"Pol\u00edtica","link":"https:\/\/www.24baires.com\/?cat=51"},"img":{"alt_text":"","src":"https:\/\/i0.wp.com\/www.24baires.com\/wp-content\/uploads\/2022\/08\/Massa-reunion.jpg?resize=350%2C200","width":350,"height":200,"srcset":"https:\/\/i0.wp.com\/www.24baires.com\/wp-content\/uploads\/2022\/08\/Massa-reunion.jpg?resize=350%2C200 1x, https:\/\/i0.wp.com\/www.24baires.com\/wp-content\/uploads\/2022\/08\/Massa-reunion.jpg?resize=525%2C300 1.5x, https:\/\/i0.wp.com\/www.24baires.com\/wp-content\/uploads\/2022\/08\/Massa-reunion.jpg?resize=700%2C400 2x"},"classes":[]}],"jetpack_sharing_enabled":true,"jetpack_likes_enabled":true,"_links":{"self":[{"href":"https:\/\/www.24baires.com\/index.php?rest_route=\/wp\/v2\/posts\/119163","targetHints":{"allow":["GET"]}}],"collection":[{"href":"https:\/\/www.24baires.com\/index.php?rest_route=\/wp\/v2\/posts"}],"about":[{"href":"https:\/\/www.24baires.com\/index.php?rest_route=\/wp\/v2\/types\/post"}],"author":[{"embeddable":true,"href":"https:\/\/www.24baires.com\/index.php?rest_route=\/wp\/v2\/users\/4"}],"replies":[{"embeddable":true,"href":"https:\/\/www.24baires.com\/index.php?rest_route=%2Fwp%2Fv2%2Fcomments&post=119163"}],"version-history":[{"count":1,"href":"https:\/\/www.24baires.com\/index.php?rest_route=\/wp\/v2\/posts\/119163\/revisions"}],"predecessor-version":[{"id":119165,"href":"https:\/\/www.24baires.com\/index.php?rest_route=\/wp\/v2\/posts\/119163\/revisions\/119165"}],"wp:attachment":[{"href":"https:\/\/www.24baires.com\/index.php?rest_route=%2Fwp%2Fv2%2Fmedia&parent=119163"}],"wp:term":[{"taxonomy":"category","embeddable":true,"href":"https:\/\/www.24baires.com\/index.php?rest_route=%2Fwp%2Fv2%2Fcategories&post=119163"},{"taxonomy":"post_tag","embeddable":true,"href":"https:\/\/www.24baires.com\/index.php?rest_route=%2Fwp%2Fv2%2Ftags&post=119163"}],"curies":[{"name":"wp","href":"https:\/\/api.w.org\/{rel}","templated":true}]}}