{"id":119156,"date":"2022-07-28T19:31:20","date_gmt":"2022-07-28T22:31:20","guid":{"rendered":"http:\/\/www.24baires.com\/?p=119156"},"modified":"2022-07-28T19:31:20","modified_gmt":"2022-07-28T22:31:20","slug":"massa-asumira-como-superministro-de-economia","status":"publish","type":"post","link":"https:\/\/www.24baires.com\/?p=119156","title":{"rendered":"Massa asumir\u00e1 como superministro de Econom\u00eda"},"content":{"rendered":"<p><img data-recalc-dims=\"1\" loading=\"lazy\" decoding=\"async\" class=\"aligncenter wp-image-119157\" src=\"https:\/\/i0.wp.com\/www.24baires.com\/wp-content\/uploads\/2022\/07\/6243529d100ad_900.jpg?resize=720%2C405\" alt=\"\" width=\"720\" height=\"405\" srcset=\"https:\/\/i0.wp.com\/www.24baires.com\/wp-content\/uploads\/2022\/07\/6243529d100ad_900.jpg?w=900&amp;ssl=1 900w, https:\/\/i0.wp.com\/www.24baires.com\/wp-content\/uploads\/2022\/07\/6243529d100ad_900.jpg?resize=300%2C169&amp;ssl=1 300w, https:\/\/i0.wp.com\/www.24baires.com\/wp-content\/uploads\/2022\/07\/6243529d100ad_900.jpg?resize=768%2C432&amp;ssl=1 768w\" sizes=\"auto, (max-width: 720px) 100vw, 720px\" \/>Alberto Fern\u00e1ndez decidi\u00f3 reorganizar las \u00e1reas econ\u00f3micas para un mejor funcionamiento, coordinaci\u00f3n y gesti\u00f3n: se unificar\u00e1n los ministerios de Econom\u00eda, Desarrollo Productivo y Agricultura, Ganader\u00eda y Pesca, que quedar\u00e1n bajo la \u00f3rbita del actual presidente de la C\u00e1mara de Diputados. Massa anunci\u00f3 que el lunes comenzar\u00e1 a designar a los funcionarios que lo acompa\u00f1ar\u00e1n en su gesti\u00f3n.<!--more--><\/p>\n<p>El presidente Alberto Fern\u00e1ndez decidi\u00f3 este jueves reorganizar las \u00e1reas econ\u00f3micas de su gabinete y design\u00f3 al presidente de la C\u00e1mara de Diputados, Sergio Massa, al frente de un Ministerio unificado de Econom\u00eda, Desarrollo Productivo y Agricultura, Ganader\u00eda y Pesca, y que tendr\u00e1 tambi\u00e9n a su cargo las relaciones con los organismos internacionales, bilaterales y multilaterales de cr\u00e9dito.<\/p>\n<p>Seg\u00fan informaron fuentes oficiales, Massa comenzar\u00e1 el lunes pr\u00f3ximo a designar a los funcionarios que lo acompa\u00f1ar\u00e1n en su gesti\u00f3n.<\/p>\n<p>En un breve contacto con los periodistas acreditados en la C\u00e1mara de Diputados, Massa anunci\u00f3 que convocar\u00e1 a una sesi\u00f3n especial para el pr\u00f3ximo martes para tratar su renuncia y elegir al nuevo titular del cuerpo legislativo que completar\u00e1 su mandato, que vence a fines de diciembre.<\/p>\n<p>En tanto, Fern\u00e1ndez acept\u00f3 la renuncia presentada por Gustavo Beliz a la Secretar\u00eda de Asuntos Estrat\u00e9gicos y nombr\u00f3 en su lugar a Mercedes Marco del Pont, informaron esta tarde fuentes oficiales.<\/p>\n<p>Del Pont se ven\u00eda desempe\u00f1ando como titular de la Administraci\u00f3n Federal de Ingresos P\u00fablicos (AFIP).<\/p>\n<p>Para ese \u00faltimo organismo, Fern\u00e1ndez design\u00f3 al contador Carlos Castagneto quien se desempe\u00f1aba como director general de Recursos de la Seguridad Social del organismo.<\/p>\n<p>En otro comunicado oficial, se inform\u00f3 que a pedido del presidente Alberto Fern\u00e1ndez, el hasta este jueves ministro de Desarrollo Productivo, Daniel Scioli, volver\u00e1 a la embajada argentina en Brasil.<\/p>\n<p>Seg\u00fan el comunicado, \u00abel Presidente le agradeci\u00f3 profundamente haber estado presente en el gabinete cuando fue convocado\u00bb.<\/p>\n<p>Scioli regresar\u00e1 a su cargo de Embajador en Brasil, \u00abdonde realiz\u00f3 un excelente trabajo\u00bb, se\u00f1ala el escrito.<\/p>\n","protected":false},"excerpt":{"rendered":"<p>Alberto Fern\u00e1ndez decidi\u00f3 reorganizar las \u00e1reas econ\u00f3micas para un mejor funcionamiento, coordinaci\u00f3n y gesti\u00f3n: se unificar\u00e1n los ministerios de Econom\u00eda, Desarrollo Productivo y Agricultura, Ganader\u00eda y Pesca, que quedar\u00e1n bajo la \u00f3rbita del actual presidente de la C\u00e1mara de Diputados. Massa anunci\u00f3 que el lunes comenzar\u00e1 a designar a los funcionarios que lo acompa\u00f1ar\u00e1n en su gesti\u00f3n.<\/p>\n","protected":false},"author":4,"featured_media":0,"comment_status":"closed","ping_status":"closed","sticky":false,"template":"","format":"standard","meta":{"_jetpack_newsletter_access":"","_jetpack_dont_email_post_to_subs":false,"_jetpack_newsletter_tier_id":0,"_jetpack_memberships_contains_paywalled_content":false,"_jetpack_memberships_contains_paid_content":false,"footnotes":""},"categories":[45,51],"tags":[],"class_list":["post-119156","post","type-post","status-publish","format-standard","hentry","category-economia","category-politica"],"jetpack_featured_media_url":"","jetpack_shortlink":"https:\/\/wp.me\/p2JWE0-uZS","jetpack-related-posts":[{"id":119177,"url":"https:\/\/www.24baires.com\/?p=119177","url_meta":{"origin":119156,"position":0},"title":"Bahillo, De Mendiguren y Tombolini, los nuevos ministros","author":"AF","date":"02\/08\/2022","format":false,"excerpt":"Se trata de Juan Jos\u00e9 Bahillo, quien ser\u00e1 el secretario de Agricultura, Ganader\u00eda y Pesca; Jos\u00e9 Ignacio de Mendiguren, que encabezar\u00e1 la secretar\u00eda de Producci\u00f3n; y Mat\u00edas Tombolini, quien conducir\u00e1 la secretar\u00eda de Comercio en la que se unificar\u00e1n las labores de comercio interior y comercio exterior que hasta este\u2026","rel":"","context":"En \u00abPol\u00edtica\u00bb","block_context":{"text":"Pol\u00edtica","link":"https:\/\/www.24baires.com\/?cat=51"},"img":{"alt_text":"","src":"https:\/\/i0.wp.com\/www.24baires.com\/wp-content\/uploads\/2022\/08\/62e98b23c8f71_900.jpg?resize=350%2C200","width":350,"height":200,"srcset":"https:\/\/i0.wp.com\/www.24baires.com\/wp-content\/uploads\/2022\/08\/62e98b23c8f71_900.jpg?resize=350%2C200 1x, https:\/\/i0.wp.com\/www.24baires.com\/wp-content\/uploads\/2022\/08\/62e98b23c8f71_900.jpg?resize=525%2C300 1.5x, https:\/\/i0.wp.com\/www.24baires.com\/wp-content\/uploads\/2022\/08\/62e98b23c8f71_900.jpg?resize=700%2C400 2x"},"classes":[]},{"id":119180,"url":"https:\/\/www.24baires.com\/?p=119180","url_meta":{"origin":119156,"position":1},"title":"Sergio Massa asume como superministro","author":"GB","date":"03\/08\/2022","format":false,"excerpt":"Este mi\u00e9rcoles oficializa el desembarco de Sergio Massa en el Gobierno. El superministro renunci\u00f3 como presidente de la C\u00e1mara de Diputados, jura y se aguarda por el anuncio de sus primeras medidas. Luego de su designaci\u00f3n por parte del presidente Alberto Fern\u00e1ndez, Sergio Massa anunci\u00f3 el equipo que lo acompa\u00f1ar\u00e1\u2026","rel":"","context":"En \u00abPol\u00edtica\u00bb","block_context":{"text":"Pol\u00edtica","link":"https:\/\/www.24baires.com\/?cat=51"},"img":{"alt_text":"","src":"https:\/\/i0.wp.com\/www.24baires.com\/wp-content\/uploads\/2021\/02\/massa-busca-beneficiar-trabajadores-la-rebaja-del-impuesto-las-ganancias.jpg?resize=350%2C200","width":350,"height":200,"srcset":"https:\/\/i0.wp.com\/www.24baires.com\/wp-content\/uploads\/2021\/02\/massa-busca-beneficiar-trabajadores-la-rebaja-del-impuesto-las-ganancias.jpg?resize=350%2C200 1x, https:\/\/i0.wp.com\/www.24baires.com\/wp-content\/uploads\/2021\/02\/massa-busca-beneficiar-trabajadores-la-rebaja-del-impuesto-las-ganancias.jpg?resize=525%2C300 1.5x, https:\/\/i0.wp.com\/www.24baires.com\/wp-content\/uploads\/2021\/02\/massa-busca-beneficiar-trabajadores-la-rebaja-del-impuesto-las-ganancias.jpg?resize=700%2C400 2x"},"classes":[]},{"id":119160,"url":"https:\/\/www.24baires.com\/?p=119160","url_meta":{"origin":119156,"position":2},"title":"Controlar el d\u00f3lar, inflaci\u00f3n y tarifas ser\u00e1n las tareas clave de Massa como superministro","author":"GB","date":"29\/07\/2022","format":false,"excerpt":"La unificaci\u00f3n de dependencias del Gobierno genera una nueva estructura que estar\u00e1 compuesta por organismo clave para el control de las variables m\u00e1s importantes de la econom\u00eda. Ahora, el tigrense buscar\u00e1 alinear precios y salarios en medio de un contexto de turbulencias. Con los cambios que anunci\u00f3 el Gobierno, el\u2026","rel":"","context":"En \u00abPol\u00edtica\u00bb","block_context":{"text":"Pol\u00edtica","link":"https:\/\/www.24baires.com\/?cat=51"},"img":{"alt_text":"","src":"https:\/\/i0.wp.com\/www.24baires.com\/wp-content\/uploads\/2021\/02\/massa-busca-beneficiar-trabajadores-la-rebaja-del-impuesto-las-ganancias.jpg?resize=350%2C200","width":350,"height":200,"srcset":"https:\/\/i0.wp.com\/www.24baires.com\/wp-content\/uploads\/2021\/02\/massa-busca-beneficiar-trabajadores-la-rebaja-del-impuesto-las-ganancias.jpg?resize=350%2C200 1x, https:\/\/i0.wp.com\/www.24baires.com\/wp-content\/uploads\/2021\/02\/massa-busca-beneficiar-trabajadores-la-rebaja-del-impuesto-las-ganancias.jpg?resize=525%2C300 1.5x, https:\/\/i0.wp.com\/www.24baires.com\/wp-content\/uploads\/2021\/02\/massa-busca-beneficiar-trabajadores-la-rebaja-del-impuesto-las-ganancias.jpg?resize=700%2C400 2x"},"classes":[]},{"id":119049,"url":"https:\/\/www.24baires.com\/?p=119049","url_meta":{"origin":119156,"position":3},"title":"Silvina Batakis es la nueva Ministra de Econom\u00eda","author":"GB","date":"04\/07\/2022","format":false,"excerpt":"Tras largas horas de negociaciones, el presidente Alberto Fern\u00e1ndez design\u00f3 a Batakis en reemplazo de Mart\u00edn Guzm\u00e1n La nueva ministra de Econom\u00eda ser\u00e1 Silvina Batakis confirmaron este domingo fuentes oficiales, luego de intensas negociaciones de los diferentes espacios que integran el Frente de Todos (FdT) en el marco de cambios\u2026","rel":"","context":"En \u00abEconom\u00eda\u00bb","block_context":{"text":"Econom\u00eda","link":"https:\/\/www.24baires.com\/?cat=45"},"img":{"alt_text":"","src":"https:\/\/i0.wp.com\/www.24baires.com\/wp-content\/uploads\/2022\/07\/batakis.jpg?resize=350%2C200","width":350,"height":200,"srcset":"https:\/\/i0.wp.com\/www.24baires.com\/wp-content\/uploads\/2022\/07\/batakis.jpg?resize=350%2C200 1x, https:\/\/i0.wp.com\/www.24baires.com\/wp-content\/uploads\/2022\/07\/batakis.jpg?resize=525%2C300 1.5x, https:\/\/i0.wp.com\/www.24baires.com\/wp-content\/uploads\/2022\/07\/batakis.jpg?resize=700%2C400 2x"},"classes":[]},{"id":119182,"url":"https:\/\/www.24baires.com\/?p=119182","url_meta":{"origin":119156,"position":4},"title":"Massa jur\u00f3 como ministro de Econom\u00eda","author":"AF","date":"03\/08\/2022","format":false,"excerpt":"El designado titular de la nueva cartera econ\u00f3mica ya confirm\u00f3 a buena parte de sus colaboradores y se estima que realice una conferencia de prensa minutos despu\u00e9s de jurar como ministro, en un acto que se celebrar\u00e1 en el Museo del Bicentenario de la Casa Rosada. El presidente Alberto Fern\u00e1ndez\u2026","rel":"","context":"En \u00abPol\u00edtica\u00bb","block_context":{"text":"Pol\u00edtica","link":"https:\/\/www.24baires.com\/?cat=51"},"img":{"alt_text":"","src":"https:\/\/i0.wp.com\/www.24baires.com\/wp-content\/uploads\/2022\/08\/Captura-desde-2022-08-03-20-19-22.png?resize=350%2C200","width":350,"height":200,"srcset":"https:\/\/i0.wp.com\/www.24baires.com\/wp-content\/uploads\/2022\/08\/Captura-desde-2022-08-03-20-19-22.png?resize=350%2C200 1x, https:\/\/i0.wp.com\/www.24baires.com\/wp-content\/uploads\/2022\/08\/Captura-desde-2022-08-03-20-19-22.png?resize=525%2C300 1.5x"},"classes":[]},{"id":119172,"url":"https:\/\/www.24baires.com\/?p=119172","url_meta":{"origin":119156,"position":5},"title":"Cristina se reuni\u00f3 con el nuevo \u00absuperministro\u00bb","author":"AF","date":"01\/08\/2022","format":false,"excerpt":"El encuentro se produjo horas despu\u00e9s de que Massa anunciara los primeros nombres que lo acompa\u00f1ar\u00e1n en el Palacio de Hacienda. Qu\u00e9 se sabe hasta ahora de las futuras medidas que tomar\u00e1 el nuevo ministro y los viajes que tiene previsto. La vicepresidenta Cristina Kirchner recibi\u00f3 este lunes al presidente\u2026","rel":"","context":"En \u00abPol\u00edtica\u00bb","block_context":{"text":"Pol\u00edtica","link":"https:\/\/www.24baires.com\/?cat=51"},"img":{"alt_text":"","src":"https:\/\/i0.wp.com\/www.24baires.com\/wp-content\/uploads\/2022\/08\/cristina-massa.jpg?resize=350%2C200","width":350,"height":200,"srcset":"https:\/\/i0.wp.com\/www.24baires.com\/wp-content\/uploads\/2022\/08\/cristina-massa.jpg?resize=350%2C200 1x, https:\/\/i0.wp.com\/www.24baires.com\/wp-content\/uploads\/2022\/08\/cristina-massa.jpg?resize=525%2C300 1.5x, https:\/\/i0.wp.com\/www.24baires.com\/wp-content\/uploads\/2022\/08\/cristina-massa.jpg?resize=700%2C400 2x"},"classes":[]}],"jetpack_sharing_enabled":true,"jetpack_likes_enabled":true,"_links":{"self":[{"href":"https:\/\/www.24baires.com\/index.php?rest_route=\/wp\/v2\/posts\/119156","targetHints":{"allow":["GET"]}}],"collection":[{"href":"https:\/\/www.24baires.com\/index.php?rest_route=\/wp\/v2\/posts"}],"about":[{"href":"https:\/\/www.24baires.com\/index.php?rest_route=\/wp\/v2\/types\/post"}],"author":[{"embeddable":true,"href":"https:\/\/www.24baires.com\/index.php?rest_route=\/wp\/v2\/users\/4"}],"replies":[{"embeddable":true,"href":"https:\/\/www.24baires.com\/index.php?rest_route=%2Fwp%2Fv2%2Fcomments&post=119156"}],"version-history":[{"count":1,"href":"https:\/\/www.24baires.com\/index.php?rest_route=\/wp\/v2\/posts\/119156\/revisions"}],"predecessor-version":[{"id":119158,"href":"https:\/\/www.24baires.com\/index.php?rest_route=\/wp\/v2\/posts\/119156\/revisions\/119158"}],"wp:attachment":[{"href":"https:\/\/www.24baires.com\/index.php?rest_route=%2Fwp%2Fv2%2Fmedia&parent=119156"}],"wp:term":[{"taxonomy":"category","embeddable":true,"href":"https:\/\/www.24baires.com\/index.php?rest_route=%2Fwp%2Fv2%2Fcategories&post=119156"},{"taxonomy":"post_tag","embeddable":true,"href":"https:\/\/www.24baires.com\/index.php?rest_route=%2Fwp%2Fv2%2Ftags&post=119156"}],"curies":[{"name":"wp","href":"https:\/\/api.w.org\/{rel}","templated":true}]}}