{"id":119142,"date":"2022-07-26T20:02:41","date_gmt":"2022-07-26T23:02:41","guid":{"rendered":"http:\/\/www.24baires.com\/?p=119142"},"modified":"2022-07-26T20:02:41","modified_gmt":"2022-07-26T23:02:41","slug":"el-banco-central-anuncio-un-dolar-especial-para-el-campo","status":"publish","type":"post","link":"https:\/\/www.24baires.com\/?p=119142","title":{"rendered":"El Banco Central anunci\u00f3 un d\u00f3lar especial para el campo"},"content":{"rendered":"<p><img data-recalc-dims=\"1\" loading=\"lazy\" decoding=\"async\" class=\"aligncenter wp-image-103255\" src=\"https:\/\/i0.wp.com\/www.24baires.com\/wp-content\/uploads\/2018\/07\/d%C3%B3lar.jpg?resize=720%2C404\" alt=\"\" width=\"720\" height=\"404\" srcset=\"https:\/\/i0.wp.com\/www.24baires.com\/wp-content\/uploads\/2018\/07\/d%C3%B3lar.jpg?w=560&amp;ssl=1 560w, https:\/\/i0.wp.com\/www.24baires.com\/wp-content\/uploads\/2018\/07\/d%C3%B3lar.jpg?resize=300%2C168&amp;ssl=1 300w\" sizes=\"auto, (max-width: 720px) 100vw, 720px\" \/>La iniciativa busca que los productores vendan su cosecha de soja y que, as\u00ed, accedan a una cobertura de cambio por hasta el 70% de la venta de granos que concreten al exterior hasta el 31 de agosto pr\u00f3ximo.<\/p>\n<p><!--more--><\/p>\n<p>El Directorio del Banco Central (BCRA) aprob\u00f3 un nuevo instrumento para incentivar a que los productores agropecuarios vendan su cosecha de soja y que, as\u00ed, accedan a una cobertura de cambio por hasta el 70% de la venta de granos que concreten al exterior hasta el 31 de agosto pr\u00f3ximo.<\/p>\n<p>A lo que se sumar\u00e1 un 30% restante al valor del d\u00f3lar oficial m\u00e1s el impuesto PAIS y las retenciones a cuenta que percibe la AFIP.<\/p>\n<p>Puntualmente, se permitir\u00e1 que los productores realicen un dep\u00f3sito a la vista en las entidades financieras con retribuci\u00f3n diaria variable en funci\u00f3n de la evoluci\u00f3n del tipo de cambio A3500, conocido como D\u00f3lar Link, por hasta el 70% del valor de la venta de granos.<\/p>\n","protected":false},"excerpt":{"rendered":"<p>La iniciativa busca que los productores vendan su cosecha de soja y que, as\u00ed, accedan a una cobertura de cambio por hasta el 70% de la venta de granos que concreten al exterior hasta el 31 de agosto pr\u00f3ximo.<\/p>\n","protected":false},"author":4,"featured_media":0,"comment_status":"closed","ping_status":"closed","sticky":false,"template":"","format":"standard","meta":{"_jetpack_newsletter_access":"","_jetpack_dont_email_post_to_subs":false,"_jetpack_newsletter_tier_id":0,"_jetpack_memberships_contains_paywalled_content":false,"_jetpack_memberships_contains_paid_content":false,"footnotes":""},"categories":[45],"tags":[],"class_list":["post-119142","post","type-post","status-publish","format-standard","hentry","category-economia"],"jetpack_featured_media_url":"","jetpack_shortlink":"https:\/\/wp.me\/p2JWE0-uZE","jetpack-related-posts":[{"id":119152,"url":"https:\/\/www.24baires.com\/?p=119152","url_meta":{"origin":119142,"position":0},"title":"El Banco Central espera sumar US$ 2.500 millones por la exportaci\u00f3n de soja","author":"AF","date":"27\/07\/2022","format":false,"excerpt":"\"Seguramente podamos obtener 2.500 millones de d\u00f3lares, muy posiblemente m\u00e1s. Creemos que esa es una cifra posible. Vamos a ver si el incentivo lleva a una venta mayor\u201d, afirm\u00f3 Miguel Pesce, quien enfatiz\u00f3 que la medida estar\u00e1 vigente hasta el 31 de agosto. El presidente del Banco Central (BCRA), Miguel\u2026","rel":"","context":"En \u00abEconom\u00eda\u00bb","block_context":{"text":"Econom\u00eda","link":"https:\/\/www.24baires.com\/?cat=45"},"img":{"alt_text":"","src":"https:\/\/i0.wp.com\/www.24baires.com\/wp-content\/uploads\/2022\/07\/soja.jpg?resize=350%2C200","width":350,"height":200,"srcset":"https:\/\/i0.wp.com\/www.24baires.com\/wp-content\/uploads\/2022\/07\/soja.jpg?resize=350%2C200 1x, https:\/\/i0.wp.com\/www.24baires.com\/wp-content\/uploads\/2022\/07\/soja.jpg?resize=525%2C300 1.5x, https:\/\/i0.wp.com\/www.24baires.com\/wp-content\/uploads\/2022\/07\/soja.jpg?resize=700%2C400 2x"},"classes":[]},{"id":119291,"url":"https:\/\/www.24baires.com\/?p=119291","url_meta":{"origin":119142,"position":1},"title":"El Gobierno nacional anunci\u00f3 un nuevo \u00abd\u00f3lar soja\u00bb","author":"GB","date":"05\/09\/2022","format":false,"excerpt":"El ministro de Econom\u00eda anunci\u00f3 la implementaci\u00f3n de un d\u00f3lar a 200 pesos destinado a la liquidaci\u00f3n de la cosecha de soja. Gobierno de la naci\u00f3n anunci\u00f3 un nuevo tipo de cambio de 200 pesos por d\u00f3lar destinado a las transacciones internacionales de soja. Esta medida con la que se\u2026","rel":"","context":"En \u00abEconom\u00eda\u00bb","block_context":{"text":"Econom\u00eda","link":"https:\/\/www.24baires.com\/?cat=45"},"img":{"alt_text":"","src":"https:\/\/i0.wp.com\/www.24baires.com\/wp-content\/uploads\/2022\/09\/massa-dolar-sojapng.png?resize=350%2C200","width":350,"height":200,"srcset":"https:\/\/i0.wp.com\/www.24baires.com\/wp-content\/uploads\/2022\/09\/massa-dolar-sojapng.png?resize=350%2C200 1x, https:\/\/i0.wp.com\/www.24baires.com\/wp-content\/uploads\/2022\/09\/massa-dolar-sojapng.png?resize=525%2C300 1.5x, https:\/\/i0.wp.com\/www.24baires.com\/wp-content\/uploads\/2022\/09\/massa-dolar-sojapng.png?resize=700%2C400 2x"},"classes":[]},{"id":119406,"url":"https:\/\/www.24baires.com\/?p=119406","url_meta":{"origin":119142,"position":2},"title":"Habr\u00e1 medidas para sectores vulnerables a partir de los resultados del d\u00f3lar soja","author":"AF","date":"30\/09\/2022","format":false,"excerpt":"El ministro de Econom\u00eda encabez\u00f3 en el Palacio de Hacienda la presentaci\u00f3n de los resultados del r\u00e9gimen de fomento a las exportaciones agroindustriales y el programa de fortalecimiento de peque\u00f1os y medianos productores. El ministro de Econom\u00eda, Sergio Massa, destac\u00f3 que el Programa de Incremento Exportador (PIE), conocido como \"d\u00f3lar\u2026","rel":"","context":"En \u00abEconom\u00eda\u00bb","block_context":{"text":"Econom\u00eda","link":"https:\/\/www.24baires.com\/?cat=45"},"img":{"alt_text":"","src":"https:\/\/i0.wp.com\/www.24baires.com\/wp-content\/uploads\/2022\/09\/massa..jpg?resize=350%2C200","width":350,"height":200,"srcset":"https:\/\/i0.wp.com\/www.24baires.com\/wp-content\/uploads\/2022\/09\/massa..jpg?resize=350%2C200 1x, https:\/\/i0.wp.com\/www.24baires.com\/wp-content\/uploads\/2022\/09\/massa..jpg?resize=525%2C300 1.5x, https:\/\/i0.wp.com\/www.24baires.com\/wp-content\/uploads\/2022\/09\/massa..jpg?resize=700%2C400 2x"},"classes":[]},{"id":53226,"url":"https:\/\/www.24baires.com\/?p=53226","url_meta":{"origin":119142,"position":3},"title":"Crecen las denuncias sobre los especuladores que retienen la soja","author":"Grupo Sierra","date":"07\/09\/2014","format":false,"excerpt":"Analistas y datos oficiales indican que los productores estar\u00edan reteniendo la mitad de la producci\u00f3n especulando con una posible devaluaci\u00f3n, fen\u00f3meno que gener\u00f3 una capacidad ociosa industrial de 30 por ciento. De los 55 millones de toneladas de granos totales, hay m\u00e1s de 27 millones \u201cguardados\u201d en silobolsas y la\u2026","rel":"","context":"En \u00abEconom\u00eda\u00bb","block_context":{"text":"Econom\u00eda","link":"https:\/\/www.24baires.com\/?cat=45"},"img":{"alt_text":"soja2","src":"https:\/\/i0.wp.com\/www.24baires.com\/wp-content\/uploads\/2013\/02\/soja2.jpg?resize=350%2C200","width":350,"height":200,"srcset":"https:\/\/i0.wp.com\/www.24baires.com\/wp-content\/uploads\/2013\/02\/soja2.jpg?resize=350%2C200 1x, https:\/\/i0.wp.com\/www.24baires.com\/wp-content\/uploads\/2013\/02\/soja2.jpg?resize=525%2C300 1.5x"},"classes":[]},{"id":119316,"url":"https:\/\/www.24baires.com\/?p=119316","url_meta":{"origin":119142,"position":4},"title":"El Banco Central compr\u00f3 US$ 426 millones","author":"AF","date":"08\/09\/2022","format":false,"excerpt":"Las compras se dan luego de que Econom\u00eda oficializara un tipo de cambio de 200 pesos por d\u00f3lar para las exportaciones de soja, una medida acordada con los principales complejos exportadores, que se comprometieron a liquidar soja y derivados por, al menos, 5.000 millones de d\u00f3lares. El Banco Central (BCRA)\u2026","rel":"","context":"En \u00abEconom\u00eda\u00bb","block_context":{"text":"Econom\u00eda","link":"https:\/\/www.24baires.com\/?cat=45"},"img":{"alt_text":"","src":"https:\/\/i0.wp.com\/www.24baires.com\/wp-content\/uploads\/2019\/08\/d%C3%B3lar.jpg?resize=350%2C200","width":350,"height":200,"srcset":"https:\/\/i0.wp.com\/www.24baires.com\/wp-content\/uploads\/2019\/08\/d%C3%B3lar.jpg?resize=350%2C200 1x, https:\/\/i0.wp.com\/www.24baires.com\/wp-content\/uploads\/2019\/08\/d%C3%B3lar.jpg?resize=525%2C300 1.5x, https:\/\/i0.wp.com\/www.24baires.com\/wp-content\/uploads\/2019\/08\/d%C3%B3lar.jpg?resize=700%2C400 2x"},"classes":[]},{"id":119985,"url":"https:\/\/www.24baires.com\/?p=119985","url_meta":{"origin":119142,"position":5},"title":"Massa anunci\u00f3 el d\u00f3lar agro a $300","author":"AF","date":"05\/04\/2023","format":false,"excerpt":"El ministro de Econom\u00eda present\u00f3 el Programa de Incremento Exportador a trav\u00e9s de tres decretos que establecen, entre otras cosas, un tipo de cambio diferencial. El plan se extender\u00e1 desde el 8 de abril hasta el 31 de mayo para la cadena sojera, y entre el 8 de abril y\u2026","rel":"","context":"En \u00abEconom\u00eda\u00bb","block_context":{"text":"Econom\u00eda","link":"https:\/\/www.24baires.com\/?cat=45"},"img":{"alt_text":"","src":"https:\/\/i0.wp.com\/www.24baires.com\/wp-content\/uploads\/2023\/04\/massa.jpeg?resize=350%2C200","width":350,"height":200,"srcset":"https:\/\/i0.wp.com\/www.24baires.com\/wp-content\/uploads\/2023\/04\/massa.jpeg?resize=350%2C200 1x, https:\/\/i0.wp.com\/www.24baires.com\/wp-content\/uploads\/2023\/04\/massa.jpeg?resize=525%2C300 1.5x, https:\/\/i0.wp.com\/www.24baires.com\/wp-content\/uploads\/2023\/04\/massa.jpeg?resize=700%2C400 2x"},"classes":[]}],"jetpack_sharing_enabled":true,"jetpack_likes_enabled":true,"_links":{"self":[{"href":"https:\/\/www.24baires.com\/index.php?rest_route=\/wp\/v2\/posts\/119142","targetHints":{"allow":["GET"]}}],"collection":[{"href":"https:\/\/www.24baires.com\/index.php?rest_route=\/wp\/v2\/posts"}],"about":[{"href":"https:\/\/www.24baires.com\/index.php?rest_route=\/wp\/v2\/types\/post"}],"author":[{"embeddable":true,"href":"https:\/\/www.24baires.com\/index.php?rest_route=\/wp\/v2\/users\/4"}],"replies":[{"embeddable":true,"href":"https:\/\/www.24baires.com\/index.php?rest_route=%2Fwp%2Fv2%2Fcomments&post=119142"}],"version-history":[{"count":1,"href":"https:\/\/www.24baires.com\/index.php?rest_route=\/wp\/v2\/posts\/119142\/revisions"}],"predecessor-version":[{"id":119143,"href":"https:\/\/www.24baires.com\/index.php?rest_route=\/wp\/v2\/posts\/119142\/revisions\/119143"}],"wp:attachment":[{"href":"https:\/\/www.24baires.com\/index.php?rest_route=%2Fwp%2Fv2%2Fmedia&parent=119142"}],"wp:term":[{"taxonomy":"category","embeddable":true,"href":"https:\/\/www.24baires.com\/index.php?rest_route=%2Fwp%2Fv2%2Fcategories&post=119142"},{"taxonomy":"post_tag","embeddable":true,"href":"https:\/\/www.24baires.com\/index.php?rest_route=%2Fwp%2Fv2%2Ftags&post=119142"}],"curies":[{"name":"wp","href":"https:\/\/api.w.org\/{rel}","templated":true}]}}