{"id":119137,"date":"2022-07-25T21:33:34","date_gmt":"2022-07-26T00:33:34","guid":{"rendered":"http:\/\/www.24baires.com\/?p=119137"},"modified":"2022-07-25T21:33:34","modified_gmt":"2022-07-26T00:33:34","slug":"georgieva-califico-como-productiva-la-reunion-que-tuvo-con-batakis","status":"publish","type":"post","link":"https:\/\/www.24baires.com\/?p=119137","title":{"rendered":"Georgieva calific\u00f3 como \u00abproductiva\u00bb la reuni\u00f3n que tuvo con Batakis"},"content":{"rendered":"<p><img data-recalc-dims=\"1\" loading=\"lazy\" decoding=\"async\" class=\"aligncenter wp-image-119138\" src=\"https:\/\/i0.wp.com\/www.24baires.com\/wp-content\/uploads\/2022\/07\/batakis-georgieva.jpg?resize=720%2C405\" alt=\"\" width=\"720\" height=\"405\" srcset=\"https:\/\/i0.wp.com\/www.24baires.com\/wp-content\/uploads\/2022\/07\/batakis-georgieva.jpg?w=900&amp;ssl=1 900w, https:\/\/i0.wp.com\/www.24baires.com\/wp-content\/uploads\/2022\/07\/batakis-georgieva.jpg?resize=300%2C169&amp;ssl=1 300w, https:\/\/i0.wp.com\/www.24baires.com\/wp-content\/uploads\/2022\/07\/batakis-georgieva.jpg?resize=768%2C432&amp;ssl=1 768w\" sizes=\"auto, (max-width: 720px) 100vw, 720px\" \/>As\u00ed lo defini\u00f3 la directora Gerente del Fondo Monetario Internacional (FMI) a trav\u00e9s de su cuenta de Twitter, donde adem\u00e1s destac\u00f3 que coincidieron \u00aben la importancia de la implementaci\u00f3n decisiva del programa para abordar los desaf\u00edos econ\u00f3micos y sociales de Argentina\u00bb.<!--more--><\/p>\n<p>La directora Gerente del Fondo Monetario Internacional (FMI), Kristalina Georgieva, manifest\u00f3 esta tarde que mantuvo una \u00abreuni\u00f3n productiva\u00bb con la ministra de Econom\u00eda, Silvina Batakis, a trav\u00e9s de su cuenta en la red social Twitter.<\/p>\n<p>\u00abDamos la bienvenida a sus esfuerzos iniciales para fortalecer la sostenibilidad fiscal y coincidimos en la importancia de la implementaci\u00f3n decisiva del programa para abordar los desaf\u00edos econ\u00f3micos y sociales de #Argentina\u00bb, sostuvo Georgieva tras el encuentro que mantuvieron en Washington, en la sede del FMI.<\/p>\n<p>Esta fue la primera reuni\u00f3n presencial que Batakis y Georgieva mantienen tras el contacto virtual que tuvieron el 6 de julio pasado, luego de que la ministra jurara como nueva titular del Palacio de Hacienda.<\/p>\n<p>La ministra estuvo acompa\u00f1ada por el embajador argentino, Jorge Arg\u00fcello; la viceministra de Econom\u00eda, Karina Angeletti, y el jefe de Canciller\u00eda de la Embajada Argentina en Estados Unidos, Adri\u00e1n Nador.<\/p>\n<p>La reuni\u00f3n se enmarc\u00f3 en el viaje de Batakis a Estados Unidos, que tiene entre sus principales objetivos que sus interlocutores \u00abescuchen y conozcan c\u00f3mo piensa\u00bb la nueva funcionaria, adem\u00e1s de exponer las pautas de acci\u00f3n que tomar\u00e1 el Gobierno argentino en materia econ\u00f3mica, indic\u00f3 esta ma\u00f1ana a T\u00e9lam, el embajador Arg\u00fcello.<\/p>\n<p>Georgieva se mostr\u00f3 muy interesada en encontrarse con la nueva ministra argentina, ya que \u00abten\u00eda previsto tomarse vacaciones esta semana\u00bb y decidi\u00f3 posponerlas para poder recibir a Batakis, indicaron a T\u00e9lam fuentes del organismo multilateral.<\/p>\n<p>Adem\u00e1s de la reuni\u00f3n con la directora Gerenta del FMI, Batakis mantuvo un almuerzo de trabajo con Ilan Goldfajn, director del organismo multilateral para el Hemisferio Occidental; Luis Cubeddu, jefe de la Misi\u00f3n para la Argentina; y Julie Kozack, directora adjunta del Departamento Hemisferio Occidental, quien en septiembre pasar\u00e1 a desempe\u00f1arse como directora adjunta en el Departamento Europeo del Fondo.<\/p>\n","protected":false},"excerpt":{"rendered":"<p>As\u00ed lo defini\u00f3 la directora Gerente del Fondo Monetario Internacional (FMI) a trav\u00e9s de su cuenta de Twitter, donde adem\u00e1s destac\u00f3 que coincidieron \u00aben la importancia de la implementaci\u00f3n decisiva del programa para abordar los desaf\u00edos econ\u00f3micos y sociales de Argentina\u00bb.<\/p>\n","protected":false},"author":4,"featured_media":0,"comment_status":"closed","ping_status":"closed","sticky":false,"template":"","format":"standard","meta":{"_jetpack_newsletter_access":"","_jetpack_dont_email_post_to_subs":false,"_jetpack_newsletter_tier_id":0,"_jetpack_memberships_contains_paywalled_content":false,"_jetpack_memberships_contains_paid_content":false,"footnotes":""},"categories":[45],"tags":[],"class_list":["post-119137","post","type-post","status-publish","format-standard","hentry","category-economia"],"jetpack_featured_media_url":"","jetpack_shortlink":"https:\/\/wp.me\/p2JWE0-uZz","jetpack-related-posts":[{"id":119132,"url":"https:\/\/www.24baires.com\/?p=119132","url_meta":{"origin":119137,"position":0},"title":"Batakis y Georgieva se reunir\u00e1n en Washington","author":"AF","date":"22\/07\/2022","format":false,"excerpt":"La ministra de Econom\u00eda tambi\u00e9n se reunir\u00e1 con altos funcionarios del Tesoro de los Estados Unidos y con ejecutivos del Banco Mundial. La ministra de Econom\u00eda, Silvina Batakis, ser\u00e1 recibida el lunes pr\u00f3ximo en Washington por la directora Gerente del Fondo Monetario Internacional (FMI), Kristalina Georgieva, adelantaron fuentes oficiales. El\u2026","rel":"","context":"En \u00abEconom\u00eda\u00bb","block_context":{"text":"Econom\u00eda","link":"https:\/\/www.24baires.com\/?cat=45"},"img":{"alt_text":"","src":"https:\/\/i0.wp.com\/www.24baires.com\/wp-content\/uploads\/2016\/04\/fmi.jpg?resize=350%2C200","width":350,"height":200,"srcset":"https:\/\/i0.wp.com\/www.24baires.com\/wp-content\/uploads\/2016\/04\/fmi.jpg?resize=350%2C200 1x, https:\/\/i0.wp.com\/www.24baires.com\/wp-content\/uploads\/2016\/04\/fmi.jpg?resize=525%2C300 1.5x, https:\/\/i0.wp.com\/www.24baires.com\/wp-content\/uploads\/2016\/04\/fmi.jpg?resize=700%2C400 2x"},"classes":[]},{"id":118353,"url":"https:\/\/www.24baires.com\/?p=118353","url_meta":{"origin":119137,"position":1},"title":"Fern\u00e1ndez y Georgieva reconocieron \u00abel problema inesperado del rechazo del Presupuesto\u00bb","author":"AF","date":"17\/12\/2021","format":false,"excerpt":"El Presidente y la titular del Fondo Monetario Internacional mantuvieron una videollamada. \"Muy buena reuni\u00f3n con el presidente @alferdez sobre c\u00f3mo avanzar en nuestro trabajo para sostener la recuperaci\u00f3n de #Argentina y abordar sus desaf\u00edos econ\u00f3micos\", indic\u00f3 la la directora gerente del FMI. El presidente Alberto Fern\u00e1ndez y la titular\u2026","rel":"","context":"En \u00abPol\u00edtica\u00bb","block_context":{"text":"Pol\u00edtica","link":"https:\/\/www.24baires.com\/?cat=51"},"img":{"alt_text":"","src":"https:\/\/i0.wp.com\/www.24baires.com\/wp-content\/uploads\/2021\/12\/61bced3ce21a3_900.jpg?resize=350%2C200","width":350,"height":200,"srcset":"https:\/\/i0.wp.com\/www.24baires.com\/wp-content\/uploads\/2021\/12\/61bced3ce21a3_900.jpg?resize=350%2C200 1x, https:\/\/i0.wp.com\/www.24baires.com\/wp-content\/uploads\/2021\/12\/61bced3ce21a3_900.jpg?resize=525%2C300 1.5x"},"classes":[]},{"id":117347,"url":"https:\/\/www.24baires.com\/?p=117347","url_meta":{"origin":119137,"position":2},"title":"Mart\u00edn Guzm\u00e1n se reuni\u00f3 durante dos horas con Kristalina Georgieva","author":"AF","date":"23\/03\/2021","format":false,"excerpt":"El ministro de Econom\u00eda y la titular del FMI mantuvieron un encuentro en Washington. Argentina y el FMI alcanzaron un \"di\u00e1logo estrecho\" que continuar\u00e1, en el marco de las negociaciones entre el pa\u00eds y el organismo para lograr un nuevo acuerdo, afirm\u00f3 esta tarde la directora Gerente del FMI. Kristalina\u2026","rel":"","context":"En \u00abEconom\u00eda\u00bb","block_context":{"text":"Econom\u00eda","link":"https:\/\/www.24baires.com\/?cat=45"},"img":{"alt_text":"","src":"https:\/\/i0.wp.com\/www.24baires.com\/wp-content\/uploads\/2020\/05\/guzman-1.jpg?resize=350%2C200","width":350,"height":200,"srcset":"https:\/\/i0.wp.com\/www.24baires.com\/wp-content\/uploads\/2020\/05\/guzman-1.jpg?resize=350%2C200 1x, https:\/\/i0.wp.com\/www.24baires.com\/wp-content\/uploads\/2020\/05\/guzman-1.jpg?resize=525%2C300 1.5x"},"classes":[]},{"id":119027,"url":"https:\/\/www.24baires.com\/?p=119027","url_meta":{"origin":119137,"position":3},"title":"Tras aprobar la primera revisi\u00f3n, el FMI desembols\u00f3 US$ 3.980 millones","author":"AF","date":"28\/06\/2022","format":false,"excerpt":"El organismo multilateral cumpli\u00f3 el compromiso asumido con la Argentina luego de la primera revisi\u00f3n satisfactoria del Acuerdo de Facilidades Extendidas. Las reservas del Banco Central sumaron US$ 3.980 millones tras el desembolso del Fondo Monetario Internacional (FMI), correspondiente a la aprobaci\u00f3n de la primera revisi\u00f3n del Acuerdo de Facilidades\u2026","rel":"","context":"En \u00abEconom\u00eda\u00bb","block_context":{"text":"Econom\u00eda","link":"https:\/\/www.24baires.com\/?cat=45"},"img":{"alt_text":"","src":"https:\/\/i0.wp.com\/www.24baires.com\/wp-content\/uploads\/2019\/08\/fmi.jpg?resize=350%2C200","width":350,"height":200,"srcset":"https:\/\/i0.wp.com\/www.24baires.com\/wp-content\/uploads\/2019\/08\/fmi.jpg?resize=350%2C200 1x, https:\/\/i0.wp.com\/www.24baires.com\/wp-content\/uploads\/2019\/08\/fmi.jpg?resize=525%2C300 1.5x, https:\/\/i0.wp.com\/www.24baires.com\/wp-content\/uploads\/2019\/08\/fmi.jpg?resize=700%2C400 2x"},"classes":[]},{"id":113840,"url":"https:\/\/www.24baires.com\/?p=113840","url_meta":{"origin":119137,"position":4},"title":"El FMI prometi\u00f3 prestar su ayuda a Argentina","author":"AF","date":"17\/01\/2020","format":false,"excerpt":"La titular del FMI admiti\u00f3 la prioridad de \"restaurar la econom\u00eda y abordar el aumento de la pobreza, que tanto afect\u00f3 a muchos argentinos\". \u201cEstamos buscando hacer lo que podamos para ayudar a la Argentina. Estamos de acuerdo con la necesidad de restaurar la econom\u00eda y abordar el aumento de\u2026","rel":"","context":"En \u00abLocales\u00bb","block_context":{"text":"Locales","link":"https:\/\/www.24baires.com\/?cat=38"},"img":{"alt_text":"","src":"https:\/\/i0.wp.com\/www.24baires.com\/wp-content\/uploads\/2016\/04\/fmi.jpg?resize=350%2C200","width":350,"height":200,"srcset":"https:\/\/i0.wp.com\/www.24baires.com\/wp-content\/uploads\/2016\/04\/fmi.jpg?resize=350%2C200 1x, https:\/\/i0.wp.com\/www.24baires.com\/wp-content\/uploads\/2016\/04\/fmi.jpg?resize=525%2C300 1.5x"},"classes":[]},{"id":119545,"url":"https:\/\/www.24baires.com\/?p=119545","url_meta":{"origin":119137,"position":5},"title":"La titular del FMI respald\u00f3 el rumbo econ\u00f3mico de Argentina","author":"GB","date":"16\/11\/2022","format":false,"excerpt":"Kristalina Georgieva mantuvo una reuni\u00f3n con Alberto Fern\u00e1ndez en la cumbre del G20. La revisi\u00f3n de sobrecargos y el precio de la guerra en agenda. presidente de la Naci\u00f3n, Alberto Fern\u00e1ndez, cerr\u00f3 su participaci\u00f3n en la cumbre del G20 reuni\u00e9ndose con la titular del Fondo Monetario Internacional (FMI), Kristalina Georgieva.\u2026","rel":"","context":"En \u00abEconom\u00eda\u00bb","block_context":{"text":"Econom\u00eda","link":"https:\/\/www.24baires.com\/?cat=45"},"img":{"alt_text":"","src":"https:\/\/i0.wp.com\/www.24baires.com\/wp-content\/uploads\/2022\/11\/reunion-fmijpg.jpg?resize=350%2C200","width":350,"height":200,"srcset":"https:\/\/i0.wp.com\/www.24baires.com\/wp-content\/uploads\/2022\/11\/reunion-fmijpg.jpg?resize=350%2C200 1x, https:\/\/i0.wp.com\/www.24baires.com\/wp-content\/uploads\/2022\/11\/reunion-fmijpg.jpg?resize=525%2C300 1.5x, https:\/\/i0.wp.com\/www.24baires.com\/wp-content\/uploads\/2022\/11\/reunion-fmijpg.jpg?resize=700%2C400 2x"},"classes":[]}],"jetpack_sharing_enabled":true,"jetpack_likes_enabled":true,"_links":{"self":[{"href":"https:\/\/www.24baires.com\/index.php?rest_route=\/wp\/v2\/posts\/119137","targetHints":{"allow":["GET"]}}],"collection":[{"href":"https:\/\/www.24baires.com\/index.php?rest_route=\/wp\/v2\/posts"}],"about":[{"href":"https:\/\/www.24baires.com\/index.php?rest_route=\/wp\/v2\/types\/post"}],"author":[{"embeddable":true,"href":"https:\/\/www.24baires.com\/index.php?rest_route=\/wp\/v2\/users\/4"}],"replies":[{"embeddable":true,"href":"https:\/\/www.24baires.com\/index.php?rest_route=%2Fwp%2Fv2%2Fcomments&post=119137"}],"version-history":[{"count":1,"href":"https:\/\/www.24baires.com\/index.php?rest_route=\/wp\/v2\/posts\/119137\/revisions"}],"predecessor-version":[{"id":119139,"href":"https:\/\/www.24baires.com\/index.php?rest_route=\/wp\/v2\/posts\/119137\/revisions\/119139"}],"wp:attachment":[{"href":"https:\/\/www.24baires.com\/index.php?rest_route=%2Fwp%2Fv2%2Fmedia&parent=119137"}],"wp:term":[{"taxonomy":"category","embeddable":true,"href":"https:\/\/www.24baires.com\/index.php?rest_route=%2Fwp%2Fv2%2Fcategories&post=119137"},{"taxonomy":"post_tag","embeddable":true,"href":"https:\/\/www.24baires.com\/index.php?rest_route=%2Fwp%2Fv2%2Ftags&post=119137"}],"curies":[{"name":"wp","href":"https:\/\/api.w.org\/{rel}","templated":true}]}}