{"id":119132,"date":"2022-07-22T21:25:11","date_gmt":"2022-07-23T00:25:11","guid":{"rendered":"http:\/\/www.24baires.com\/?p=119132"},"modified":"2022-07-22T21:25:11","modified_gmt":"2022-07-23T00:25:11","slug":"batakis-y-georgieva-se-reuniran-en-washington","status":"publish","type":"post","link":"https:\/\/www.24baires.com\/?p=119132","title":{"rendered":"Batakis y Georgieva se reunir\u00e1n en Washington"},"content":{"rendered":"<p><img data-recalc-dims=\"1\" loading=\"lazy\" decoding=\"async\" class=\"aligncenter wp-image-81554\" src=\"https:\/\/i0.wp.com\/www.24baires.com\/wp-content\/uploads\/2016\/04\/fmi.jpg?resize=720%2C465\" alt=\"\" width=\"720\" height=\"465\" srcset=\"https:\/\/i0.wp.com\/www.24baires.com\/wp-content\/uploads\/2016\/04\/fmi.jpg?w=560&amp;ssl=1 560w, https:\/\/i0.wp.com\/www.24baires.com\/wp-content\/uploads\/2016\/04\/fmi.jpg?resize=300%2C194&amp;ssl=1 300w\" sizes=\"auto, (max-width: 720px) 100vw, 720px\" \/>La ministra de Econom\u00eda tambi\u00e9n se reunir\u00e1 con altos funcionarios del Tesoro de los Estados Unidos y con ejecutivos del Banco Mundial.<\/p>\n<p><!--more--><\/p>\n<p>La ministra de Econom\u00eda, Silvina Batakis, ser\u00e1 recibida el lunes pr\u00f3ximo en Washington por la directora Gerente del Fondo Monetario Internacional (FMI), Kristalina Georgieva, adelantaron fuentes oficiales.<\/p>\n<p>El embajador en Estados Unidos, Jorge Arg\u00fcello, trabaj\u00f3 en la agenda que desarrollar\u00e1 la ministra la capital de Estados Unidos, donde la funcionaria tambi\u00e9n celebrar\u00e1 encuentros con funcionarios del Tesoro, del Banco Mundial, inversores de Wall Street y directivos de empresas internacionales.<\/p>\n<p>\u00abLa ministra Silvina Batakis va a llegar el domingo por la tarde a Washington, y luego vamos a tener inmediatamente una reuni\u00f3n de trabajo en la Embajada\u00bb, dijo a T\u00e9lam el embajador argentino en Estados Unidos, Jorge Arg\u00fcello.<\/p>\n<p>\u00abEl lunes por la ma\u00f1ana la recibir\u00e1n altos funcionarios del Tesoro de los Estados Unidos, despu\u00e9s har\u00e1n lo mismo autoridades del Fondo Monetario Internacional y finalmente ejecutivos del Banco Mundial\u00bb, detall\u00f3 el diplom\u00e1tico.<\/p>\n<p>\u00abLa reuni\u00f3n m\u00e1s importante es la que realizar\u00e1 al FMI, donde la recibir\u00e1 Kristalina Georgieva el lunes al mediod\u00eda\u201d, complet\u00f3 Arg\u00fcello.<\/p>\n<p>El embajador se\u00f1al\u00f3 que \u00abel presidente Alberto Fern\u00e1ndez, sobre la base de que se difiere unos d\u00edas la reuni\u00f3n con el presidente Joseph Biden, me instruy\u00f3 para armar una intensa agenda para la ministra de Econom\u00eda, y est\u00e1 armada\u00bb, remarc\u00f3.<\/p>\n<p>Arg\u00fcello, al dar detalles de la agenda, precis\u00f3 que \u00abel martes vamos a hacer un desayuno de trabajo con inversores y analistas de Wall Street, que vendr\u00e1n a Washington, en la Embajada argentina; y despu\u00e9s vamos a tener en la US Chamber of Commerce una ronda con las principales empresas norteamericanas que tienen inversiones en la Argentina\u00bb.<\/p>\n<p>\u00abDespu\u00e9s de eso, la ministra Batakis mantendr\u00e1 una serie de bilaterales con las autoridades de las empresas Google, Chevron, Amazon y General Motors\u00bb, complet\u00f3 el diplom\u00e1tico.<\/p>\n<p>La reuni\u00f3n con el Presidente<\/p>\n<p>El viaje a Washington fue uno de temas abordados en la reuni\u00f3n que la ministra mantuvo con el presidente Alberto Fern\u00e1ndez en el despacho del jefe de Estado en Casa de Gobierno, en la que tambi\u00e9n estuvo presente el titular del Banco Central, Miguel Pesce.<\/p>\n<p>El titular de la C\u00e1mara de Diputados, Sergio Massa, tambi\u00e9n se acerc\u00f3 a Casa Rosada para reunirse con el secretario General de la Presidencia, Julio Vitobello, para colaborar con el dise\u00f1o de esa agenda de la ministra.<\/p>\n<p>En la reuni\u00f3n entre Fern\u00e1ndez, Batakis y Pesce tambi\u00e9n se analizaron medidas econ\u00f3micas que podr\u00edan anunciarse \u00abde ac\u00e1 al lunes\u00bb, indic\u00f3 a T\u00e9lam un funcionario cercano al mandatario.<\/p>\n<p>En tanto, pasadas las 17, el canciller Santiago Cafiero ingres\u00f3 a Balcarce 50 para charlar de con el Presidente y la ministra.<\/p>\n<p>Batakis se retir\u00f3 de Casa Rosada a las 17.47, Massa lo hizo a las 18.37 y Pesce a las 18.57. Ninguno hizo declaraciones p\u00fablicas.<\/p>\n<p>Este ser\u00e1 el primer encuentro que mantendr\u00e1n de manera personal Batakis y Georgieva tras el contacto virtual que tuvieron el 6 de julio pasado, luego de que la funcionaria jurara como nueva titular del Palacio de Hacienda.<\/p>\n<p>Los di\u00e1lofos con el FMI<\/p>\n<p>El mi\u00e9rcoles 6 de julio pasado, la ministra Batakis mantuvo una reuni\u00f3n virtual con la directora gerenta del Fondo Monetario Internacional, en la que ambas coincidieron en seguir trabajando en forma conjunta para promover la estabilidad macroecon\u00f3mica en el sendero del crecimiento.<\/p>\n<p>\u00abEn un marco de confianza, mantuvimos una conversaci\u00f3n fruct\u00edfera con Georgieva y esperamos continuar teniendo un di\u00e1logo positivo\u00bb, sostuvo en esa oportunidad Batakis.<\/p>\n<p>Georgieva, por su parte, dijo que la comunicaci\u00f3n que mantuvo con la nueva ministra de Econom\u00eda fue \u00abmuy buena\u00bb y que conf\u00eda en \u00abcontinuar nuestra constructiva colaboraci\u00f3n\u00bb para lograr los objetivos.<\/p>\n<p>\u00abMuy buena llamada con la ministra Silvina Batakis hoy para hablar sobre la implementaci\u00f3n del programa de Argentina. Esperamos continuar nuestra constructiva colaboraci\u00f3n para promover la estabilidad econ\u00f3mica y el crecimiento inclusivo en un entorno global muy desafiante\u00bb, se\u00f1al\u00f3 Georgieva a trav\u00e9s de la cuenta del FMI en la red social Twitter.<\/p>\n<p>La semana pasada, tras los anuncios realizados por la ministra, el Fondo Monetario Internacional (FMI) sostuvo que las medidas econ\u00f3micas son \u00abconsistentes\u00bb con los objetivos del programa que el organismo multilateral suscribi\u00f3 con la Argentina en marzo \u00faltimo.<\/p>\n<p>El director de Comunicaciones del Fondo, Gerry Rice, durante la conferencia de prensa brindada el jueves de la semana anterior, destac\u00f3 que \u00abla ministra recientemente y p\u00fablicamente reiter\u00f3 su compromiso con la implementaci\u00f3n del programa respaldado por el Fondo y los objetivos acordados del programa\u00bb.<\/p>\n<p>Tras lo cual agreg\u00f3: \u00abLas medidas anunciadas por la ministra son consistentes con los objetivos del programa que fueron acordados para fortalecer la estabilidad macroecon\u00f3mica y comenzar a abordar los desaf\u00edos profundamente arraigados de la Argentina\u00bb.<\/p>\n<p>El anuncio del viaje a Washington de Batakis se conoci\u00f3 esta tarde luego de que se postergara la reuni\u00f3n bilateral que iban a mantener el presidente Alberto Fern\u00e1ndez y su par de los Estados Unidos, Joe Biden, el pr\u00f3ximo martes debido al cuadro de coronavirus que cursa el mandatario norteamericano.<\/p>\n","protected":false},"excerpt":{"rendered":"<p>La ministra de Econom\u00eda tambi\u00e9n se reunir\u00e1 con altos funcionarios del Tesoro de los Estados Unidos y con ejecutivos del Banco Mundial.<\/p>\n","protected":false},"author":4,"featured_media":0,"comment_status":"closed","ping_status":"closed","sticky":false,"template":"","format":"standard","meta":{"_jetpack_newsletter_access":"","_jetpack_dont_email_post_to_subs":false,"_jetpack_newsletter_tier_id":0,"_jetpack_memberships_contains_paywalled_content":false,"_jetpack_memberships_contains_paid_content":false,"footnotes":""},"categories":[45],"tags":[],"class_list":["post-119132","post","type-post","status-publish","format-standard","hentry","category-economia"],"jetpack_featured_media_url":"","jetpack_shortlink":"https:\/\/wp.me\/p2JWE0-uZu","jetpack-related-posts":[{"id":119137,"url":"https:\/\/www.24baires.com\/?p=119137","url_meta":{"origin":119132,"position":0},"title":"Georgieva calific\u00f3 como \u00abproductiva\u00bb la reuni\u00f3n que tuvo con Batakis","author":"AF","date":"25\/07\/2022","format":false,"excerpt":"As\u00ed lo defini\u00f3 la directora Gerente del Fondo Monetario Internacional (FMI) a trav\u00e9s de su cuenta de Twitter, donde adem\u00e1s destac\u00f3 que coincidieron \"en la importancia de la implementaci\u00f3n decisiva del programa para abordar los desaf\u00edos econ\u00f3micos y sociales de Argentina\". La directora Gerente del Fondo Monetario Internacional (FMI), Kristalina\u2026","rel":"","context":"En \u00abEconom\u00eda\u00bb","block_context":{"text":"Econom\u00eda","link":"https:\/\/www.24baires.com\/?cat=45"},"img":{"alt_text":"","src":"https:\/\/i0.wp.com\/www.24baires.com\/wp-content\/uploads\/2022\/07\/batakis-georgieva.jpg?resize=350%2C200","width":350,"height":200,"srcset":"https:\/\/i0.wp.com\/www.24baires.com\/wp-content\/uploads\/2022\/07\/batakis-georgieva.jpg?resize=350%2C200 1x, https:\/\/i0.wp.com\/www.24baires.com\/wp-content\/uploads\/2022\/07\/batakis-georgieva.jpg?resize=525%2C300 1.5x, https:\/\/i0.wp.com\/www.24baires.com\/wp-content\/uploads\/2022\/07\/batakis-georgieva.jpg?resize=700%2C400 2x"},"classes":[]},{"id":119265,"url":"https:\/\/www.24baires.com\/?p=119265","url_meta":{"origin":119132,"position":1},"title":"Massa viaja a Washington con agenda amplia","author":"AF","date":"25\/08\/2022","format":false,"excerpt":"Tendr\u00e1 reuniones con Georgieva, del FMI y con Claver Carone, del BID, por la deuda y los d\u00f3lares. Con qu\u00e9 gigantes de la energ\u00eda se ver\u00e1 y c\u00f3mo es la amplia comitiva. En lo que ser\u00e1 su primera excursi\u00f3n fuera del pa\u00eds desde que es el ministro de Econom\u00eda, Sergio\u2026","rel":"","context":"En \u00abPol\u00edtica\u00bb","block_context":{"text":"Pol\u00edtica","link":"https:\/\/www.24baires.com\/?cat=51"},"img":{"alt_text":"","src":"https:\/\/i0.wp.com\/www.24baires.com\/wp-content\/uploads\/2022\/08\/massa-washington.jpg?resize=350%2C200","width":350,"height":200,"srcset":"https:\/\/i0.wp.com\/www.24baires.com\/wp-content\/uploads\/2022\/08\/massa-washington.jpg?resize=350%2C200 1x, https:\/\/i0.wp.com\/www.24baires.com\/wp-content\/uploads\/2022\/08\/massa-washington.jpg?resize=525%2C300 1.5x, https:\/\/i0.wp.com\/www.24baires.com\/wp-content\/uploads\/2022\/08\/massa-washington.jpg?resize=700%2C400 2x"},"classes":[]},{"id":117320,"url":"https:\/\/www.24baires.com\/?p=117320","url_meta":{"origin":119132,"position":2},"title":"Guzm\u00e1n viaja a Estados Unidos para reuniones con el FMI y el Banco Mundial","author":"AF","date":"17\/03\/2021","format":false,"excerpt":"El ministro de Econom\u00eda emprender\u00e1 el viaje hacia Nueva York, donde ma\u00f1ana iniciar\u00e1 su agenda de reuniones con think tanks e inversores. Mart\u00edn Guzm\u00e1n viaja en la noche del mi\u00e9rcoles a Estados Unidos para cumplir desde ma\u00f1ana con una agenda de di\u00e1logo con inversores, antes de las reuniones previstas con\u2026","rel":"","context":"En \u00abPol\u00edtica\u00bb","block_context":{"text":"Pol\u00edtica","link":"https:\/\/www.24baires.com\/?cat=51"},"img":{"alt_text":"","src":"https:\/\/i0.wp.com\/www.24baires.com\/wp-content\/uploads\/2020\/05\/guzman-1.jpg?resize=350%2C200","width":350,"height":200,"srcset":"https:\/\/i0.wp.com\/www.24baires.com\/wp-content\/uploads\/2020\/05\/guzman-1.jpg?resize=350%2C200 1x, https:\/\/i0.wp.com\/www.24baires.com\/wp-content\/uploads\/2020\/05\/guzman-1.jpg?resize=525%2C300 1.5x"},"classes":[]},{"id":119435,"url":"https:\/\/www.24baires.com\/?p=119435","url_meta":{"origin":119132,"position":3},"title":"Massa avanz\u00f3 con las negociaciones por la deuda de 2400 millones","author":"AF","date":"13\/10\/2022","format":false,"excerpt":"Se reuni\u00f3 con Moulin, secretario del organismo. Preparan viaje a Francia para lograr la r\u00fabrica a fines de este mes. La cena con el G20 y los dichos de Georgieva. El ministro de Econom\u00eda, Sergio Massa, avanz\u00f3 en las \u00faltimas horas en las negociaciones con el Club de Par\u00eds, durante\u2026","rel":"","context":"En \u00abEconom\u00eda\u00bb","block_context":{"text":"Econom\u00eda","link":"https:\/\/www.24baires.com\/?cat=45"},"img":{"alt_text":"","src":"https:\/\/i0.wp.com\/www.24baires.com\/wp-content\/uploads\/2022\/09\/massa..jpg?resize=350%2C200","width":350,"height":200,"srcset":"https:\/\/i0.wp.com\/www.24baires.com\/wp-content\/uploads\/2022\/09\/massa..jpg?resize=350%2C200 1x, https:\/\/i0.wp.com\/www.24baires.com\/wp-content\/uploads\/2022\/09\/massa..jpg?resize=525%2C300 1.5x, https:\/\/i0.wp.com\/www.24baires.com\/wp-content\/uploads\/2022\/09\/massa..jpg?resize=700%2C400 2x"},"classes":[]},{"id":119065,"url":"https:\/\/www.24baires.com\/?p=119065","url_meta":{"origin":119132,"position":4},"title":"Batakis confirm\u00f3 la conformaci\u00f3n de una nueva canasta de precios cuidados","author":"GB","date":"07\/07\/2022","format":false,"excerpt":"Silvina Batakis sostuvo que \"el control de los precios es uno de los mecanismos para controlar la inflaci\u00f3n\" La ministra de Econom\u00eda Silvina Batakis confirm\u00f3 que se encuentra trabajando en una nueva canasta de bienes y servicios de Precios Cuidados y asegur\u00f3 que \"el control de los precios es uno\u2026","rel":"","context":"En \u00abEconom\u00eda\u00bb","block_context":{"text":"Econom\u00eda","link":"https:\/\/www.24baires.com\/?cat=45"},"img":{"alt_text":"","src":"https:\/\/i0.wp.com\/www.24baires.com\/wp-content\/uploads\/2022\/07\/silvina-batakisjpg.jpg?resize=350%2C200","width":350,"height":200,"srcset":"https:\/\/i0.wp.com\/www.24baires.com\/wp-content\/uploads\/2022\/07\/silvina-batakisjpg.jpg?resize=350%2C200 1x, https:\/\/i0.wp.com\/www.24baires.com\/wp-content\/uploads\/2022\/07\/silvina-batakisjpg.jpg?resize=525%2C300 1.5x, https:\/\/i0.wp.com\/www.24baires.com\/wp-content\/uploads\/2022\/07\/silvina-batakisjpg.jpg?resize=700%2C400 2x"},"classes":[]},{"id":119053,"url":"https:\/\/www.24baires.com\/?p=119053","url_meta":{"origin":119132,"position":5},"title":"Los tres ejes que se propone Batakis para su gesti\u00f3n","author":"AF","date":"04\/07\/2022","format":false,"excerpt":"A los pocos minutos de jurar en su cargo, Batakis dijo que \"vamos a seguir el programa econ\u00f3mico del Presidente\". Tambi\u00e9n se\u00f1al\u00f3 que \"queremos una mirada federal, que incluya a todos y todas los argentinos y argentinas\". Los tres puntos principales que estableci\u00f3 para su gesti\u00f3n al frente de Econom\u00eda.\u2026","rel":"","context":"En \u00abEconom\u00eda\u00bb","block_context":{"text":"Econom\u00eda","link":"https:\/\/www.24baires.com\/?cat=45"},"img":{"alt_text":"","src":"https:\/\/i0.wp.com\/www.24baires.com\/wp-content\/uploads\/2022\/07\/Batakis-1.jpg?resize=350%2C200","width":350,"height":200,"srcset":"https:\/\/i0.wp.com\/www.24baires.com\/wp-content\/uploads\/2022\/07\/Batakis-1.jpg?resize=350%2C200 1x, https:\/\/i0.wp.com\/www.24baires.com\/wp-content\/uploads\/2022\/07\/Batakis-1.jpg?resize=525%2C300 1.5x, https:\/\/i0.wp.com\/www.24baires.com\/wp-content\/uploads\/2022\/07\/Batakis-1.jpg?resize=700%2C400 2x"},"classes":[]}],"jetpack_sharing_enabled":true,"jetpack_likes_enabled":true,"_links":{"self":[{"href":"https:\/\/www.24baires.com\/index.php?rest_route=\/wp\/v2\/posts\/119132","targetHints":{"allow":["GET"]}}],"collection":[{"href":"https:\/\/www.24baires.com\/index.php?rest_route=\/wp\/v2\/posts"}],"about":[{"href":"https:\/\/www.24baires.com\/index.php?rest_route=\/wp\/v2\/types\/post"}],"author":[{"embeddable":true,"href":"https:\/\/www.24baires.com\/index.php?rest_route=\/wp\/v2\/users\/4"}],"replies":[{"embeddable":true,"href":"https:\/\/www.24baires.com\/index.php?rest_route=%2Fwp%2Fv2%2Fcomments&post=119132"}],"version-history":[{"count":1,"href":"https:\/\/www.24baires.com\/index.php?rest_route=\/wp\/v2\/posts\/119132\/revisions"}],"predecessor-version":[{"id":119133,"href":"https:\/\/www.24baires.com\/index.php?rest_route=\/wp\/v2\/posts\/119132\/revisions\/119133"}],"wp:attachment":[{"href":"https:\/\/www.24baires.com\/index.php?rest_route=%2Fwp%2Fv2%2Fmedia&parent=119132"}],"wp:term":[{"taxonomy":"category","embeddable":true,"href":"https:\/\/www.24baires.com\/index.php?rest_route=%2Fwp%2Fv2%2Fcategories&post=119132"},{"taxonomy":"post_tag","embeddable":true,"href":"https:\/\/www.24baires.com\/index.php?rest_route=%2Fwp%2Fv2%2Ftags&post=119132"}],"curies":[{"name":"wp","href":"https:\/\/api.w.org\/{rel}","templated":true}]}}