{"id":119082,"date":"2022-07-11T15:07:41","date_gmt":"2022-07-11T18:07:41","guid":{"rendered":"http:\/\/www.24baires.com\/?p=119082"},"modified":"2022-07-11T18:09:54","modified_gmt":"2022-07-11T21:09:54","slug":"batakis-anuncio-cuales-seran-sus-medidas-economicas","status":"publish","type":"post","link":"https:\/\/www.24baires.com\/?p=119082","title":{"rendered":"Batakis anunci\u00f3 cu\u00e1les ser\u00e1n sus medidas econ\u00f3micas"},"content":{"rendered":"<p><img data-recalc-dims=\"1\" loading=\"lazy\" decoding=\"async\" class=\"aligncenter wp-image-119054\" src=\"https:\/\/i0.wp.com\/www.24baires.com\/wp-content\/uploads\/2022\/07\/Batakis-1.jpg?resize=720%2C480\" alt=\"\" width=\"720\" height=\"480\" srcset=\"https:\/\/i0.wp.com\/www.24baires.com\/wp-content\/uploads\/2022\/07\/Batakis-1.jpg?w=960&amp;ssl=1 960w, https:\/\/i0.wp.com\/www.24baires.com\/wp-content\/uploads\/2022\/07\/Batakis-1.jpg?resize=300%2C200&amp;ssl=1 300w, https:\/\/i0.wp.com\/www.24baires.com\/wp-content\/uploads\/2022\/07\/Batakis-1.jpg?resize=768%2C512&amp;ssl=1 768w\" sizes=\"auto, (max-width: 720px) 100vw, 720px\" \/>La ministra de Econom\u00eda dio a conocer las primeras medidas que pondr\u00e1 en marcha. Tambi\u00e9n hizo un repaso de los temas centrales en materia econ\u00f3mica. El video de la conferencia de prensa de Silvina Batakis.<!--more--><\/p>\n<p>La ministra de Econom\u00eda, Silvina Batakis, anunci\u00f3 este lunes las primeras medidas que implementar\u00e1 desde esa cartera. En ese marco tuvo definiciones vinculadas al tipo de cambio, los precios y la inflaci\u00f3n, el acuerdo con el FMI y la segmentaci\u00f3n de tarifas.<br \/>\nBatakis hizo los anuncios en la que tambi\u00e9n fue su primera conferencia de prensa en el Palacio de Hacienda. La acompa\u00f1aron los ministros Daniel Scioli (Desarrollo Productivo), Juli\u00e1n Dom\u00ednguez (Agricultura) y Mat\u00edas Lammens (Turismo). Tambi\u00e9n estuvieron presentes el presidente del Banco Central, Miguel Pesce, y la titular de la AFIP, Mercedes Marc\u00f3 del Pont.<\/p>\n<p>Los ejes de los anuncios de Batakis<br \/>\n\u201cNecesitamos dar cierto orden y equilibrio a las finanzas p\u00fablicas del Estado Nacional. Las medidas tienen que ver con garantizar el equilibrio fiscal\u201d<br \/>\n\u201cSe mantienen las metas acordadas con el FMI.\u201d<br \/>\n\u201cTodos los organismos del sector p\u00fablico tienen que estar incluidas en el manejo eficiente del presupuesto.\u201d<br \/>\n\u201cLas cuotas presupuestarias mensuales que el Ministerio de Econom\u00eda otorga a toda la Administraci\u00f3n P\u00fablica Nacional para poder hacer la asignaci\u00f3n y ejecuci\u00f3n de sus propias erogaciones, va a ser solamente acorde con la proyecci\u00f3n de la caja real; es decir que no vamos a gastar m\u00e1s de lo que tenemos.\u201d<br \/>\n\u201cEstamos proponiendo que el congelamiento de personal que tenemos vigente se ampl\u00ede a todos los organismos del Estado.\u00bb<br \/>\n\u201cEntendemos que el tipo de cambio multilateral est\u00e1 en una situaci\u00f3n de equilibrio, entonces no vemos movimientos especulativos en ese sentido.\u201d<br \/>\n\u201cEl mercado paralelo del d\u00f3lar son 3 millones por d\u00eda y el oficial es 1000 millones. Cuando una exagera la cuesti\u00f3n de la brecha cambiaria debe dimensionar eso. Adem\u00e1s, toda la cadena de precios que uno va construyendo es con el d\u00f3lar oficial.\u201d<br \/>\n\u201cVamos a ir a un hacia un terreno de tasas de inter\u00e9s positivo con los instrumentos del sector p\u00fablico nacional y vamos a ofrecer otro tipo de instrumentos que les permita a quienes quieran invertir en el Estado puedan hacerlo salvaguardando el tipo de cambio.\u201d<br \/>\n\u201cTenemos que conformar la autoridad nacional de defensa de la competencia. Entendemos que no podemos permitir abusos de precios. Lo que sucedi\u00f3 esta semana en materia de precios no tiene ninguna explicaci\u00f3n t\u00e9cnica y solamente es por especulaciones.\u201d<br \/>\n\u201cSer\u00eda muy poco profesional que yo arriesgase hoy cu\u00e1l es la proyecci\u00f3n de inflaci\u00f3n en esta situaci\u00f3n in\u00e9dita de desequilibrio mundial.\u201d<br \/>\n\u201cEste viernes va a estar listo el registro para la segmentaci\u00f3n de tarifas para los distintos tipos de poblaci\u00f3n.\u201d<br \/>\n\u201cEstamos proponiendo la creaci\u00f3n de un Comit\u00e9 Asesor de Deuda que eval\u00fae, analice y haga propuestas en materia de deuda soberana en pesos.\u201d<\/p>\n<p>\u201cDe ninguna manera est\u00e1 en duda que nosotros no podamos cumplir con nuestras obligaciones en materia en pesos. Esto lo descarto de cuajo.\u201d<br \/>\n\u201cSe va a migrar el organismo de valuaciones fiscales al Ministerio de Econom\u00eda.\u201d<br \/>\n\u201cLos Estados no est\u00e1n para ahorrar. Las necesidades que tiene la gente son muchas en muchas partes del pa\u00eds. El Estado no est\u00e1 para ahorrar pero s\u00ed para ser solvente y para eso necesitamos equilibrio fiscal.\u201d<\/p>\n<p>&nbsp;<\/p>\n<p>&nbsp;<\/p>\n<p>&nbsp;<\/p>\n<p>&nbsp;<\/p>\n<p>Fuente: P\u00e1gina 12<\/p>\n","protected":false},"excerpt":{"rendered":"<p>La ministra de Econom\u00eda dio a conocer las primeras medidas que pondr\u00e1 en marcha. Tambi\u00e9n hizo un repaso de los temas centrales en materia econ\u00f3mica. El video de la conferencia de prensa de Silvina Batakis.<\/p>\n","protected":false},"author":4,"featured_media":0,"comment_status":"closed","ping_status":"closed","sticky":false,"template":"","format":"standard","meta":{"_jetpack_newsletter_access":"","_jetpack_dont_email_post_to_subs":false,"_jetpack_newsletter_tier_id":0,"_jetpack_memberships_contains_paywalled_content":false,"_jetpack_memberships_contains_paid_content":false,"footnotes":""},"categories":[45],"tags":[],"class_list":["post-119082","post","type-post","status-publish","format-standard","hentry","category-economia"],"jetpack_featured_media_url":"","jetpack_shortlink":"https:\/\/wp.me\/p2JWE0-uYG","jetpack-related-posts":[{"id":119132,"url":"https:\/\/www.24baires.com\/?p=119132","url_meta":{"origin":119082,"position":0},"title":"Batakis y Georgieva se reunir\u00e1n en Washington","author":"AF","date":"22\/07\/2022","format":false,"excerpt":"La ministra de Econom\u00eda tambi\u00e9n se reunir\u00e1 con altos funcionarios del Tesoro de los Estados Unidos y con ejecutivos del Banco Mundial. La ministra de Econom\u00eda, Silvina Batakis, ser\u00e1 recibida el lunes pr\u00f3ximo en Washington por la directora Gerente del Fondo Monetario Internacional (FMI), Kristalina Georgieva, adelantaron fuentes oficiales. El\u2026","rel":"","context":"En \u00abEconom\u00eda\u00bb","block_context":{"text":"Econom\u00eda","link":"https:\/\/www.24baires.com\/?cat=45"},"img":{"alt_text":"","src":"https:\/\/i0.wp.com\/www.24baires.com\/wp-content\/uploads\/2016\/04\/fmi.jpg?resize=350%2C200","width":350,"height":200,"srcset":"https:\/\/i0.wp.com\/www.24baires.com\/wp-content\/uploads\/2016\/04\/fmi.jpg?resize=350%2C200 1x, https:\/\/i0.wp.com\/www.24baires.com\/wp-content\/uploads\/2016\/04\/fmi.jpg?resize=525%2C300 1.5x, https:\/\/i0.wp.com\/www.24baires.com\/wp-content\/uploads\/2016\/04\/fmi.jpg?resize=700%2C400 2x"},"classes":[]},{"id":119053,"url":"https:\/\/www.24baires.com\/?p=119053","url_meta":{"origin":119082,"position":1},"title":"Los tres ejes que se propone Batakis para su gesti\u00f3n","author":"AF","date":"04\/07\/2022","format":false,"excerpt":"A los pocos minutos de jurar en su cargo, Batakis dijo que \"vamos a seguir el programa econ\u00f3mico del Presidente\". Tambi\u00e9n se\u00f1al\u00f3 que \"queremos una mirada federal, que incluya a todos y todas los argentinos y argentinas\". Los tres puntos principales que estableci\u00f3 para su gesti\u00f3n al frente de Econom\u00eda.\u2026","rel":"","context":"En \u00abEconom\u00eda\u00bb","block_context":{"text":"Econom\u00eda","link":"https:\/\/www.24baires.com\/?cat=45"},"img":{"alt_text":"","src":"https:\/\/i0.wp.com\/www.24baires.com\/wp-content\/uploads\/2022\/07\/Batakis-1.jpg?resize=350%2C200","width":350,"height":200,"srcset":"https:\/\/i0.wp.com\/www.24baires.com\/wp-content\/uploads\/2022\/07\/Batakis-1.jpg?resize=350%2C200 1x, https:\/\/i0.wp.com\/www.24baires.com\/wp-content\/uploads\/2022\/07\/Batakis-1.jpg?resize=525%2C300 1.5x, https:\/\/i0.wp.com\/www.24baires.com\/wp-content\/uploads\/2022\/07\/Batakis-1.jpg?resize=700%2C400 2x"},"classes":[]},{"id":119049,"url":"https:\/\/www.24baires.com\/?p=119049","url_meta":{"origin":119082,"position":2},"title":"Silvina Batakis es la nueva Ministra de Econom\u00eda","author":"GB","date":"04\/07\/2022","format":false,"excerpt":"Tras largas horas de negociaciones, el presidente Alberto Fern\u00e1ndez design\u00f3 a Batakis en reemplazo de Mart\u00edn Guzm\u00e1n La nueva ministra de Econom\u00eda ser\u00e1 Silvina Batakis confirmaron este domingo fuentes oficiales, luego de intensas negociaciones de los diferentes espacios que integran el Frente de Todos (FdT) en el marco de cambios\u2026","rel":"","context":"En \u00abEconom\u00eda\u00bb","block_context":{"text":"Econom\u00eda","link":"https:\/\/www.24baires.com\/?cat=45"},"img":{"alt_text":"","src":"https:\/\/i0.wp.com\/www.24baires.com\/wp-content\/uploads\/2022\/07\/batakis.jpg?resize=350%2C200","width":350,"height":200,"srcset":"https:\/\/i0.wp.com\/www.24baires.com\/wp-content\/uploads\/2022\/07\/batakis.jpg?resize=350%2C200 1x, https:\/\/i0.wp.com\/www.24baires.com\/wp-content\/uploads\/2022\/07\/batakis.jpg?resize=525%2C300 1.5x, https:\/\/i0.wp.com\/www.24baires.com\/wp-content\/uploads\/2022\/07\/batakis.jpg?resize=700%2C400 2x"},"classes":[]},{"id":119077,"url":"https:\/\/www.24baires.com\/?p=119077","url_meta":{"origin":119082,"position":3},"title":"La pr\u00f3xima semana se habilitar\u00e1 el formulario para el subsidio de luz y gas","author":"GB","date":"11\/07\/2022","format":false,"excerpt":"La ministra de Econom\u00eda de la Naci\u00f3n, Silvina Batakis, confirm\u00f3 qu\u00e9 d\u00eda estar\u00e1 disponible el formulario para conservar los subsidios de luz y gas Luego de que el Gobierno nacional anunciara las nuevas escalas de segmentaci\u00f3n de tarifas de servicios p\u00fablicos, aquellos ciudadanos que quieran mantener los subsidios que hoy\u2026","rel":"","context":"En \u00abPol\u00edtica\u00bb","block_context":{"text":"Pol\u00edtica","link":"https:\/\/www.24baires.com\/?cat=51"},"img":{"alt_text":"","src":"https:\/\/i0.wp.com\/www.24baires.com\/wp-content\/uploads\/2016\/04\/gas-mdp.jpg?resize=350%2C200","width":350,"height":200,"srcset":"https:\/\/i0.wp.com\/www.24baires.com\/wp-content\/uploads\/2016\/04\/gas-mdp.jpg?resize=350%2C200 1x, https:\/\/i0.wp.com\/www.24baires.com\/wp-content\/uploads\/2016\/04\/gas-mdp.jpg?resize=525%2C300 1.5x, https:\/\/i0.wp.com\/www.24baires.com\/wp-content\/uploads\/2016\/04\/gas-mdp.jpg?resize=700%2C400 2x"},"classes":[]},{"id":119065,"url":"https:\/\/www.24baires.com\/?p=119065","url_meta":{"origin":119082,"position":4},"title":"Batakis confirm\u00f3 la conformaci\u00f3n de una nueva canasta de precios cuidados","author":"GB","date":"07\/07\/2022","format":false,"excerpt":"Silvina Batakis sostuvo que \"el control de los precios es uno de los mecanismos para controlar la inflaci\u00f3n\" La ministra de Econom\u00eda Silvina Batakis confirm\u00f3 que se encuentra trabajando en una nueva canasta de bienes y servicios de Precios Cuidados y asegur\u00f3 que \"el control de los precios es uno\u2026","rel":"","context":"En \u00abEconom\u00eda\u00bb","block_context":{"text":"Econom\u00eda","link":"https:\/\/www.24baires.com\/?cat=45"},"img":{"alt_text":"","src":"https:\/\/i0.wp.com\/www.24baires.com\/wp-content\/uploads\/2022\/07\/silvina-batakisjpg.jpg?resize=350%2C200","width":350,"height":200,"srcset":"https:\/\/i0.wp.com\/www.24baires.com\/wp-content\/uploads\/2022\/07\/silvina-batakisjpg.jpg?resize=350%2C200 1x, https:\/\/i0.wp.com\/www.24baires.com\/wp-content\/uploads\/2022\/07\/silvina-batakisjpg.jpg?resize=525%2C300 1.5x, https:\/\/i0.wp.com\/www.24baires.com\/wp-content\/uploads\/2022\/07\/silvina-batakisjpg.jpg?resize=700%2C400 2x"},"classes":[]},{"id":119137,"url":"https:\/\/www.24baires.com\/?p=119137","url_meta":{"origin":119082,"position":5},"title":"Georgieva calific\u00f3 como \u00abproductiva\u00bb la reuni\u00f3n que tuvo con Batakis","author":"AF","date":"25\/07\/2022","format":false,"excerpt":"As\u00ed lo defini\u00f3 la directora Gerente del Fondo Monetario Internacional (FMI) a trav\u00e9s de su cuenta de Twitter, donde adem\u00e1s destac\u00f3 que coincidieron \"en la importancia de la implementaci\u00f3n decisiva del programa para abordar los desaf\u00edos econ\u00f3micos y sociales de Argentina\". La directora Gerente del Fondo Monetario Internacional (FMI), Kristalina\u2026","rel":"","context":"En \u00abEconom\u00eda\u00bb","block_context":{"text":"Econom\u00eda","link":"https:\/\/www.24baires.com\/?cat=45"},"img":{"alt_text":"","src":"https:\/\/i0.wp.com\/www.24baires.com\/wp-content\/uploads\/2022\/07\/batakis-georgieva.jpg?resize=350%2C200","width":350,"height":200,"srcset":"https:\/\/i0.wp.com\/www.24baires.com\/wp-content\/uploads\/2022\/07\/batakis-georgieva.jpg?resize=350%2C200 1x, https:\/\/i0.wp.com\/www.24baires.com\/wp-content\/uploads\/2022\/07\/batakis-georgieva.jpg?resize=525%2C300 1.5x, https:\/\/i0.wp.com\/www.24baires.com\/wp-content\/uploads\/2022\/07\/batakis-georgieva.jpg?resize=700%2C400 2x"},"classes":[]}],"jetpack_sharing_enabled":true,"jetpack_likes_enabled":true,"_links":{"self":[{"href":"https:\/\/www.24baires.com\/index.php?rest_route=\/wp\/v2\/posts\/119082","targetHints":{"allow":["GET"]}}],"collection":[{"href":"https:\/\/www.24baires.com\/index.php?rest_route=\/wp\/v2\/posts"}],"about":[{"href":"https:\/\/www.24baires.com\/index.php?rest_route=\/wp\/v2\/types\/post"}],"author":[{"embeddable":true,"href":"https:\/\/www.24baires.com\/index.php?rest_route=\/wp\/v2\/users\/4"}],"replies":[{"embeddable":true,"href":"https:\/\/www.24baires.com\/index.php?rest_route=%2Fwp%2Fv2%2Fcomments&post=119082"}],"version-history":[{"count":1,"href":"https:\/\/www.24baires.com\/index.php?rest_route=\/wp\/v2\/posts\/119082\/revisions"}],"predecessor-version":[{"id":119083,"href":"https:\/\/www.24baires.com\/index.php?rest_route=\/wp\/v2\/posts\/119082\/revisions\/119083"}],"wp:attachment":[{"href":"https:\/\/www.24baires.com\/index.php?rest_route=%2Fwp%2Fv2%2Fmedia&parent=119082"}],"wp:term":[{"taxonomy":"category","embeddable":true,"href":"https:\/\/www.24baires.com\/index.php?rest_route=%2Fwp%2Fv2%2Fcategories&post=119082"},{"taxonomy":"post_tag","embeddable":true,"href":"https:\/\/www.24baires.com\/index.php?rest_route=%2Fwp%2Fv2%2Ftags&post=119082"}],"curies":[{"name":"wp","href":"https:\/\/api.w.org\/{rel}","templated":true}]}}