{"id":11907,"date":"2013-01-12T11:37:38","date_gmt":"2013-01-12T14:37:38","guid":{"rendered":"http:\/\/www.24baires.com\/?p=11907"},"modified":"2013-01-12T11:47:37","modified_gmt":"2013-01-12T14:47:37","slug":"proponen-pasajes-gratuitos-para-menores-de-18-anos-para-actividades-deportivas-y-culturales","status":"publish","type":"post","link":"https:\/\/www.24baires.com\/?p=11907","title":{"rendered":"Proponen pasajes gratuitos para menores de 18 para actividades deportivas y culturales"},"content":{"rendered":"<p>La vicepresidente del bloque de senadores de la UCR, Malena Baro, propuso la creaci\u00f3n de un \u201cpase para actividades deportivas y culturales\u201d que permitir\u00e1 a todos los j\u00f3venes menores de dieciocho a\u00f1os de la provincia viajar exentos de pago del boleto en los medios de transporte p\u00fablico de pasajeros los d\u00edas s\u00e1bados, domingos y feriados de todo el a\u00f1o, con el objetivo de garantizar el acceso al desarrollo de actividades deportivas y culturales en clubes, asociaciones, centros deportivos o culturales, instituciones religiosas, fundaciones, sociedad de fomento, o cualquier otra organizaci\u00f3n de la sociedad civil.<!--more--><\/p>\n<p>\u201cLa marginaci\u00f3n, la falta de oportunidades, la ausencia de espacios adecuados de socializaci\u00f3n y la fragmentaci\u00f3n social constituyen factores de riesgo para los sectores m\u00e1s vulnerables. La pobreza expresa una profunda desigualdad en las oportunidades de desarrollo y es por eso que el estado tiene la responsabilidad de facilitar e incentivar la pr\u00e1ctica deportiva y cultural a toda persona que desee realizarlo\u201d, sostuvo Baro al referirse a la iniciativa presentada.<\/p>\n<p>Asimismo la legisladora por Jun\u00edn manifest\u00f3 que \u201cla tolerancia, la cooperaci\u00f3n, la integraci\u00f3n, el esfuerzo y la b\u00fasqueda de la excelencia son valores caracter\u00edsticos del deporte, que tienen una clara proyecci\u00f3n en la vida cotidiana\u201d. Y agreg\u00f3: \u201csimilares beneficios aportan las ocupaciones art\u00edstico-culturales orientadas a desarrollar el conocimiento y la valoraci\u00f3n del ser humano, aportando a mejorar la calidad de vida de ni\u00f1os y j\u00f3venes en situaci\u00f3n de vulnerabilidad social, utilizando el arte como herramienta de transformaci\u00f3n social, ampliando oportunidades de acceso a espacios art\u00edsticos culturales y fomentando valores como la solidaridad y el compromiso social\u201d.<\/p>\n<p>&nbsp;<\/p>\n<p>&nbsp;<\/p>\n<p>&nbsp;<\/p>\n<p>&nbsp;<\/p>\n<p>&nbsp;<\/p>\n<p>&nbsp;<\/p>\n<p>&nbsp;<\/p>\n<p>&nbsp;<\/p>\n<p>&nbsp;<\/p>\n<p>&nbsp;<\/p>\n<p>&nbsp;<\/p>\n<p>&nbsp;<\/p>\n<p>&nbsp;<\/p>\n<p>&nbsp;<\/p>\n<p>&nbsp;<\/p>\n<p>&nbsp;<\/p>\n<p>&nbsp;<\/p>\n<p>&nbsp;<\/p>\n<p>&nbsp;<\/p>\n<p>&nbsp;<\/p>\n","protected":false},"excerpt":{"rendered":"<p>La vicepresidente del bloque de senadores de la UCR, Malena Baro, propuso la creaci\u00f3n de un \u201cpase para actividades deportivas y culturales\u201d que permitir\u00e1 a todos los j\u00f3venes menores de dieciocho a\u00f1os de la provincia viajar exentos de pago del boleto en los medios de transporte p\u00fablico de pasajeros los d\u00edas s\u00e1bados, domingos y feriados de todo el a\u00f1o, con [&#8230;]<\/p>\n","protected":false},"author":4,"featured_media":0,"comment_status":"open","ping_status":"open","sticky":false,"template":"","format":"standard","meta":{"_jetpack_newsletter_access":"","_jetpack_dont_email_post_to_subs":false,"_jetpack_newsletter_tier_id":0,"_jetpack_memberships_contains_paywalled_content":false,"_jetpack_memberships_contains_paid_content":false,"footnotes":""},"categories":[1],"tags":[],"class_list":["post-11907","post","type-post","status-publish","format-standard","hentry","category-sociedad"],"jetpack_featured_media_url":"","jetpack_shortlink":"https:\/\/wp.me\/p2JWE0-363","jetpack-related-posts":[{"id":117442,"url":"https:\/\/www.24baires.com\/?p=117442","url_meta":{"origin":11907,"position":0},"title":"Alberto Fern\u00e1ndez anunci\u00f3 nuevas medidas para paliar los efectos del coronavirus","author":"AF","date":"14\/04\/2021","format":false,"excerpt":"Este viernes el Presidente anunci\u00f3 una serie de restricciones destinadas a frenar el avance del Covid-19. El presidente Alberto Fern\u00e1ndez anunci\u00f3 una serie de medidas ante la ola de coronavirus Covid-19 que recrudeci\u00f3 en Argentina, en especial en el \u00c1rea Metropolitana de Buenos Aires (AMBA) desde este viernes hasta el\u2026","rel":"","context":"En \u00abSociedad\u00bb","block_context":{"text":"Sociedad","link":"https:\/\/www.24baires.com\/?cat=1"},"img":{"alt_text":"","src":"https:\/\/i0.wp.com\/www.24baires.com\/wp-content\/uploads\/2021\/03\/fern%C3%A1ndez.jpg?resize=350%2C200","width":350,"height":200,"srcset":"https:\/\/i0.wp.com\/www.24baires.com\/wp-content\/uploads\/2021\/03\/fern%C3%A1ndez.jpg?resize=350%2C200 1x, https:\/\/i0.wp.com\/www.24baires.com\/wp-content\/uploads\/2021\/03\/fern%C3%A1ndez.jpg?resize=525%2C300 1.5x"},"classes":[]},{"id":92531,"url":"https:\/\/www.24baires.com\/?p=92531","url_meta":{"origin":11907,"position":1},"title":"Llega a Santa Clara el primer torneo de surf para personas con discapacidad intelectual","author":"GB","date":"20\/02\/2017","format":false,"excerpt":"Ser\u00e1 el pr\u00f3ximo jueves 23 de febrero en Santa Clara del Mar y contar\u00e1 con la presencia de 30 participantes, que competir\u00e1n en tres categor\u00edas. Mir\u00e1 el video y conoc\u00e9 de qu\u00e9 se trata. Este jueves 23 se llevar\u00e1 a cabo en Santa Clara del Mar, partido de Mar Chiquita,\u2026","rel":"","context":"En \u00abSociedad\u00bb","block_context":{"text":"Sociedad","link":"https:\/\/www.24baires.com\/?cat=1"},"img":{"alt_text":"","src":"https:\/\/i0.wp.com\/www.24baires.com\/wp-content\/uploads\/2017\/02\/surf-no-videntes.jpg?resize=350%2C200","width":350,"height":200,"srcset":"https:\/\/i0.wp.com\/www.24baires.com\/wp-content\/uploads\/2017\/02\/surf-no-videntes.jpg?resize=350%2C200 1x, https:\/\/i0.wp.com\/www.24baires.com\/wp-content\/uploads\/2017\/02\/surf-no-videntes.jpg?resize=525%2C300 1.5x"},"classes":[]},{"id":12009,"url":"https:\/\/www.24baires.com\/?p=12009","url_meta":{"origin":11907,"position":2},"title":"Se inaugur\u00f3 el Espacio Cultural Unzu\u00e9","author":"Grupo Sierra","date":"13\/01\/2013","format":false,"excerpt":"MAR DEL PLATA.- La campa\u00f1a del gobierno nacional \"\u201cArgentina, el verano de un amor. M\u00e1s la conoc\u00e9s, m\u00e1s la quer\u00e9s\u201d\" se inaugurar\u00f3 ayer en el Espacio Cultural \u201cInstituto Saturnino Unzu\u00e9\u201d, ubicado en la calle R\u00edo Negro al 3500 y el Boulevard Peralta Ramos, frente a la playa. \"El Instituto es\u2026","rel":"","context":"En \u00abSociedad\u00bb","block_context":{"text":"Sociedad","link":"https:\/\/www.24baires.com\/?cat=1"},"img":{"alt_text":"Unzu\u00e9_Mdp_Lagos_6_ef_10324","src":"https:\/\/i0.wp.com\/www.24baires.com\/wp-content\/uploads\/2013\/01\/Unzu%C3%A9_Mdp_Lagos_6_ef_10324.jpg?resize=350%2C200","width":350,"height":200,"srcset":"https:\/\/i0.wp.com\/www.24baires.com\/wp-content\/uploads\/2013\/01\/Unzu%C3%A9_Mdp_Lagos_6_ef_10324.jpg?resize=350%2C200 1x, https:\/\/i0.wp.com\/www.24baires.com\/wp-content\/uploads\/2013\/01\/Unzu%C3%A9_Mdp_Lagos_6_ef_10324.jpg?resize=525%2C300 1.5x"},"classes":[]},{"id":40939,"url":"https:\/\/www.24baires.com\/?p=40939","url_meta":{"origin":11907,"position":3},"title":"El &#8216;Espacio Unzu\u00e9&#8217; recibi\u00f3 m\u00e1s de 100 mil visitas esta temporada","author":"Grupo Sierra","date":"22\/02\/2014","format":false,"excerpt":"MAR DEL PLATA.- M\u00e1s de cien mil personas participaron durante este verano de las actividades recreativas, deportivas y culturales que se desarrollaron en el \"Espacio Unzu\u00e9\" de la ciudad balnearia de Mar del Plata, que tuvo hoy su cierre de temporada. \u00a0 \u00a0 El Espacio Unzu\u00e9, ubicado en R\u00edo Negro\u2026","rel":"","context":"En \u00abSociedad\u00bb","block_context":{"text":"Sociedad","link":"https:\/\/www.24baires.com\/?cat=1"},"img":{"alt_text":"unzue","src":"https:\/\/i0.wp.com\/www.24baires.com\/wp-content\/uploads\/2014\/02\/unzue-300x168.jpg?resize=350%2C200","width":350,"height":200},"classes":[]},{"id":69258,"url":"https:\/\/www.24baires.com\/?p=69258","url_meta":{"origin":11907,"position":4},"title":"Diferentes propuestas para pasar las vacaciones de invierno en la Costa Atl\u00e1ntica","author":"AF","date":"18\/07\/2015","format":false,"excerpt":"Los distintos puntos de la costa atl\u00e1ntica, que desde ayer est\u00e1n recibiendo una importante cantidad de turistas, tiene una variada agenda de actividades deportivas, culturales y recreativas. Qu\u00e9 hacer y d\u00f3nde. Desde la tarde de ayer, tanto la autov\u00eda 2 como la ruta interbalnearia 11 comenzaron a tener un intenso\u2026","rel":"","context":"En \u00abSociedad\u00bb","block_context":{"text":"Sociedad","link":"https:\/\/www.24baires.com\/?cat=1"},"img":{"alt_text":"mar del plata invierno","src":"https:\/\/i0.wp.com\/www.24baires.com\/wp-content\/uploads\/2014\/07\/mar-del-plata-invierno.jpg?resize=350%2C200","width":350,"height":200,"srcset":"https:\/\/i0.wp.com\/www.24baires.com\/wp-content\/uploads\/2014\/07\/mar-del-plata-invierno.jpg?resize=350%2C200 1x, https:\/\/i0.wp.com\/www.24baires.com\/wp-content\/uploads\/2014\/07\/mar-del-plata-invierno.jpg?resize=525%2C300 1.5x"},"classes":[]},{"id":117646,"url":"https:\/\/www.24baires.com\/?p=117646","url_meta":{"origin":11907,"position":5},"title":"Se termin\u00f3 el confinamiento y rige el sistema de fases en la Privincia","author":"GB","date":"31\/05\/2021","format":false,"excerpt":"La semana comenzar\u00e1 con 121 distritos en Fase 2, 13 en Fase 3 y s\u00f3lo San Cayetano en Fase 4. En tanto el confinamiento volver\u00e1 el pr\u00f3ximo fin de semana. A partir de este lunes termin\u00f3 el aislamiento estricto, que estableci\u00f3 el Gobierno nacional para bajar la circulaci\u00f3n y mitigar\u2026","rel":"","context":"En \u00abLocales\u00bb","block_context":{"text":"Locales","link":"https:\/\/www.24baires.com\/?cat=38"},"img":{"alt_text":"","src":"https:\/\/i0.wp.com\/www.24baires.com\/wp-content\/uploads\/2020\/04\/aislamiento.jpg?resize=350%2C200","width":350,"height":200,"srcset":"https:\/\/i0.wp.com\/www.24baires.com\/wp-content\/uploads\/2020\/04\/aislamiento.jpg?resize=350%2C200 1x, https:\/\/i0.wp.com\/www.24baires.com\/wp-content\/uploads\/2020\/04\/aislamiento.jpg?resize=525%2C300 1.5x"},"classes":[]}],"jetpack_sharing_enabled":true,"jetpack_likes_enabled":true,"_links":{"self":[{"href":"https:\/\/www.24baires.com\/index.php?rest_route=\/wp\/v2\/posts\/11907","targetHints":{"allow":["GET"]}}],"collection":[{"href":"https:\/\/www.24baires.com\/index.php?rest_route=\/wp\/v2\/posts"}],"about":[{"href":"https:\/\/www.24baires.com\/index.php?rest_route=\/wp\/v2\/types\/post"}],"author":[{"embeddable":true,"href":"https:\/\/www.24baires.com\/index.php?rest_route=\/wp\/v2\/users\/4"}],"replies":[{"embeddable":true,"href":"https:\/\/www.24baires.com\/index.php?rest_route=%2Fwp%2Fv2%2Fcomments&post=11907"}],"version-history":[{"count":3,"href":"https:\/\/www.24baires.com\/index.php?rest_route=\/wp\/v2\/posts\/11907\/revisions"}],"predecessor-version":[{"id":11918,"href":"https:\/\/www.24baires.com\/index.php?rest_route=\/wp\/v2\/posts\/11907\/revisions\/11918"}],"wp:attachment":[{"href":"https:\/\/www.24baires.com\/index.php?rest_route=%2Fwp%2Fv2%2Fmedia&parent=11907"}],"wp:term":[{"taxonomy":"category","embeddable":true,"href":"https:\/\/www.24baires.com\/index.php?rest_route=%2Fwp%2Fv2%2Fcategories&post=11907"},{"taxonomy":"post_tag","embeddable":true,"href":"https:\/\/www.24baires.com\/index.php?rest_route=%2Fwp%2Fv2%2Ftags&post=11907"}],"curies":[{"name":"wp","href":"https:\/\/api.w.org\/{rel}","templated":true}]}}