{"id":119068,"date":"2022-07-07T20:44:40","date_gmt":"2022-07-07T23:44:40","guid":{"rendered":"http:\/\/www.24baires.com\/?p=119068"},"modified":"2022-07-07T20:44:40","modified_gmt":"2022-07-07T23:44:40","slug":"tenemos-que-administrar-reservas-advirtio-la-nueva-ministra-de-economia","status":"publish","type":"post","link":"https:\/\/www.24baires.com\/?p=119068","title":{"rendered":"\u00abTenemos que administrar reservas\u201d, advirti\u00f3 la nueva ministra de Econom\u00eda"},"content":{"rendered":"<p><img data-recalc-dims=\"1\" loading=\"lazy\" decoding=\"async\" class=\"aligncenter wp-image-119069\" src=\"https:\/\/i0.wp.com\/www.24baires.com\/wp-content\/uploads\/2022\/07\/batakiss.jpg?resize=720%2C480\" alt=\"\" width=\"720\" height=\"480\" srcset=\"https:\/\/i0.wp.com\/www.24baires.com\/wp-content\/uploads\/2022\/07\/batakiss.jpg?w=960&amp;ssl=1 960w, https:\/\/i0.wp.com\/www.24baires.com\/wp-content\/uploads\/2022\/07\/batakiss.jpg?resize=300%2C200&amp;ssl=1 300w, https:\/\/i0.wp.com\/www.24baires.com\/wp-content\/uploads\/2022\/07\/batakiss.jpg?resize=768%2C512&amp;ssl=1 768w\" sizes=\"auto, (max-width: 720px) 100vw, 720px\" \/>La ministra de Econom\u00eda, Silvina Batakis, descart\u00f3 una modificaci\u00f3n del tipo de cambio oficial y neg\u00f3 nuevas restricciones al acceso de divisas. No obstante, insisti\u00f3 en la necesidad de generar un contexto que no favorezca la salida de la moneda norteamericana y, en este sentido, se refiri\u00f3 al sector tur\u00edstico: \u201cTodos tienen derecho a las vacaciones en el exterior, pero tenemos que administrar reservas\u201d.<!--more--><\/p>\n<p>En un contexto donde hay faltante de d\u00f3lares y en el que los que hay se seguir\u00e1n direccionando al sector productivo, \u201cel derecho de viajar colisiona con la generaci\u00f3n de puestos de trabajo\u201d, sostuvo la titular del Palacio de Hacienda.<\/p>\n<p>Esa afirmaci\u00f3n, no obstante, no fue el preanuncio de medidas que afecten el turismo ni nuevas restricciones al acceso de la divisa, sino que m\u00e1s bien fue un llamado a la sociedad a elegir otras alternativas para vacacionar.<\/p>\n<p>\u201cNosotros tenemos que administrar las reservas para que haya mucho m\u00e1s d\u00f3lares para que el pa\u00eds crezca y que se vuelquen para la producci\u00f3n. Todos tienen derecho a las vacaciones, pero tenemos que invitar a que vacacionen en el pa\u00eds tambi\u00e9n. Tenemos el Mundial en el medio y eso demanda muchas divisas\u00bb, dijo anoche durante una entrevista por el canal TN.<\/p>\n<p>Al ser consultada por la demanda de d\u00f3lares para viajes al exterior y para compra de bienes fuera del pa\u00eds, la ministra record\u00f3 que \u00abel Gobierno est\u00e1 para aliviar esas tensiones\u00bb que produce la demanda de moneda extranjera.<\/p>\n<p>\u00abNo hay razones para devaluar\u00bb<br \/>\nAdem\u00e1s, reconoci\u00f3 que \u00abla gente ha encontrado en el d\u00f3lar la preservaci\u00f3n de sus ahorros\u201d pero aclar\u00f3 que \u00abel d\u00f3lar es un recurso escaso y eso tiene que estar al servicio de la matriz productiva, aplicarlo para que todos estemos mejor\u00bb.<\/p>\n<p>\u00abEl d\u00f3lar est\u00e1 inserto en muchos precios de bienes y servicios. Cuando uno mira el tipo de cambio multilateral, es competitivo y no hay razones para devaluar. Vamos a tener un r\u00e9cord de balanza comercial pero no estamos en una situaci\u00f3n de riesgo\u00bb, proyect\u00f3.<\/p>\n<p>En relaci\u00f3n con las oscilaciones en el mercado financiero, la ministra puntualiz\u00f3 que \u00abel d\u00f3lar blue es un mercado marginal, no es una referencia para los bienes y servicios que se producen en la Argentina\u00bb.<\/p>\n<p>Destac\u00f3, adem\u00e1s, la capacidad que tuvo el Banco Central para enfrentar esta situaci\u00f3n y remarc\u00f3 que el hecho de que la autoridad monetaria pueda afrontar esa situaci\u00f3n \u201chabla bien\u201d de ella.<\/p>\n<p>\u00abEn la econom\u00eda se generan situaciones de tensi\u00f3n pero en estos tres d\u00edas vimos que el Banco Central puede manejar la situaci\u00f3n\u00bb, ponder\u00f3 y subray\u00f3 que \u00ablas empresas est\u00e1n stockeadas y eso nos pone en una mejor situaci\u00f3n para poder exportar\u00bb.<\/p>\n<p>Fuente: P\u00e1gina 12<\/p>\n","protected":false},"excerpt":{"rendered":"<p>La ministra de Econom\u00eda, Silvina Batakis, descart\u00f3 una modificaci\u00f3n del tipo de cambio oficial y neg\u00f3 nuevas restricciones al acceso de divisas. No obstante, insisti\u00f3 en la necesidad de generar un contexto que no favorezca la salida de la moneda norteamericana y, en este sentido, se refiri\u00f3 al sector tur\u00edstico: \u201cTodos tienen derecho a las vacaciones en el exterior, pero [&#8230;]<\/p>\n","protected":false},"author":4,"featured_media":0,"comment_status":"closed","ping_status":"closed","sticky":false,"template":"","format":"standard","meta":{"_jetpack_newsletter_access":"","_jetpack_dont_email_post_to_subs":false,"_jetpack_newsletter_tier_id":0,"_jetpack_memberships_contains_paywalled_content":false,"_jetpack_memberships_contains_paid_content":false,"footnotes":""},"categories":[45],"tags":[],"class_list":["post-119068","post","type-post","status-publish","format-standard","hentry","category-economia"],"jetpack_featured_media_url":"","jetpack_shortlink":"https:\/\/wp.me\/p2JWE0-uYs","jetpack-related-posts":[{"id":91361,"url":"https:\/\/www.24baires.com\/?p=91361","url_meta":{"origin":119068,"position":0},"title":"Eliminan restricciones para el ingreso de capitales al pa\u00eds","author":"AF","date":"05\/01\/2017","format":false,"excerpt":"El Gobierno elimin\u00f3 el plazo de 120 d\u00edas para poder sacar divisas ingresadas al pa\u00eds y, as\u00ed, cualquier tipo de restricci\u00f3n para el ingreso de capitales. La medida, dispuesta a trav\u00e9s de la resoluci\u00f3n 1-E\/2017 publicada este jueves en el Bolet\u00edn Oficial, redujo a cero d\u00edas el plazo que hab\u00eda\u2026","rel":"","context":"En \u00abEconom\u00eda\u00bb","block_context":{"text":"Econom\u00eda","link":"https:\/\/www.24baires.com\/?cat=45"},"img":{"alt_text":"","src":"https:\/\/i0.wp.com\/www.24baires.com\/wp-content\/uploads\/2017\/01\/billetes.jpg?resize=350%2C200","width":350,"height":200,"srcset":"https:\/\/i0.wp.com\/www.24baires.com\/wp-content\/uploads\/2017\/01\/billetes.jpg?resize=350%2C200 1x, https:\/\/i0.wp.com\/www.24baires.com\/wp-content\/uploads\/2017\/01\/billetes.jpg?resize=525%2C300 1.5x"},"classes":[]},{"id":119291,"url":"https:\/\/www.24baires.com\/?p=119291","url_meta":{"origin":119068,"position":1},"title":"El Gobierno nacional anunci\u00f3 un nuevo \u00abd\u00f3lar soja\u00bb","author":"GB","date":"05\/09\/2022","format":false,"excerpt":"El ministro de Econom\u00eda anunci\u00f3 la implementaci\u00f3n de un d\u00f3lar a 200 pesos destinado a la liquidaci\u00f3n de la cosecha de soja. Gobierno de la naci\u00f3n anunci\u00f3 un nuevo tipo de cambio de 200 pesos por d\u00f3lar destinado a las transacciones internacionales de soja. Esta medida con la que se\u2026","rel":"","context":"En \u00abEconom\u00eda\u00bb","block_context":{"text":"Econom\u00eda","link":"https:\/\/www.24baires.com\/?cat=45"},"img":{"alt_text":"","src":"https:\/\/i0.wp.com\/www.24baires.com\/wp-content\/uploads\/2022\/09\/massa-dolar-sojapng.png?resize=350%2C200","width":350,"height":200,"srcset":"https:\/\/i0.wp.com\/www.24baires.com\/wp-content\/uploads\/2022\/09\/massa-dolar-sojapng.png?resize=350%2C200 1x, https:\/\/i0.wp.com\/www.24baires.com\/wp-content\/uploads\/2022\/09\/massa-dolar-sojapng.png?resize=525%2C300 1.5x, https:\/\/i0.wp.com\/www.24baires.com\/wp-content\/uploads\/2022\/09\/massa-dolar-sojapng.png?resize=700%2C400 2x"},"classes":[]},{"id":76705,"url":"https:\/\/www.24baires.com\/?p=76705","url_meta":{"origin":119068,"position":2},"title":"\u00abEspero que no se enamoren de un d\u00f3lar muy bajo\u00bb, sentenci\u00f3 Ratazzi","author":"GB","date":"21\/12\/2015","format":false,"excerpt":"El presidente de Fiat Argentina, Cristiano Ratazzi, dijo que espera que el ministro de Hacienda, Alfonso Prat Gay, \"no se enamore de un d\u00f3lar bajo\" porque lo que se necesita es crear reservas y competitividad para la exportaci\u00f3n. Ratazzi sostuvo que para integrar la industria al mundo es necesario un\u2026","rel":"","context":"En \u00abEconom\u00eda\u00bb","block_context":{"text":"Econom\u00eda","link":"https:\/\/www.24baires.com\/?cat=45"},"img":{"alt_text":"ratazi","src":"https:\/\/i0.wp.com\/www.24baires.com\/wp-content\/uploads\/2015\/12\/ratazi.jpg?resize=350%2C200","width":350,"height":200},"classes":[]},{"id":115961,"url":"https:\/\/www.24baires.com\/?p=115961","url_meta":{"origin":119068,"position":3},"title":"Aclaran que no habr\u00e1 cambios en la venta oficial de d\u00f3lares","author":"GB","date":"16\/08\/2020","format":false,"excerpt":"El presidente apunt\u00f3 a la compra de d\u00f3lares por parte de peque\u00f1os ahorristas y se\u00f1al\u00f3 que es \"un problema\". Desde el Ministerio de Econom\u00eda salieron a tranquilizar. El presidente Alberto Fern\u00e1ndez hab\u00eda sembrado dudas en el mercado de divisas cuando esta tarde se\u00f1al\u00f3 que estudiaban endurecer el cepo y no\u2026","rel":"","context":"En \u00abEconom\u00eda\u00bb","block_context":{"text":"Econom\u00eda","link":"https:\/\/www.24baires.com\/?cat=45"},"img":{"alt_text":"","src":"https:\/\/i0.wp.com\/www.24baires.com\/wp-content\/uploads\/2020\/08\/alberto-guzman.jpg?resize=350%2C200","width":350,"height":200,"srcset":"https:\/\/i0.wp.com\/www.24baires.com\/wp-content\/uploads\/2020\/08\/alberto-guzman.jpg?resize=350%2C200 1x, https:\/\/i0.wp.com\/www.24baires.com\/wp-content\/uploads\/2020\/08\/alberto-guzman.jpg?resize=525%2C300 1.5x"},"classes":[]},{"id":102741,"url":"https:\/\/www.24baires.com\/?p=102741","url_meta":{"origin":119068,"position":4},"title":"D\u00f3lar imparable: se dispara $ 1,26 y roza los 28 pesos","author":"GB","date":"14\/06\/2018","format":false,"excerpt":"Sin intervenci\u00f3n del Banco Central en el mercado de cambios, el d\u00f3lar se dispara $ 1,26 este jueves al nuevo r\u00e9cord intradiario de $ 27,99 en agencias y bancos de la city porte\u00f1a. Sucede en momentos de incertidumbre tras el reciente acuerdo con el FMI por un cr\u00e9dito Stand By\u2026","rel":"","context":"En \u00abEconom\u00eda\u00bb","block_context":{"text":"Econom\u00eda","link":"https:\/\/www.24baires.com\/?cat=45"},"img":{"alt_text":"","src":"https:\/\/i0.wp.com\/www.24baires.com\/wp-content\/uploads\/2018\/03\/d%C3%B3lar.jpg?resize=350%2C200","width":350,"height":200,"srcset":"https:\/\/i0.wp.com\/www.24baires.com\/wp-content\/uploads\/2018\/03\/d%C3%B3lar.jpg?resize=350%2C200 1x, https:\/\/i0.wp.com\/www.24baires.com\/wp-content\/uploads\/2018\/03\/d%C3%B3lar.jpg?resize=525%2C300 1.5x"},"classes":[]},{"id":118904,"url":"https:\/\/www.24baires.com\/?p=118904","url_meta":{"origin":119068,"position":5},"title":"Anticipan que las exportaciones llegar\u00e1n a los US$ 90.000 millones","author":"AF","date":"26\/05\/2022","format":false,"excerpt":"\"Seguramente llegar\u00e1n a los US$ 100.000 millones en 2023, superando el r\u00e9cord registrado en 2011\", conf\u00edan desde la secretar\u00eda de industria. Las exportaciones argentinas rondar\u00e1n este a\u00f1o los US$ 90.000 millones, lo que representar\u00e1 una mejora de casi 20% respecto a las ventas al exterior concretadas en 2021, en un\u2026","rel":"","context":"En \u00abEconom\u00eda\u00bb","block_context":{"text":"Econom\u00eda","link":"https:\/\/www.24baires.com\/?cat=45"},"img":{"alt_text":"","src":"https:\/\/i0.wp.com\/www.24baires.com\/wp-content\/uploads\/2022\/05\/5cd969a1c4529_900.jpg?resize=350%2C200","width":350,"height":200,"srcset":"https:\/\/i0.wp.com\/www.24baires.com\/wp-content\/uploads\/2022\/05\/5cd969a1c4529_900.jpg?resize=350%2C200 1x, https:\/\/i0.wp.com\/www.24baires.com\/wp-content\/uploads\/2022\/05\/5cd969a1c4529_900.jpg?resize=525%2C300 1.5x, https:\/\/i0.wp.com\/www.24baires.com\/wp-content\/uploads\/2022\/05\/5cd969a1c4529_900.jpg?resize=700%2C400 2x"},"classes":[]}],"jetpack_sharing_enabled":true,"jetpack_likes_enabled":true,"_links":{"self":[{"href":"https:\/\/www.24baires.com\/index.php?rest_route=\/wp\/v2\/posts\/119068","targetHints":{"allow":["GET"]}}],"collection":[{"href":"https:\/\/www.24baires.com\/index.php?rest_route=\/wp\/v2\/posts"}],"about":[{"href":"https:\/\/www.24baires.com\/index.php?rest_route=\/wp\/v2\/types\/post"}],"author":[{"embeddable":true,"href":"https:\/\/www.24baires.com\/index.php?rest_route=\/wp\/v2\/users\/4"}],"replies":[{"embeddable":true,"href":"https:\/\/www.24baires.com\/index.php?rest_route=%2Fwp%2Fv2%2Fcomments&post=119068"}],"version-history":[{"count":1,"href":"https:\/\/www.24baires.com\/index.php?rest_route=\/wp\/v2\/posts\/119068\/revisions"}],"predecessor-version":[{"id":119070,"href":"https:\/\/www.24baires.com\/index.php?rest_route=\/wp\/v2\/posts\/119068\/revisions\/119070"}],"wp:attachment":[{"href":"https:\/\/www.24baires.com\/index.php?rest_route=%2Fwp%2Fv2%2Fmedia&parent=119068"}],"wp:term":[{"taxonomy":"category","embeddable":true,"href":"https:\/\/www.24baires.com\/index.php?rest_route=%2Fwp%2Fv2%2Fcategories&post=119068"},{"taxonomy":"post_tag","embeddable":true,"href":"https:\/\/www.24baires.com\/index.php?rest_route=%2Fwp%2Fv2%2Ftags&post=119068"}],"curies":[{"name":"wp","href":"https:\/\/api.w.org\/{rel}","templated":true}]}}