{"id":119065,"date":"2022-07-07T09:17:17","date_gmt":"2022-07-07T12:17:17","guid":{"rendered":"http:\/\/www.24baires.com\/?p=119065"},"modified":"2022-07-07T09:17:17","modified_gmt":"2022-07-07T12:17:17","slug":"batakis-confirmo-la-conformacion-de-una-nueva-canasta-de-precios-cuidados","status":"publish","type":"post","link":"https:\/\/www.24baires.com\/?p=119065","title":{"rendered":"Batakis confirm\u00f3 la conformaci\u00f3n de una nueva canasta de precios cuidados"},"content":{"rendered":"<p><img data-recalc-dims=\"1\" loading=\"lazy\" decoding=\"async\" class=\"aligncenter wp-image-119066\" src=\"https:\/\/i0.wp.com\/www.24baires.com\/wp-content\/uploads\/2022\/07\/silvina-batakisjpg.jpg?resize=720%2C480\" alt=\"\" width=\"720\" height=\"480\" srcset=\"https:\/\/i0.wp.com\/www.24baires.com\/wp-content\/uploads\/2022\/07\/silvina-batakisjpg.jpg?w=375&amp;ssl=1 375w, https:\/\/i0.wp.com\/www.24baires.com\/wp-content\/uploads\/2022\/07\/silvina-batakisjpg.jpg?resize=300%2C200&amp;ssl=1 300w\" sizes=\"auto, (max-width: 720px) 100vw, 720px\" \/>Silvina Batakis sostuvo que \u00abel control de los precios es uno de los mecanismos para controlar la inflaci\u00f3n\u00bb<!--more--><\/p>\n<p>La ministra de Econom\u00eda Silvina Batakis confirm\u00f3 que se encuentra trabajando en una nueva canasta de bienes y servicios de Precios Cuidados y asegur\u00f3 que \u00abel control de los precios es uno de los mecanismos para controlar la inflaci\u00f3n\u00bb.<\/p>\n<p>Las declaraciones de Batakis se dieron e el marco de un programa televisivo de la se\u00f1al TN donde manifest\u00f3 que \u00abla inflaci\u00f3n en la Argentina tiene muchas causas\u00bb y a\u00f1adi\u00f3 que \u00abel control de precios es uno m\u00e1s de los mecanismos para controlar la inflaci\u00f3n pero hay otros instrumentos que necesitan del largo plazo como la inversi\u00f3n en infraestructura\u00bb.<\/p>\n<p>En ese contexto, la flamante ministra sostuvo que que \u00abno podemos aceptar que alg\u00fan comercio remarque los precios porque hay inflaci\u00f3n\u00bb por lo que desde su gesti\u00f3n van \u00aba buscar un acuerdo con los formadores de precios\u00bb, afirm\u00f3.<\/p>\n","protected":false},"excerpt":{"rendered":"<p>Silvina Batakis sostuvo que \u00abel control de los precios es uno de los mecanismos para controlar la inflaci\u00f3n\u00bb<\/p>\n","protected":false},"author":8,"featured_media":0,"comment_status":"closed","ping_status":"closed","sticky":false,"template":"","format":"standard","meta":{"_jetpack_newsletter_access":"","_jetpack_dont_email_post_to_subs":false,"_jetpack_newsletter_tier_id":0,"_jetpack_memberships_contains_paywalled_content":false,"_jetpack_memberships_contains_paid_content":false,"footnotes":""},"categories":[45],"tags":[],"class_list":["post-119065","post","type-post","status-publish","format-standard","hentry","category-economia"],"jetpack_featured_media_url":"","jetpack_shortlink":"https:\/\/wp.me\/p2JWE0-uYp","jetpack-related-posts":[{"id":119082,"url":"https:\/\/www.24baires.com\/?p=119082","url_meta":{"origin":119065,"position":0},"title":"Batakis anunci\u00f3 cu\u00e1les ser\u00e1n sus medidas econ\u00f3micas","author":"AF","date":"11\/07\/2022","format":false,"excerpt":"La ministra de Econom\u00eda dio a conocer las primeras medidas que pondr\u00e1 en marcha. Tambi\u00e9n hizo un repaso de los temas centrales en materia econ\u00f3mica. El video de la conferencia de prensa de Silvina Batakis. La ministra de Econom\u00eda, Silvina Batakis, anunci\u00f3 este lunes las primeras medidas que implementar\u00e1 desde\u2026","rel":"","context":"En \u00abEconom\u00eda\u00bb","block_context":{"text":"Econom\u00eda","link":"https:\/\/www.24baires.com\/?cat=45"},"img":{"alt_text":"","src":"https:\/\/i0.wp.com\/www.24baires.com\/wp-content\/uploads\/2022\/07\/Batakis-1.jpg?resize=350%2C200","width":350,"height":200,"srcset":"https:\/\/i0.wp.com\/www.24baires.com\/wp-content\/uploads\/2022\/07\/Batakis-1.jpg?resize=350%2C200 1x, https:\/\/i0.wp.com\/www.24baires.com\/wp-content\/uploads\/2022\/07\/Batakis-1.jpg?resize=525%2C300 1.5x, https:\/\/i0.wp.com\/www.24baires.com\/wp-content\/uploads\/2022\/07\/Batakis-1.jpg?resize=700%2C400 2x"},"classes":[]},{"id":119056,"url":"https:\/\/www.24baires.com\/?p=119056","url_meta":{"origin":119065,"position":1},"title":"\u00abSeguramente habr\u00e1 algunas modificaciones\u00bb en las revisiones del acuerdo con el FMI","author":"AF","date":"05\/07\/2022","format":false,"excerpt":"La flamante ministra de Econom\u00eda afirm\u00f3 que se debe \"trabajar de manera conjunta\" para cumplir con el acuerdo. \"Viendo las metas de cada revisi\u00f3n, seguramente habr\u00e1 algunas modificaciones\", remarc\u00f3. La flamante ministra de Econom\u00eda, Silvina Batakis, que \"seguramente habr\u00e1 algunas modificaciones\" en las pr\u00f3ximas revisiones del acuerdo con el Fondo\u2026","rel":"","context":"En \u00abEconom\u00eda\u00bb","block_context":{"text":"Econom\u00eda","link":"https:\/\/www.24baires.com\/?cat=45"},"img":{"alt_text":"","src":"https:\/\/i0.wp.com\/www.24baires.com\/wp-content\/uploads\/2022\/07\/62c35d28a345d_900.jpg?resize=350%2C200","width":350,"height":200,"srcset":"https:\/\/i0.wp.com\/www.24baires.com\/wp-content\/uploads\/2022\/07\/62c35d28a345d_900.jpg?resize=350%2C200 1x, https:\/\/i0.wp.com\/www.24baires.com\/wp-content\/uploads\/2022\/07\/62c35d28a345d_900.jpg?resize=525%2C300 1.5x, https:\/\/i0.wp.com\/www.24baires.com\/wp-content\/uploads\/2022\/07\/62c35d28a345d_900.jpg?resize=700%2C400 2x"},"classes":[]},{"id":119120,"url":"https:\/\/www.24baires.com\/?p=119120","url_meta":{"origin":119065,"position":2},"title":"Batakis recibi\u00f3 el apoyo de intendentes bonaerenses","author":"AF","date":"20\/07\/2022","format":false,"excerpt":"El encuentro marca una continuidad respecto a la reuni\u00f3n previa que la titular del Palacio de Hacienda mantuvo el lunes con el gobernador Axel Kicillof y otros cuatros mandatarios provinciales, en el contexto de adhesi\u00f3n a las disposiciones anunciadas. La ministra de Econom\u00eda, Silvina Batakis, mantuvo un encuentro este mi\u00e9rcoles\u2026","rel":"","context":"En \u00abProvincia\u00bb","block_context":{"text":"Provincia","link":"https:\/\/www.24baires.com\/?cat=40"},"img":{"alt_text":"","src":"https:\/\/i0.wp.com\/www.24baires.com\/wp-content\/uploads\/2022\/07\/batakis-intendentes.jpg?resize=350%2C200","width":350,"height":200,"srcset":"https:\/\/i0.wp.com\/www.24baires.com\/wp-content\/uploads\/2022\/07\/batakis-intendentes.jpg?resize=350%2C200 1x, https:\/\/i0.wp.com\/www.24baires.com\/wp-content\/uploads\/2022\/07\/batakis-intendentes.jpg?resize=525%2C300 1.5x, https:\/\/i0.wp.com\/www.24baires.com\/wp-content\/uploads\/2022\/07\/batakis-intendentes.jpg?resize=700%2C400 2x"},"classes":[]},{"id":119049,"url":"https:\/\/www.24baires.com\/?p=119049","url_meta":{"origin":119065,"position":3},"title":"Silvina Batakis es la nueva Ministra de Econom\u00eda","author":"GB","date":"04\/07\/2022","format":false,"excerpt":"Tras largas horas de negociaciones, el presidente Alberto Fern\u00e1ndez design\u00f3 a Batakis en reemplazo de Mart\u00edn Guzm\u00e1n La nueva ministra de Econom\u00eda ser\u00e1 Silvina Batakis confirmaron este domingo fuentes oficiales, luego de intensas negociaciones de los diferentes espacios que integran el Frente de Todos (FdT) en el marco de cambios\u2026","rel":"","context":"En \u00abEconom\u00eda\u00bb","block_context":{"text":"Econom\u00eda","link":"https:\/\/www.24baires.com\/?cat=45"},"img":{"alt_text":"","src":"https:\/\/i0.wp.com\/www.24baires.com\/wp-content\/uploads\/2022\/07\/batakis.jpg?resize=350%2C200","width":350,"height":200,"srcset":"https:\/\/i0.wp.com\/www.24baires.com\/wp-content\/uploads\/2022\/07\/batakis.jpg?resize=350%2C200 1x, https:\/\/i0.wp.com\/www.24baires.com\/wp-content\/uploads\/2022\/07\/batakis.jpg?resize=525%2C300 1.5x, https:\/\/i0.wp.com\/www.24baires.com\/wp-content\/uploads\/2022\/07\/batakis.jpg?resize=700%2C400 2x"},"classes":[]},{"id":34972,"url":"https:\/\/www.24baires.com\/?p=34972","url_meta":{"origin":119065,"position":4},"title":"Ministra Batakis: \u201cEste presupuesto hace foco en lo social\u201d","author":"Grupo Sierra","date":"10\/11\/2013","format":false,"excerpt":"La Ministra de Econom\u00eda, Silvina Batakis, sali\u00f3 al cruce de las cr\u00edticas de la oposici\u00f3n y defendi\u00f3 los principales lineamientos del proyecto de ley de presupuesto al destacar que \u201cel presupuesto 2014 no es igual al del a\u00f1o pasado como dicen desde algunos sectores, por m\u00faltiples razones, y una de\u2026","rel":"","context":"En \u00abProvincia\u00bb","block_context":{"text":"Provincia","link":"https:\/\/www.24baires.com\/?cat=40"},"img":{"alt_text":"","src":"","width":0,"height":0},"classes":[]},{"id":119053,"url":"https:\/\/www.24baires.com\/?p=119053","url_meta":{"origin":119065,"position":5},"title":"Los tres ejes que se propone Batakis para su gesti\u00f3n","author":"AF","date":"04\/07\/2022","format":false,"excerpt":"A los pocos minutos de jurar en su cargo, Batakis dijo que \"vamos a seguir el programa econ\u00f3mico del Presidente\". Tambi\u00e9n se\u00f1al\u00f3 que \"queremos una mirada federal, que incluya a todos y todas los argentinos y argentinas\". Los tres puntos principales que estableci\u00f3 para su gesti\u00f3n al frente de Econom\u00eda.\u2026","rel":"","context":"En \u00abEconom\u00eda\u00bb","block_context":{"text":"Econom\u00eda","link":"https:\/\/www.24baires.com\/?cat=45"},"img":{"alt_text":"","src":"https:\/\/i0.wp.com\/www.24baires.com\/wp-content\/uploads\/2022\/07\/Batakis-1.jpg?resize=350%2C200","width":350,"height":200,"srcset":"https:\/\/i0.wp.com\/www.24baires.com\/wp-content\/uploads\/2022\/07\/Batakis-1.jpg?resize=350%2C200 1x, https:\/\/i0.wp.com\/www.24baires.com\/wp-content\/uploads\/2022\/07\/Batakis-1.jpg?resize=525%2C300 1.5x, https:\/\/i0.wp.com\/www.24baires.com\/wp-content\/uploads\/2022\/07\/Batakis-1.jpg?resize=700%2C400 2x"},"classes":[]}],"jetpack_sharing_enabled":true,"jetpack_likes_enabled":true,"_links":{"self":[{"href":"https:\/\/www.24baires.com\/index.php?rest_route=\/wp\/v2\/posts\/119065","targetHints":{"allow":["GET"]}}],"collection":[{"href":"https:\/\/www.24baires.com\/index.php?rest_route=\/wp\/v2\/posts"}],"about":[{"href":"https:\/\/www.24baires.com\/index.php?rest_route=\/wp\/v2\/types\/post"}],"author":[{"embeddable":true,"href":"https:\/\/www.24baires.com\/index.php?rest_route=\/wp\/v2\/users\/8"}],"replies":[{"embeddable":true,"href":"https:\/\/www.24baires.com\/index.php?rest_route=%2Fwp%2Fv2%2Fcomments&post=119065"}],"version-history":[{"count":1,"href":"https:\/\/www.24baires.com\/index.php?rest_route=\/wp\/v2\/posts\/119065\/revisions"}],"predecessor-version":[{"id":119067,"href":"https:\/\/www.24baires.com\/index.php?rest_route=\/wp\/v2\/posts\/119065\/revisions\/119067"}],"wp:attachment":[{"href":"https:\/\/www.24baires.com\/index.php?rest_route=%2Fwp%2Fv2%2Fmedia&parent=119065"}],"wp:term":[{"taxonomy":"category","embeddable":true,"href":"https:\/\/www.24baires.com\/index.php?rest_route=%2Fwp%2Fv2%2Fcategories&post=119065"},{"taxonomy":"post_tag","embeddable":true,"href":"https:\/\/www.24baires.com\/index.php?rest_route=%2Fwp%2Fv2%2Ftags&post=119065"}],"curies":[{"name":"wp","href":"https:\/\/api.w.org\/{rel}","templated":true}]}}