{"id":119056,"date":"2022-07-05T19:49:30","date_gmt":"2022-07-05T22:49:30","guid":{"rendered":"http:\/\/www.24baires.com\/?p=119056"},"modified":"2022-07-05T19:49:30","modified_gmt":"2022-07-05T22:49:30","slug":"seguramente-habra-algunas-modificaciones-en-las-revisiones-del-acuerdo-con-el-fmi","status":"publish","type":"post","link":"https:\/\/www.24baires.com\/?p=119056","title":{"rendered":"\u00abSeguramente habr\u00e1 algunas modificaciones\u00bb en las revisiones del acuerdo con el FMI"},"content":{"rendered":"<p><img data-recalc-dims=\"1\" loading=\"lazy\" decoding=\"async\" class=\"aligncenter wp-image-119057\" src=\"https:\/\/i0.wp.com\/www.24baires.com\/wp-content\/uploads\/2022\/07\/62c35d28a345d_900.jpg?resize=720%2C405\" alt=\"\" width=\"720\" height=\"405\" srcset=\"https:\/\/i0.wp.com\/www.24baires.com\/wp-content\/uploads\/2022\/07\/62c35d28a345d_900.jpg?w=900&amp;ssl=1 900w, https:\/\/i0.wp.com\/www.24baires.com\/wp-content\/uploads\/2022\/07\/62c35d28a345d_900.jpg?resize=300%2C169&amp;ssl=1 300w, https:\/\/i0.wp.com\/www.24baires.com\/wp-content\/uploads\/2022\/07\/62c35d28a345d_900.jpg?resize=768%2C432&amp;ssl=1 768w\" sizes=\"auto, (max-width: 720px) 100vw, 720px\" \/>La flamante ministra de Econom\u00eda afirm\u00f3 que se debe \u00abtrabajar de manera conjunta\u00bb para cumplir con el acuerdo. \u00abViendo las metas de cada revisi\u00f3n, seguramente habr\u00e1 algunas modificaciones\u00bb, remarc\u00f3.<!--more--><\/p>\n<p>La flamante ministra de Econom\u00eda, Silvina Batakis, que \u00abseguramente habr\u00e1 algunas modificaciones\u00bb en las pr\u00f3ximas revisiones del acuerdo con el Fondo Monetario Internacional (FMI), debido a que \u00abel segundo semestre es muy complejo\u00bb con \u00abmuchos\u00bb y \u00abmuy fuertes\u00bb vencimientos.<\/p>\n<p>\u00abTenemos que ser realistas y honestos: las tensiones van a existir, pero tenemos que trabajar de manera conjunta\u00bb, ya que el acuerdo \u00abtenemos que cumplirlo\u00bb, expres\u00f3 la reemplazante de Mart\u00edn Guzm\u00e1n en di\u00e1logo esta ma\u00f1ana con la emisora El Destape Radio.<\/p>\n<p>En relaci\u00f3n con las negociaciones por la deuda, el Ministerio de Econom\u00eda busca acordar una nueva fecha de reuni\u00f3n con el Club de Par\u00eds, prevista originalmente para este mi\u00e9rcoles, pero que debi\u00f3 postergarse tras la renuncia de Mart\u00edn Guzm\u00e1n.<\/p>\n<p>Batakis remarc\u00f3 el prop\u00f3sito de \u00abcoordinar\u00bb el trabajo con \u00abtodos los organismos\u00bb del \u00e1rea econ\u00f3mica e indic\u00f3 que, con el ministro de Desarrollo Productivo, Daniel Scioli, y el presidente del Banco Central, Miguel Pesce, est\u00e1n tratando de \u00abtener una hoja de ruta\u00bb.<\/p>\n<p>Ese trabajo coordinado, a\u00f1adi\u00f3, permitir\u00e1 \u00abevitar saltos en la econom\u00eda que afectan a las empresas, pero tambi\u00e9n a la gente que se asusta con estos cambios\u00bb.<\/p>\n<p>En lo que respecta a la actividad desarrollada durante la jornada, fuentes oficiales indicaron que Batakis est\u00e1 trabajando en el Ministerio de Econom\u00eda con el objetivo de poder completar el armado de su equipo de colaboradores, el que se dar\u00e1 a conocer apenas se concrete.<\/p>\n<p>En particular, busca completar el organigrama del Ministerio con los nuevos secretarios de Hacienda, de Pol\u00edtica Tributaria, y de Pol\u00edtica Econ\u00f3mica, como tambi\u00e9n las \u00e1reas de Finanzas, de Asuntos Econ\u00f3micos Internacionales, y de Legal y Administrativa, cuyos titulares recientes conformaban el equipo de Mart\u00edn Guzm\u00e1n, as\u00ed como todas las subsecretarias del \u00e1rea.<\/p>\n<p>Un caso aparte se presenta con el secretario de Energ\u00eda, Dar\u00edo Mart\u00ednez, un dirigente del Partido Justicialista de Neuqu\u00e9n que lleg\u00f3 meses atr\u00e1s al Ministerio de Econom\u00eda tras el desprendimiento de esa \u00e1rea de la cartera de Desarrollo Productivo, que no renunci\u00f3 al cargo y espera la confirmaci\u00f3n o no de su continuidad en el gabinete de la nueva ministra.<\/p>\n<p>\u00abEsta ma\u00f1ana arranqu\u00e9 hablando con \u00e9l (por Pesce) y ayer tuve una muy buena reuni\u00f3n con el ministro de Desarrollo Productivo, Daniel Scioli\u00bb, dijo Batakis en declaraciones radiales.<\/p>\n<p>La ministra tambi\u00e9n afirm\u00f3 que \u00ablos salarios no son la causa de la inflaci\u00f3n\u00bb y reafirm\u00f3 que el prop\u00f3sito del Gobierno es \u00abno s\u00f3lo recuperar lo perdido (en t\u00e9rminos reales) sino tambi\u00e9n ganar\u00bb poder adquisitivo.<\/p>\n<p>Al respecto, record\u00f3 que, \u00aben el \u00faltimo a\u00f1o de la gesti\u00f3n anterior (encabezada por Mauricio Macri), los salarios cayeron much\u00edsimo y la inflaci\u00f3n fue del 54%\u00bb.<\/p>\n<p>En otra comparaci\u00f3n con la gesti\u00f3n de Cambiemos -hoy Juntos por el Cambio- Batakis subray\u00f3 que \u00abbajar la inflaci\u00f3n no es una pavada, como dijeron otros\u00bb, y sostuvo que no se podr\u00e1n reducir los niveles actuales \u00aba un d\u00edgito (anual) en el corto plazo\u00bb.<\/p>\n<p>Asimismo, asegur\u00f3 que el d\u00f3lar \u00abest\u00e1 en niveles competitivos\u00bb en su actual cotizaci\u00f3n oficial y que el Tipo de Cambio Multilateral (cotizaci\u00f3n promedio que se calcula en comparaci\u00f3n con las monedas de los principales socios comerciales) \u00abest\u00e1 en los niveles que tiene que estar\u00bb.<\/p>\n<p>En ese sentido, indic\u00f3 que el pa\u00eds necesita que \u00ablos exportadores exporten m\u00e1s\u00bb y que \u00abno especulen con lo que van a hacer el mes que viene\u00bb, y remarc\u00f3 que, para eso, se cuenta con un Tipo de Cambio Multilateral que est\u00e1 \u00aben niveles competitivos como en otros momentos de la Argentina\u00bb.<\/p>\n<p>Batakis dijo que iba a \u00abintentar hablar\u00bb con representantes del FMI en el transcurso de este martes y remarc\u00f3 que en el Gobierno \u00aba ninguno nos gustar\u00eda tener este di\u00e1logo, pero est\u00e1, hay un acuerdo y tenemos que cumplirlo\u00bb.<\/p>\n<p>La titular del Palacio de Hacienda advirti\u00f3 que \u00abviendo las metas de cada revisi\u00f3n, seguramente habr\u00e1 algunas modificaciones\u00bb debido a que \u00abel mundo est\u00e1 cambiando por el tema de la guerra\u00bb, con alzas en los precios internacionales que derivaron en un aumento en los montos de importaci\u00f3n de energ\u00eda.<\/p>\n<p>\u00abCreo que el segundo trimestre se cumpli\u00f3 y el segundo semestre es muy complejo, hay muchos vencimientos y muy fuertes\u00bb, manifest\u00f3.<\/p>\n<p>Al referirse a esos vencimientos, se\u00f1al\u00f3 que \u00abhay uno muy fuerte en septiembre, tambi\u00e9n en julio hay uno fuerte y eso, obviamente, va a generar tensiones\u00bb.<\/p>\n<p>\u00abTenemos que ser realistas y honestos, las tensiones van a existir, pero tenemos que trabajar de manera conjunta\u00bb para arribar a una soluci\u00f3n, sostuvo.<\/p>\n","protected":false},"excerpt":{"rendered":"<p>La flamante ministra de Econom\u00eda afirm\u00f3 que se debe \u00abtrabajar de manera conjunta\u00bb para cumplir con el acuerdo. \u00abViendo las metas de cada revisi\u00f3n, seguramente habr\u00e1 algunas modificaciones\u00bb, remarc\u00f3.<\/p>\n","protected":false},"author":4,"featured_media":0,"comment_status":"closed","ping_status":"closed","sticky":false,"template":"","format":"standard","meta":{"_jetpack_newsletter_access":"","_jetpack_dont_email_post_to_subs":false,"_jetpack_newsletter_tier_id":0,"_jetpack_memberships_contains_paywalled_content":false,"_jetpack_memberships_contains_paid_content":false,"footnotes":""},"categories":[45],"tags":[],"class_list":["post-119056","post","type-post","status-publish","format-standard","hentry","category-economia"],"jetpack_featured_media_url":"","jetpack_shortlink":"https:\/\/wp.me\/p2JWE0-uYg","jetpack-related-posts":[{"id":119325,"url":"https:\/\/www.24baires.com\/?p=119325","url_meta":{"origin":119056,"position":0},"title":"Massa asegur\u00f3 que en los \u00abpr\u00f3ximos d\u00edas\u00bb estar\u00e1 lista la segunda revisi\u00f3n del FMI","author":"AF","date":"12\/09\/2022","format":false,"excerpt":"As\u00ed lo precis\u00f3 el Ministro de Econom\u00eda en una rueda de prensa que ofreci\u00f3 en la sede de la Embajada Argentina en Washington, tras su encuentro con Kristalina Georgieva. El ministro de Econom\u00eda, Sergio Massa, afirm\u00f3 que en los \"pr\u00f3ximos d\u00edas\" estar\u00e1 finalizada la segunda revisi\u00f3n del acuerdo acuerdo alcanzado\u2026","rel":"","context":"En \u00abEconom\u00eda\u00bb","block_context":{"text":"Econom\u00eda","link":"https:\/\/www.24baires.com\/?cat=45"},"img":{"alt_text":"","src":"https:\/\/i0.wp.com\/www.24baires.com\/wp-content\/uploads\/2022\/09\/631f941e6cf2d_900.jpg?resize=350%2C200","width":350,"height":200,"srcset":"https:\/\/i0.wp.com\/www.24baires.com\/wp-content\/uploads\/2022\/09\/631f941e6cf2d_900.jpg?resize=350%2C200 1x, https:\/\/i0.wp.com\/www.24baires.com\/wp-content\/uploads\/2022\/09\/631f941e6cf2d_900.jpg?resize=525%2C300 1.5x, https:\/\/i0.wp.com\/www.24baires.com\/wp-content\/uploads\/2022\/09\/631f941e6cf2d_900.jpg?resize=700%2C400 2x"},"classes":[]},{"id":102596,"url":"https:\/\/www.24baires.com\/?p=102596","url_meta":{"origin":119056,"position":1},"title":"Dujovne anticip\u00f3 que habr\u00e1 discusi\u00f3n por salarios \u00aba cuenta\u00bb","author":"AF","date":"07\/06\/2018","format":false,"excerpt":"Tras reunirse con la c\u00fapula de la CGT, el ministro de Hacienda inform\u00f3 que se podr\u00e1n negociar aumentos salariales el mes que viene \u201ca cuenta de las cl\u00e1usulas de revisi\u00f3n\u201d de los acuerdos vigentes y \u201csiempre que haya acuerdo de las partes\u201d. Sobre el FMI dijo que la firma est\u00e1\u2026","rel":"","context":"En \u00abEconom\u00eda\u00bb","block_context":{"text":"Econom\u00eda","link":"https:\/\/www.24baires.com\/?cat=45"},"img":{"alt_text":"","src":"","width":0,"height":0},"classes":[]},{"id":120233,"url":"https:\/\/www.24baires.com\/?p=120233","url_meta":{"origin":119056,"position":2},"title":"El Gobierno argentino pagar\u00e1 vencimientos al FMI con DEG y yuanes","author":"AF","date":"29\/06\/2023","format":false,"excerpt":"De esta manera \u201cse cumple con lo que se acord\u00f3 con el Fondo y al mismo tiempo no se pondr\u00e1n en riesgo las Reservas del Banco Central\u201d, inform\u00f3 la vocera presidencial, Gabriela Cerrutti. El Ministerio de Econom\u00eda anunci\u00f3 que este viernes pagar\u00e1 al Fondo Monetario Internacional (FMI) US$ 2.700 millones,\u2026","rel":"","context":"En \u00abEconom\u00eda\u00bb","block_context":{"text":"Econom\u00eda","link":"https:\/\/www.24baires.com\/?cat=45"},"img":{"alt_text":"","src":"https:\/\/i0.wp.com\/www.24baires.com\/wp-content\/uploads\/2019\/08\/fmi.jpg?resize=350%2C200","width":350,"height":200,"srcset":"https:\/\/i0.wp.com\/www.24baires.com\/wp-content\/uploads\/2019\/08\/fmi.jpg?resize=350%2C200 1x, https:\/\/i0.wp.com\/www.24baires.com\/wp-content\/uploads\/2019\/08\/fmi.jpg?resize=525%2C300 1.5x, https:\/\/i0.wp.com\/www.24baires.com\/wp-content\/uploads\/2019\/08\/fmi.jpg?resize=700%2C400 2x"},"classes":[]},{"id":120294,"url":"https:\/\/www.24baires.com\/?p=120294","url_meta":{"origin":119056,"position":3},"title":"Argentina inici\u00f3 las negociaciones con el FMI para cerrar el acuerdo","author":"AF","date":"18\/07\/2023","format":false,"excerpt":"Funcionarios del Ministerio de Econom\u00eda ya iniciaron las reuniones con el equipo t\u00e9cnico del Fondo Monetario Internacional para acordar los detalles finales del entendimiento. Massa viajar\u00eda esta semana. El secretario de Pol\u00edtica Econ\u00f3mica, Gabriel Rubinstein; el jefe de asesores del Ministerio de Econom\u00eda, Leonardo Madcur; y el vicepresidente del Banco\u2026","rel":"","context":"En \u00abEconom\u00eda\u00bb","block_context":{"text":"Econom\u00eda","link":"https:\/\/www.24baires.com\/?cat=45"},"img":{"alt_text":"","src":"https:\/\/i0.wp.com\/www.24baires.com\/wp-content\/uploads\/2023\/06\/fmi.jpeg?resize=350%2C200","width":350,"height":200,"srcset":"https:\/\/i0.wp.com\/www.24baires.com\/wp-content\/uploads\/2023\/06\/fmi.jpeg?resize=350%2C200 1x, https:\/\/i0.wp.com\/www.24baires.com\/wp-content\/uploads\/2023\/06\/fmi.jpeg?resize=525%2C300 1.5x, https:\/\/i0.wp.com\/www.24baires.com\/wp-content\/uploads\/2023\/06\/fmi.jpeg?resize=700%2C400 2x"},"classes":[]},{"id":119419,"url":"https:\/\/www.24baires.com\/?p=119419","url_meta":{"origin":119056,"position":4},"title":"Massa viajar\u00e1 a la Asamblea del FMI y a la cumbre del G20","author":"AF","date":"05\/10\/2022","format":false,"excerpt":"El ministro de Econom\u00eda arribar\u00eda a la capital de Estados Unidos el pr\u00f3ximo mi\u00e9rcoles, con la posibilidad de que la segunda revisi\u00f3n del programa con el FMI sea aprobada por el Directorio del organismo. El ministro de Econom\u00eda, Sergio Massa, viajar\u00e1 a Washington la pr\u00f3xima semana para participar de la\u2026","rel":"","context":"En \u00abPol\u00edtica\u00bb","block_context":{"text":"Pol\u00edtica","link":"https:\/\/www.24baires.com\/?cat=51"},"img":{"alt_text":"","src":"https:\/\/i0.wp.com\/www.24baires.com\/wp-content\/uploads\/2022\/10\/massa.jpg?resize=350%2C200","width":350,"height":200,"srcset":"https:\/\/i0.wp.com\/www.24baires.com\/wp-content\/uploads\/2022\/10\/massa.jpg?resize=350%2C200 1x, https:\/\/i0.wp.com\/www.24baires.com\/wp-content\/uploads\/2022\/10\/massa.jpg?resize=525%2C300 1.5x, https:\/\/i0.wp.com\/www.24baires.com\/wp-content\/uploads\/2022\/10\/massa.jpg?resize=700%2C400 2x"},"classes":[]},{"id":119027,"url":"https:\/\/www.24baires.com\/?p=119027","url_meta":{"origin":119056,"position":5},"title":"Tras aprobar la primera revisi\u00f3n, el FMI desembols\u00f3 US$ 3.980 millones","author":"AF","date":"28\/06\/2022","format":false,"excerpt":"El organismo multilateral cumpli\u00f3 el compromiso asumido con la Argentina luego de la primera revisi\u00f3n satisfactoria del Acuerdo de Facilidades Extendidas. Las reservas del Banco Central sumaron US$ 3.980 millones tras el desembolso del Fondo Monetario Internacional (FMI), correspondiente a la aprobaci\u00f3n de la primera revisi\u00f3n del Acuerdo de Facilidades\u2026","rel":"","context":"En \u00abEconom\u00eda\u00bb","block_context":{"text":"Econom\u00eda","link":"https:\/\/www.24baires.com\/?cat=45"},"img":{"alt_text":"","src":"https:\/\/i0.wp.com\/www.24baires.com\/wp-content\/uploads\/2019\/08\/fmi.jpg?resize=350%2C200","width":350,"height":200,"srcset":"https:\/\/i0.wp.com\/www.24baires.com\/wp-content\/uploads\/2019\/08\/fmi.jpg?resize=350%2C200 1x, https:\/\/i0.wp.com\/www.24baires.com\/wp-content\/uploads\/2019\/08\/fmi.jpg?resize=525%2C300 1.5x, https:\/\/i0.wp.com\/www.24baires.com\/wp-content\/uploads\/2019\/08\/fmi.jpg?resize=700%2C400 2x"},"classes":[]}],"jetpack_sharing_enabled":true,"jetpack_likes_enabled":true,"_links":{"self":[{"href":"https:\/\/www.24baires.com\/index.php?rest_route=\/wp\/v2\/posts\/119056","targetHints":{"allow":["GET"]}}],"collection":[{"href":"https:\/\/www.24baires.com\/index.php?rest_route=\/wp\/v2\/posts"}],"about":[{"href":"https:\/\/www.24baires.com\/index.php?rest_route=\/wp\/v2\/types\/post"}],"author":[{"embeddable":true,"href":"https:\/\/www.24baires.com\/index.php?rest_route=\/wp\/v2\/users\/4"}],"replies":[{"embeddable":true,"href":"https:\/\/www.24baires.com\/index.php?rest_route=%2Fwp%2Fv2%2Fcomments&post=119056"}],"version-history":[{"count":1,"href":"https:\/\/www.24baires.com\/index.php?rest_route=\/wp\/v2\/posts\/119056\/revisions"}],"predecessor-version":[{"id":119058,"href":"https:\/\/www.24baires.com\/index.php?rest_route=\/wp\/v2\/posts\/119056\/revisions\/119058"}],"wp:attachment":[{"href":"https:\/\/www.24baires.com\/index.php?rest_route=%2Fwp%2Fv2%2Fmedia&parent=119056"}],"wp:term":[{"taxonomy":"category","embeddable":true,"href":"https:\/\/www.24baires.com\/index.php?rest_route=%2Fwp%2Fv2%2Fcategories&post=119056"},{"taxonomy":"post_tag","embeddable":true,"href":"https:\/\/www.24baires.com\/index.php?rest_route=%2Fwp%2Fv2%2Ftags&post=119056"}],"curies":[{"name":"wp","href":"https:\/\/api.w.org\/{rel}","templated":true}]}}