{"id":119053,"date":"2022-07-04T18:28:40","date_gmt":"2022-07-04T21:28:40","guid":{"rendered":"http:\/\/www.24baires.com\/?p=119053"},"modified":"2022-07-04T20:31:55","modified_gmt":"2022-07-04T23:31:55","slug":"los-tres-ejes-que-se-propone-batakis-para-su-gestion","status":"publish","type":"post","link":"https:\/\/www.24baires.com\/?p=119053","title":{"rendered":"Los tres ejes que se propone Batakis para su gesti\u00f3n"},"content":{"rendered":"<p><img data-recalc-dims=\"1\" loading=\"lazy\" decoding=\"async\" class=\"aligncenter wp-image-119054\" src=\"https:\/\/i0.wp.com\/www.24baires.com\/wp-content\/uploads\/2022\/07\/Batakis-1.jpg?resize=720%2C480\" alt=\"\" width=\"720\" height=\"480\" srcset=\"https:\/\/i0.wp.com\/www.24baires.com\/wp-content\/uploads\/2022\/07\/Batakis-1.jpg?w=960&amp;ssl=1 960w, https:\/\/i0.wp.com\/www.24baires.com\/wp-content\/uploads\/2022\/07\/Batakis-1.jpg?resize=300%2C200&amp;ssl=1 300w, https:\/\/i0.wp.com\/www.24baires.com\/wp-content\/uploads\/2022\/07\/Batakis-1.jpg?resize=768%2C512&amp;ssl=1 768w\" sizes=\"auto, (max-width: 720px) 100vw, 720px\" \/>A los pocos minutos de jurar en su cargo, Batakis dijo que \u00abvamos a seguir el programa econ\u00f3mico del Presidente\u00bb. Tambi\u00e9n se\u00f1al\u00f3 que \u00abqueremos una mirada federal, que incluya a todos y todas los argentinos y argentinas\u00bb. Los tres puntos principales que estableci\u00f3 para su gesti\u00f3n al frente de Econom\u00eda.<!--more--><\/p>\n<p>Luego de asumir su cargo formalmente, la flamante ministra de Econom\u00eda, Silvina Batakis dialog\u00f3 con la prensa en el Patio de las Palmeras, en Casa Rosada, y asegur\u00f3: \u00abVamos a seguir el programa econ\u00f3mico del Presidente\u00bb.<\/p>\n<p>\u201cEstamos convencidos de que el rumbo econ\u00f3mico de Argentina es lograr el manejo fiscal de nuestras cuentas, aumentar las exportaciones y revalorizar nuestra moneda\u00bb, se\u00f1al\u00f3 Batakis, respecto a lo que consider\u00f3 los tres ejes fundamentales de su gesti\u00f3n.<\/p>\n<p>En ese mismo sentido, la flamante ministra sum\u00f3: \u00abQueremos una mirada federal, que incluya a todos y todas los argentinos y argentinas\u00bb. Para ello, Batakis asegur\u00f3 que \u00abser\u00e1 necesario liberar las fuerzas productivas de nuestro pa\u00eds que nos permitan crecer\u00bb.<\/p>\n<p>\u00abCreo en el equilibrio fiscal\u00bb, sostuvo, para \u00abavanzar en ese sentido, con m\u00e1s puestos de trabajo y m\u00e1s exportaciones\u00bb.<\/p>\n<p>Batakis tambi\u00e9n aprovech\u00f3 la oportunidad para darle las gracias a la vicepresidenta, Cristina Fern\u00e1ndez de Kichner, al ministro de Desarrollo Productivo Daniel Scioli, y al ministro del Interior, Eduardo \u00abWado\u00bb de Pedro.<\/p>\n<p>Minutos despu\u00e9s de las 17.30, Batakis jur\u00f3 ante el presidente de la Naci\u00f3n y en presencia del presidente de la C\u00e1mara de Diputados, y varios gobernadores, gobernadoras, ministros, ministras, dirigentes sindicales y empresarios, que fueron invitados al acto de asunci\u00f3n.<\/p>\n","protected":false},"excerpt":{"rendered":"<p>A los pocos minutos de jurar en su cargo, Batakis dijo que \u00abvamos a seguir el programa econ\u00f3mico del Presidente\u00bb. Tambi\u00e9n se\u00f1al\u00f3 que \u00abqueremos una mirada federal, que incluya a todos y todas los argentinos y argentinas\u00bb. Los tres puntos principales que estableci\u00f3 para su gesti\u00f3n al frente de Econom\u00eda.<\/p>\n","protected":false},"author":4,"featured_media":0,"comment_status":"closed","ping_status":"closed","sticky":false,"template":"","format":"standard","meta":{"_jetpack_newsletter_access":"","_jetpack_dont_email_post_to_subs":false,"_jetpack_newsletter_tier_id":0,"_jetpack_memberships_contains_paywalled_content":false,"_jetpack_memberships_contains_paid_content":false,"footnotes":""},"categories":[45],"tags":[],"class_list":["post-119053","post","type-post","status-publish","format-standard","hentry","category-economia"],"jetpack_featured_media_url":"","jetpack_shortlink":"https:\/\/wp.me\/p2JWE0-uYd","jetpack-related-posts":[{"id":119049,"url":"https:\/\/www.24baires.com\/?p=119049","url_meta":{"origin":119053,"position":0},"title":"Silvina Batakis es la nueva Ministra de Econom\u00eda","author":"GB","date":"04\/07\/2022","format":false,"excerpt":"Tras largas horas de negociaciones, el presidente Alberto Fern\u00e1ndez design\u00f3 a Batakis en reemplazo de Mart\u00edn Guzm\u00e1n La nueva ministra de Econom\u00eda ser\u00e1 Silvina Batakis confirmaron este domingo fuentes oficiales, luego de intensas negociaciones de los diferentes espacios que integran el Frente de Todos (FdT) en el marco de cambios\u2026","rel":"","context":"En \u00abEconom\u00eda\u00bb","block_context":{"text":"Econom\u00eda","link":"https:\/\/www.24baires.com\/?cat=45"},"img":{"alt_text":"","src":"https:\/\/i0.wp.com\/www.24baires.com\/wp-content\/uploads\/2022\/07\/batakis.jpg?resize=350%2C200","width":350,"height":200,"srcset":"https:\/\/i0.wp.com\/www.24baires.com\/wp-content\/uploads\/2022\/07\/batakis.jpg?resize=350%2C200 1x, https:\/\/i0.wp.com\/www.24baires.com\/wp-content\/uploads\/2022\/07\/batakis.jpg?resize=525%2C300 1.5x, https:\/\/i0.wp.com\/www.24baires.com\/wp-content\/uploads\/2022\/07\/batakis.jpg?resize=700%2C400 2x"},"classes":[]},{"id":119065,"url":"https:\/\/www.24baires.com\/?p=119065","url_meta":{"origin":119053,"position":1},"title":"Batakis confirm\u00f3 la conformaci\u00f3n de una nueva canasta de precios cuidados","author":"GB","date":"07\/07\/2022","format":false,"excerpt":"Silvina Batakis sostuvo que \"el control de los precios es uno de los mecanismos para controlar la inflaci\u00f3n\" La ministra de Econom\u00eda Silvina Batakis confirm\u00f3 que se encuentra trabajando en una nueva canasta de bienes y servicios de Precios Cuidados y asegur\u00f3 que \"el control de los precios es uno\u2026","rel":"","context":"En \u00abEconom\u00eda\u00bb","block_context":{"text":"Econom\u00eda","link":"https:\/\/www.24baires.com\/?cat=45"},"img":{"alt_text":"","src":"https:\/\/i0.wp.com\/www.24baires.com\/wp-content\/uploads\/2022\/07\/silvina-batakisjpg.jpg?resize=350%2C200","width":350,"height":200,"srcset":"https:\/\/i0.wp.com\/www.24baires.com\/wp-content\/uploads\/2022\/07\/silvina-batakisjpg.jpg?resize=350%2C200 1x, https:\/\/i0.wp.com\/www.24baires.com\/wp-content\/uploads\/2022\/07\/silvina-batakisjpg.jpg?resize=525%2C300 1.5x, https:\/\/i0.wp.com\/www.24baires.com\/wp-content\/uploads\/2022\/07\/silvina-batakisjpg.jpg?resize=700%2C400 2x"},"classes":[]},{"id":119132,"url":"https:\/\/www.24baires.com\/?p=119132","url_meta":{"origin":119053,"position":2},"title":"Batakis y Georgieva se reunir\u00e1n en Washington","author":"AF","date":"22\/07\/2022","format":false,"excerpt":"La ministra de Econom\u00eda tambi\u00e9n se reunir\u00e1 con altos funcionarios del Tesoro de los Estados Unidos y con ejecutivos del Banco Mundial. La ministra de Econom\u00eda, Silvina Batakis, ser\u00e1 recibida el lunes pr\u00f3ximo en Washington por la directora Gerente del Fondo Monetario Internacional (FMI), Kristalina Georgieva, adelantaron fuentes oficiales. El\u2026","rel":"","context":"En \u00abEconom\u00eda\u00bb","block_context":{"text":"Econom\u00eda","link":"https:\/\/www.24baires.com\/?cat=45"},"img":{"alt_text":"","src":"https:\/\/i0.wp.com\/www.24baires.com\/wp-content\/uploads\/2016\/04\/fmi.jpg?resize=350%2C200","width":350,"height":200,"srcset":"https:\/\/i0.wp.com\/www.24baires.com\/wp-content\/uploads\/2016\/04\/fmi.jpg?resize=350%2C200 1x, https:\/\/i0.wp.com\/www.24baires.com\/wp-content\/uploads\/2016\/04\/fmi.jpg?resize=525%2C300 1.5x, https:\/\/i0.wp.com\/www.24baires.com\/wp-content\/uploads\/2016\/04\/fmi.jpg?resize=700%2C400 2x"},"classes":[]},{"id":119056,"url":"https:\/\/www.24baires.com\/?p=119056","url_meta":{"origin":119053,"position":3},"title":"\u00abSeguramente habr\u00e1 algunas modificaciones\u00bb en las revisiones del acuerdo con el FMI","author":"AF","date":"05\/07\/2022","format":false,"excerpt":"La flamante ministra de Econom\u00eda afirm\u00f3 que se debe \"trabajar de manera conjunta\" para cumplir con el acuerdo. \"Viendo las metas de cada revisi\u00f3n, seguramente habr\u00e1 algunas modificaciones\", remarc\u00f3. La flamante ministra de Econom\u00eda, Silvina Batakis, que \"seguramente habr\u00e1 algunas modificaciones\" en las pr\u00f3ximas revisiones del acuerdo con el Fondo\u2026","rel":"","context":"En \u00abEconom\u00eda\u00bb","block_context":{"text":"Econom\u00eda","link":"https:\/\/www.24baires.com\/?cat=45"},"img":{"alt_text":"","src":"https:\/\/i0.wp.com\/www.24baires.com\/wp-content\/uploads\/2022\/07\/62c35d28a345d_900.jpg?resize=350%2C200","width":350,"height":200,"srcset":"https:\/\/i0.wp.com\/www.24baires.com\/wp-content\/uploads\/2022\/07\/62c35d28a345d_900.jpg?resize=350%2C200 1x, https:\/\/i0.wp.com\/www.24baires.com\/wp-content\/uploads\/2022\/07\/62c35d28a345d_900.jpg?resize=525%2C300 1.5x, https:\/\/i0.wp.com\/www.24baires.com\/wp-content\/uploads\/2022\/07\/62c35d28a345d_900.jpg?resize=700%2C400 2x"},"classes":[]},{"id":75002,"url":"https:\/\/www.24baires.com\/?p=75002","url_meta":{"origin":119053,"position":4},"title":"Batakis: \u00abLa oposici\u00f3n propone una devaluaci\u00f3n que perjudicar\u00e1 a los trabajadores\u00bb","author":"GB","date":"13\/11\/2015","format":false,"excerpt":"La ministra de Econom\u00eda, Silvina Batakis, estuvo en Almirante Brown para hablar con empresarios de PyMES y tuvo nuevas definiciones con cr\u00edticas para Cambiemos, acompa\u00f1ado por el flamante Intendente electo del pago chico, Mariano Cascallares. \"Se logr\u00f3 construir un c\u00edrculo virtuoso que permiti\u00f3 generar puestos de trabajo, dinamizar la econom\u00eda,\u2026","rel":"","context":"En \u00abElecciones 2015\u00bb","block_context":{"text":"Elecciones 2015","link":"https:\/\/www.24baires.com\/?cat=74"},"img":{"alt_text":"Silvina-Batakis","src":"https:\/\/i0.wp.com\/www.24baires.com\/wp-content\/uploads\/2014\/01\/Silvina-Batakis.jpg?resize=350%2C200","width":350,"height":200,"srcset":"https:\/\/i0.wp.com\/www.24baires.com\/wp-content\/uploads\/2014\/01\/Silvina-Batakis.jpg?resize=350%2C200 1x, https:\/\/i0.wp.com\/www.24baires.com\/wp-content\/uploads\/2014\/01\/Silvina-Batakis.jpg?resize=525%2C300 1.5x"},"classes":[]},{"id":119137,"url":"https:\/\/www.24baires.com\/?p=119137","url_meta":{"origin":119053,"position":5},"title":"Georgieva calific\u00f3 como \u00abproductiva\u00bb la reuni\u00f3n que tuvo con Batakis","author":"AF","date":"25\/07\/2022","format":false,"excerpt":"As\u00ed lo defini\u00f3 la directora Gerente del Fondo Monetario Internacional (FMI) a trav\u00e9s de su cuenta de Twitter, donde adem\u00e1s destac\u00f3 que coincidieron \"en la importancia de la implementaci\u00f3n decisiva del programa para abordar los desaf\u00edos econ\u00f3micos y sociales de Argentina\". La directora Gerente del Fondo Monetario Internacional (FMI), Kristalina\u2026","rel":"","context":"En \u00abEconom\u00eda\u00bb","block_context":{"text":"Econom\u00eda","link":"https:\/\/www.24baires.com\/?cat=45"},"img":{"alt_text":"","src":"https:\/\/i0.wp.com\/www.24baires.com\/wp-content\/uploads\/2022\/07\/batakis-georgieva.jpg?resize=350%2C200","width":350,"height":200,"srcset":"https:\/\/i0.wp.com\/www.24baires.com\/wp-content\/uploads\/2022\/07\/batakis-georgieva.jpg?resize=350%2C200 1x, https:\/\/i0.wp.com\/www.24baires.com\/wp-content\/uploads\/2022\/07\/batakis-georgieva.jpg?resize=525%2C300 1.5x, https:\/\/i0.wp.com\/www.24baires.com\/wp-content\/uploads\/2022\/07\/batakis-georgieva.jpg?resize=700%2C400 2x"},"classes":[]}],"jetpack_sharing_enabled":true,"jetpack_likes_enabled":true,"_links":{"self":[{"href":"https:\/\/www.24baires.com\/index.php?rest_route=\/wp\/v2\/posts\/119053","targetHints":{"allow":["GET"]}}],"collection":[{"href":"https:\/\/www.24baires.com\/index.php?rest_route=\/wp\/v2\/posts"}],"about":[{"href":"https:\/\/www.24baires.com\/index.php?rest_route=\/wp\/v2\/types\/post"}],"author":[{"embeddable":true,"href":"https:\/\/www.24baires.com\/index.php?rest_route=\/wp\/v2\/users\/4"}],"replies":[{"embeddable":true,"href":"https:\/\/www.24baires.com\/index.php?rest_route=%2Fwp%2Fv2%2Fcomments&post=119053"}],"version-history":[{"count":1,"href":"https:\/\/www.24baires.com\/index.php?rest_route=\/wp\/v2\/posts\/119053\/revisions"}],"predecessor-version":[{"id":119055,"href":"https:\/\/www.24baires.com\/index.php?rest_route=\/wp\/v2\/posts\/119053\/revisions\/119055"}],"wp:attachment":[{"href":"https:\/\/www.24baires.com\/index.php?rest_route=%2Fwp%2Fv2%2Fmedia&parent=119053"}],"wp:term":[{"taxonomy":"category","embeddable":true,"href":"https:\/\/www.24baires.com\/index.php?rest_route=%2Fwp%2Fv2%2Fcategories&post=119053"},{"taxonomy":"post_tag","embeddable":true,"href":"https:\/\/www.24baires.com\/index.php?rest_route=%2Fwp%2Fv2%2Ftags&post=119053"}],"curies":[{"name":"wp","href":"https:\/\/api.w.org\/{rel}","templated":true}]}}